{"id":14884,"date":"2022-10-28T14:46:14","date_gmt":"2022-10-28T17:46:14","guid":{"rendered":"https:\/\/www.ovg.org.br\/site\/?p=14884"},"modified":"2022-10-28T14:48:54","modified_gmt":"2022-10-28T17:48:54","slug":"governo-de-goias-celebra-um-ano-do-programa-nutrebem-com-650-mil-refeicoes-doadas","status":"publish","type":"post","link":"https:\/\/www.ovg.org.br\/site\/?p=14884","title":{"rendered":"Governo de Goi\u00e1s celebra um ano do Programa NutreBem com 650 mil refei\u00e7\u00f5es doadas"},"content":{"rendered":"\n<p><strong>Lucas Dellamare<\/strong><\/p>\n\n\n\n<p>Lan\u00e7ado em outubro de 2021 pelo governador Ronaldo Caiado, o Programa NutreBem completa um ano de atividades com a marca de 650 mil refei\u00e7\u00f5es do Mix do Bem doadas a fam\u00edlias em vulnerabilidade social de todo o Estado. A iniciativa, que \u00e9 executada pela Organiza\u00e7\u00e3o das Volunt\u00e1rias de Goi\u00e1s (OVG) e pelo Gabinete de Pol\u00edticas Sociais (GPS), j\u00e1 distribuiu 75 mil pacotes de alimentos nos \u00faltimos 12 meses, incluindo as frutas desidratadas e os legumes embalados a v\u00e1cuo.<\/p>\n\n\n\n<p>Caiado destaca que o Governo de Goi\u00e1s est\u00e1 atento \u00e0s necessidades das fam\u00edlias goianas, por isso os servi\u00e7os oferecidos pelo Banco de Alimentos da OVG foram ampliados h\u00e1 um ano, com a cria\u00e7\u00e3o do NutreBem. \u201cEstamos garantindo o padr\u00e3o nutricional, com a reposi\u00e7\u00e3o de minerais e de nutrientes necess\u00e1rios para manter a pessoa alimentada durante o seu dia\u201d, declara.<\/p>\n\n\n\n<p>\u201c\u00c9 uma alegria muito grande celebrar esse primeiro ano do NutreBem, essa iniciativa t\u00e3o importante que \u00e9 desenvolvida no Banco de Alimentos da OVG. Eu n\u00e3o me canso de dizer que antes desse programa n\u00f3s n\u00e3o consegu\u00edamos levar as frutas e as hortali\u00e7as at\u00e9 os munic\u00edpios mais distantes, por serem muito perec\u00edveis. Mas, agora, podemos tratar esses alimentos e lev\u00e1-los a quem mais precisa, independentemente de onde essa fam\u00edlia resida. \u00c9 com a\u00e7\u00f5es como essa que garantimos dignidade e qualidade de vida \u00e0s pessoas\u201d, refor\u00e7a a presidente de honra da OVG e coordenadora do Gabinete de Pol\u00edticas Sociais, primeira-dama Gracinha Caiado.<\/p>\n\n\n\n<p>O Mix do Bem \u00e9 um alimento saboroso e de f\u00e1cil preparo, com arroz, prote\u00edna de soja, cenoura, tomate, alho e cebola desidratados, al\u00e9m de oferecer frutas, como abacaxi, ma\u00e7\u00e3 e banana desidratadas, e legumes descascados, higienizados e embalados a v\u00e1cuo. Uma vez que passam por este processo, os alimentos ganham uma vida \u00fatil maior, o que possibilita a chegada \u00e0s comunidades mais afastadas.<\/p>\n\n\n\n<figure class=\"wp-block-gallery has-nested-images columns-default is-cropped wp-block-gallery-1 is-layout-flex wp-block-gallery-is-layout-flex\">\n<figure class=\"wp-block-image size-large\"><img loading=\"lazy\" decoding=\"async\" width=\"1024\" height=\"682\" data-id=\"14886\" src=\"https:\/\/www.ovg.org.br\/site\/wp-content\/uploads\/2022\/10\/WhatsApp-Image-2022-10-28-at-14.42.43-1024x682.jpeg\" alt=\"\" class=\"wp-image-14886\" srcset=\"https:\/\/www.ovg.org.br\/site\/wp-content\/uploads\/2022\/10\/WhatsApp-Image-2022-10-28-at-14.42.43-1024x682.jpeg 1024w, https:\/\/www.ovg.org.br\/site\/wp-content\/uploads\/2022\/10\/WhatsApp-Image-2022-10-28-at-14.42.43-300x200.jpeg 300w, https:\/\/www.ovg.org.br\/site\/wp-content\/uploads\/2022\/10\/WhatsApp-Image-2022-10-28-at-14.42.43-768x512.jpeg 768w, https:\/\/www.ovg.org.br\/site\/wp-content\/uploads\/2022\/10\/WhatsApp-Image-2022-10-28-at-14.42.43.jpeg 1280w\" sizes=\"auto, (max-width: 1024px) 100vw, 1024px\" \/><figcaption>Governo de Goi\u00e1s j\u00e1 distribuiu 650 mil refei\u00e7\u00f5es do Mix do Bem, que \u00e9 um alimento completo e nutritivo com arroz, prote\u00edna de soja, cenoura, tomate, alho e cebola desidratados e n\u00e3o cont\u00e9m gorduras trans, saturadas ou lactose<\/figcaption><\/figure>\n<\/figure>\n\n\n\n<p>Entre as fam\u00edlias cadastradas e atendidas pelo Banco de Alimentos est\u00e1 a da faxineira Suellen Kopper, 32 anos. Para ela, o pacotinho do alimento, que rende 10 refei\u00e7\u00f5es, fez toda a diferen\u00e7a na mesa da fam\u00edlia, que inclui o filho de quatro anos e a m\u00e3e idosa. \u201cMeu ganho mensal n\u00e3o passa de R$ 600. Pago R$ 540 de aluguel. Nem sei o que seria na nossa vida sem essa ajuda do Banco de Alimentos. Gra\u00e7as ao Governo de Goi\u00e1s e \u00e0 OVG podemos ter uma vida mais digna, com comida no prato\u201d, relata Suellen, que al\u00e9m do Mix tamb\u00e9m recebe frutas, verduras e legumes in natura.<\/p>\n\n\n\n<p>Para a diretora-geral da OVG, Adryanna Melo Caiado, o Programa NutreBem \u00e9 um avan\u00e7o na luta contra a inseguran\u00e7a alimentar. \u201cCom essa a\u00e7\u00e3o, garantimos a seguran\u00e7a alimentar de milhares de fam\u00edlias goianas, muitas delas que sequer teriam o que comer. Nossa miss\u00e3o \u00e9 essa: ajudar efetivamente quem precisa e de forma humana, levando um alimento saboroso e, especialmente, saud\u00e1vel. Isso \u00e9 fazer o bem de verdade\u201d, diz.<\/p>\n\n\n\n<p><strong>Banco de Alimentos<br><\/strong>O Banco de Alimentos da OVG funciona em parceria com a Secretaria de Estado de Agricultura, Pecu\u00e1ria e Abastecimento (Seapa) e Centrais de Abastecimento de Goi\u00e1s (Ceasa-GO) e j\u00e1 distribuiu mais de 4 milh\u00f5es de quilos de frutas, verduras e legumes in natura a fam\u00edlias vulner\u00e1veis e entidades sociais. Os alimentos s\u00e3o doados \u00e0 OVG por concession\u00e1rios, permission\u00e1rios e pequenos produtores e, antes de serem repassados \u00e0s fam\u00edlias, s\u00e3o selecionados e higienizados.<\/p>\n\n\n\n<p><br><strong>Organiza\u00e7\u00e3o das Volunt\u00e1rias de Goi\u00e1s &#8211; OVG<\/strong><\/p>\n","protected":false},"excerpt":{"rendered":"<p>Iniciativa funciona no Banco de Alimentos da Organiza\u00e7\u00e3o das Volunt\u00e1rias de Goi\u00e1s e j\u00e1 distribuiu 75 mil pacotes de alimentos desde outubro de 2021. Programa amplia a\u00e7\u00f5es de seguran\u00e7a alimentar da gest\u00e3o estadual <\/p>\n","protected":false},"author":8,"featured_media":14885,"comment_status":"closed","ping_status":"closed","sticky":false,"template":"","format":"standard","meta":{"_acf_changed":false,"footnotes":""},"categories":[1],"tags":[],"class_list":["post-14884","post","type-post","status-publish","format-standard","has-post-thumbnail","hentry","category-noticias-ovg"],"acf":[],"_links":{"self":[{"href":"https:\/\/www.ovg.org.br\/site\/index.php?rest_route=\/wp\/v2\/posts\/14884","targetHints":{"allow":["GET"]}}],"collection":[{"href":"https:\/\/www.ovg.org.br\/site\/index.php?rest_route=\/wp\/v2\/posts"}],"about":[{"href":"https:\/\/www.ovg.org.br\/site\/index.php?rest_route=\/wp\/v2\/types\/post"}],"author":[{"embeddable":true,"href":"https:\/\/www.ovg.org.br\/site\/index.php?rest_route=\/wp\/v2\/users\/8"}],"replies":[{"embeddable":true,"href":"https:\/\/www.ovg.org.br\/site\/index.php?rest_route=%2Fwp%2Fv2%2Fcomments&post=14884"}],"version-history":[{"count":4,"href":"https:\/\/www.ovg.org.br\/site\/index.php?rest_route=\/wp\/v2\/posts\/14884\/revisions"}],"predecessor-version":[{"id":14890,"href":"https:\/\/www.ovg.org.br\/site\/index.php?rest_route=\/wp\/v2\/posts\/14884\/revisions\/14890"}],"wp:featuredmedia":[{"embeddable":true,"href":"https:\/\/www.ovg.org.br\/site\/index.php?rest_route=\/wp\/v2\/media\/14885"}],"wp:attachment":[{"href":"https:\/\/www.ovg.org.br\/site\/index.php?rest_route=%2Fwp%2Fv2%2Fmedia&parent=14884"}],"wp:term":[{"taxonomy":"category","embeddable":true,"href":"https:\/\/www.ovg.org.br\/site\/index.php?rest_route=%2Fwp%2Fv2%2Fcategories&post=14884"},{"taxonomy":"post_tag","embeddable":true,"href":"https:\/\/www.ovg.org.br\/site\/index.php?rest_route=%2Fwp%2Fv2%2Ftags&post=14884"}],"curies":[{"name":"wp","href":"https:\/\/api.w.org\/{rel}","templated":true}]}}