{"id":14896,"date":"2022-10-31T13:45:44","date_gmt":"2022-10-31T16:45:44","guid":{"rendered":"https:\/\/www.ovg.org.br\/site\/?p=14896"},"modified":"2022-11-03T09:39:10","modified_gmt":"2022-11-03T12:39:10","slug":"ovg-chega-aos-seus-75-anos-maior-do-que-nunca-afirma-gracinha-caiado-no-aniversario-da-entidade","status":"publish","type":"post","link":"https:\/\/www.ovg.org.br\/site\/?p=14896","title":{"rendered":"&#8220;OVG chega aos seus 75 anos maior do que nunca&#8221;, afirma Gracinha Caiado"},"content":{"rendered":"\n<p><strong>Elis\u00e2ngela Vieira<\/strong><\/p>\n\n\n\n<p>A Organiza\u00e7\u00e3o das Volunt\u00e1rias de Goi\u00e1s (OVG) celebrou durante evento na manh\u00e3 desta segunda-feira (31\/10), na sede da entidade em Goi\u00e2nia, seus 75 anos de funda\u00e7\u00e3o como uma das maiores institui\u00e7\u00f5es sociais do Pa\u00eds. Presente no evento, a presidente de honra da OVG e coordenadora do Gabinete de Pol\u00edticas Sociais (GPS), primeira-dama Gracinha Caiado, destacou a atua\u00e7\u00e3o da entidade em todos os 246 munic\u00edpios do Estado e agradeceu o esfor\u00e7o de toda a equipe pelo trabalho dos \u00faltimos anos. &#8220;\u00c9 em nome de cada um que faz parte desta grande fam\u00edlia, deste enorme time do bem, que hoje eu afirmo que a OVG chega aos seus 75 anos maior do que nunca, e que estamos prontos para alcan\u00e7ar voos ainda mais altos&#8221;, destacou.<\/p>\n\n\n\n<p>A OVG chega aos seus 75 anos com mais de 4,5 milh\u00f5es de atendimentos por ano. S\u00e3o fam\u00edlias em situa\u00e7\u00e3o de vulnerabilidade social cuidadas pelo Governo Estadual com carinho, cuidado e respeito. Em 2019, a organiza\u00e7\u00e3o passou por uma revis\u00e3o de seus protocolos de atendimento e, hoje, atende a um n\u00famero de goianos 340% maior que o registrado at\u00e9 2018. Tudo isso fruto de um investimento de R$ 570 milh\u00f5es por parte do Governo de Goi\u00e1s.<\/p>\n\n\n\n<p>&#8220;Em 2019, n\u00f3s assumimos o governo com a miss\u00e3o de devolver a OVG aos goianos, como bem diz o nosso governador. Assumimos com o compromisso de fazer da OVG maior e melhor. Hoje, depois de quatro anos, posso dizer com muito orgulho que assim o fizemos. Hoje n\u00f3s devemos comemorar sim, com muito orgulho, esses 75 anos da OVG, porque \u00e9 realmente gratificante fazer parte desse time. Mas melhor do que comemorar e reconhecer tudo que fizemos, \u00e9 saber que temos ainda mais motivos para acreditar que os pr\u00f3ximos anos ser\u00e3o muito melhores &#8220;, destacou Gracinha Caiado, durante discurso.<\/p>\n\n\n\n<p>Nos \u00faltimos quatro anos, a institui\u00e7\u00e3o prestou 15 milh\u00f5es de atendimentos em todos os 246 munic\u00edpios goianos, incluindo a doa\u00e7\u00e3o de mais de um milh\u00e3o de cestas b\u00e1sicas da Campanha de Combate \u00e0 Propaga\u00e7\u00e3o do Coronav\u00edrus, mais de 4 milh\u00f5es de quilos de frutas, verduras e legumes no Banco de Alimentos e de 650 mil refei\u00e7\u00f5es do Mix do Bem. A OVG ainda serviu 11 milh\u00f5es de refei\u00e7\u00f5es no Restaurante do Bem e doou quase 300 mil marmitas a pessoas em situa\u00e7\u00e3o de rua e refugiados venezuelanos de Goi\u00e2nia, Luzi\u00e2nia e Jaragu\u00e1. Tamb\u00e9m foram distribu\u00eddos donativos, como cadeiras de rodas, muletas, bengalas, colch\u00f5es especiais, fraldas descart\u00e1veis geri\u00e1tricas e infantis, absorventes \u00edntimos, malha compressiva para v\u00edtimas de queimaduras, filtros de barro para \u00e1gua e kits de enxoval para beb\u00ea, entre outros.<\/p>\n\n\n\n<p>Com o ProBem, a organiza\u00e7\u00e3o ofertou bolsas de estudo parciais e integrais a 30 mil estudantes de todo o Estado. A entidade tamb\u00e9m foi respons\u00e1vel pela mobiliza\u00e7\u00e3o e forma\u00e7\u00e3o de mais de 15 mil volunt\u00e1rios que multiplicam o bem em institui\u00e7\u00f5es sociais parcerias, pelo acolhimento de tr\u00eas mil pessoas em tratamento de sa\u00fade na capital, entre pacientes e acompanhantes, na Casa do Interior de Goi\u00e1s (Cigo), e distribuiu 1,6 milh\u00e3o de brinquedos do Natal do Bem.<\/p>\n\n\n\n<p>Para a diretora-geral da OVG, Adryanna Melo Caiado, os n\u00fameros representam o compromisso do Governo de Goi\u00e1s com a assist\u00eancia social, desenvolvida sem interrup\u00e7\u00e3o durante a pandemia de Covid19. \u201cSabemos que o que fazemos aqui \u00e9 um servi\u00e7o essencial. Por isso, n\u00e3o paramos nem um dia sequer durante a pandemia. \u00c9 com orgulho que digo que levamos cestas b\u00e1sicas na porta das casas, passamos a servir marmitas nos Restaurantes do Bem para garantir que as refei\u00e7\u00f5es chegassem a quem precisa e ainda doamos m\u00e1scaras e \u00e1lcool para quem n\u00e3o tinha condi\u00e7\u00f5es de comprar\u201d, destaca a diretora.<\/p>\n\n\n\n<p>Os servi\u00e7os oferecidos pela OVG alcan\u00e7am fam\u00edlias inteiras, desde a gesta\u00e7\u00e3o, com o Programa Meninas de Luz, passando pela adolesc\u00eancia, com o Centro da Juventude Tecendo o Futuro, e chegando \u00e0 forma\u00e7\u00e3o superior, com o Programa Universit\u00e1rio do Bem (ProBem). J\u00e1 para as pessoas idosas, a institui\u00e7\u00e3o oferece atendimentos na modalidade Centro Dia, Casa Lar e Institui\u00e7\u00e3o de Longa Perman\u00eancia para Idosos (ILPI) nos Centros de Idosos Vila Vida e Sagrada Fam\u00edlia e nos Espa\u00e7os Bem Viver I e II.<\/p>\n\n\n\n<p>Tamb\u00e9m participaram do evento desta segunda-feira (31\/10) a secret\u00e1ria de Economia, Cristiane Schmidt; o secret\u00e1rio de Desenvolvimento Social, Wellington Matos; o secret\u00e1rio de Ind\u00fastria e Com\u00e9rcio, Joel Sant&#8217;Anna Braga Filho; o comandante geral do Corpo de Bombeiros, Coronel Washington; e o comandante geral da Pol\u00edcia Militar, Coronel Andr\u00e9; dentre outras autoridades estaduais.<\/p>\n\n\n\n<p><strong>Organiza\u00e7\u00e3o das Volunt\u00e1rias de Goi\u00e1s (OVG)<\/strong><\/p>\n","protected":false},"excerpt":{"rendered":"<p>Com 4,5 milh\u00f5es de atendimentos por ano, n\u00famero que cresceu 340% na atual gest\u00e3o, a Organiza\u00e7\u00e3o das Volunt\u00e1rias de Goi\u00e1s (OVG) celebrou 75 anos como uma das maiores institui\u00e7\u00f5es sociais do Pa\u00eds<\/p>\n","protected":false},"author":8,"featured_media":14897,"comment_status":"closed","ping_status":"closed","sticky":false,"template":"","format":"standard","meta":{"_acf_changed":false,"footnotes":""},"categories":[1],"tags":[],"class_list":["post-14896","post","type-post","status-publish","format-standard","has-post-thumbnail","hentry","category-noticias-ovg"],"acf":[],"_links":{"self":[{"href":"https:\/\/www.ovg.org.br\/site\/index.php?rest_route=\/wp\/v2\/posts\/14896","targetHints":{"allow":["GET"]}}],"collection":[{"href":"https:\/\/www.ovg.org.br\/site\/index.php?rest_route=\/wp\/v2\/posts"}],"about":[{"href":"https:\/\/www.ovg.org.br\/site\/index.php?rest_route=\/wp\/v2\/types\/post"}],"author":[{"embeddable":true,"href":"https:\/\/www.ovg.org.br\/site\/index.php?rest_route=\/wp\/v2\/users\/8"}],"replies":[{"embeddable":true,"href":"https:\/\/www.ovg.org.br\/site\/index.php?rest_route=%2Fwp%2Fv2%2Fcomments&post=14896"}],"version-history":[{"count":3,"href":"https:\/\/www.ovg.org.br\/site\/index.php?rest_route=\/wp\/v2\/posts\/14896\/revisions"}],"predecessor-version":[{"id":14964,"href":"https:\/\/www.ovg.org.br\/site\/index.php?rest_route=\/wp\/v2\/posts\/14896\/revisions\/14964"}],"wp:featuredmedia":[{"embeddable":true,"href":"https:\/\/www.ovg.org.br\/site\/index.php?rest_route=\/wp\/v2\/media\/14897"}],"wp:attachment":[{"href":"https:\/\/www.ovg.org.br\/site\/index.php?rest_route=%2Fwp%2Fv2%2Fmedia&parent=14896"}],"wp:term":[{"taxonomy":"category","embeddable":true,"href":"https:\/\/www.ovg.org.br\/site\/index.php?rest_route=%2Fwp%2Fv2%2Fcategories&post=14896"},{"taxonomy":"post_tag","embeddable":true,"href":"https:\/\/www.ovg.org.br\/site\/index.php?rest_route=%2Fwp%2Fv2%2Ftags&post=14896"}],"curies":[{"name":"wp","href":"https:\/\/api.w.org\/{rel}","templated":true}]}}