{"id":15115,"date":"2022-11-09T12:39:07","date_gmt":"2022-11-09T15:39:07","guid":{"rendered":"https:\/\/www.ovg.org.br\/site\/?p=15115"},"modified":"2022-11-09T12:42:57","modified_gmt":"2022-11-09T15:42:57","slug":"gracinha-caiado-inicia-distribuicao-de-525-mil-brinquedos-da-campanha-natal-do-bem-2022","status":"publish","type":"post","link":"https:\/\/www.ovg.org.br\/site\/?p=15115","title":{"rendered":"<strong>Gracinha Caiado inicia distribui\u00e7\u00e3o de 525 mil brinquedos da campanha Natal do Bem 2022<\/strong>"},"content":{"rendered":"\n<p><\/p>\n\n\n\n<p>A coordenadora do Gabinete de Pol\u00edticas Sociais (GPS) e presidente de honra da Organiza\u00e7\u00e3o das Volunt\u00e1rias de Goi\u00e1s (OVG), primeira-dama Gracinha Caiado, iniciou nesta quarta-feira (09\/11), em Goi\u00e2nia, a distribui\u00e7\u00e3o de 525 mil brinquedos da campanha Natal do Bem. Eles ser\u00e3o destinados aos 246 munic\u00edpios de Goi\u00e1s, de acordo com a popula\u00e7\u00e3o em situa\u00e7\u00e3o de vulnerabilidade de cada cidade.<\/p>\n\n\n\n<p><\/p>\n\n\n\n<p>Acompanhada da equipe respons\u00e1vel pela \u00e1rea social do Governo de Goi\u00e1s, a primeira-dama vistoriou o centro de distribui\u00e7\u00e3o montado na sede da Ind\u00fastria Qu\u00edmica do Estado de Goi\u00e1s (Iquego). At\u00e9 o dia 13 de dezembro, em parceria com as prefeituras, ser\u00e3o entregues donativos como bolas, bonecas e carrinhos. \u201cO Natal \u00e9 a melhor forma que temos de finalizar o ano, dizendo aos 7,2 milh\u00f5es de goianos que \u00e9 um momento de amor, esperan\u00e7a, f\u00e9, fam\u00edlia e de uni\u00e3o para que possamos iniciar 2023 com mais oportunidades\u201d, declarou Gracinha Caiado.<\/p>\n\n\n\n<p><\/p>\n\n\n\n<p>O objetivo da campanha Natal do Bem \u00e9 proporcionar dignidade e alegria para as fam\u00edlias mais carentes do Estado. \u201cTudo est\u00e1 sendo feito com anteced\u00eancia, com carinho e amor para que as crian\u00e7as recebam esses presentes do Papai Noel\u201d, destacou a primeira-dama do Estado. \u201c\u00c9 desta forma que temos a chance de dizer a essas 500 mil crian\u00e7as um feliz Natal. \u00c9 esse o papel da OVG, oportunizar \u00e0s fam\u00edlias carentes a alegria no dia de Natal\u201d, acrescentou.<\/p>\n\n\n\n<p><\/p>\n\n\n\n<p>\u201cOs munic\u00edpios est\u00e3o recebendo as datas nas quais v\u00e3o vir buscar e, como de costume, com esses brinquedos, far\u00e3o a festa em suas cidades\u201d, afirmou a diretora-geral da OVG, Adryanna Melo Caiado. \u201cO que queremos \u00e9 que as crian\u00e7as mais vulner\u00e1veis do nosso Estado tenham direito de brincar\u201d, sublinhou. O presidente da Associa\u00e7\u00e3o Goiana dos Munic\u00edpios (AGM), Carl\u00e3o da Fox, ressaltou a soma de esfor\u00e7os para o Natal. \u201c\u00c9 uma ajuda que a OVG faz de forma indistinta aos 246 munic\u00edpios de Goi\u00e1s. Quando as crian\u00e7as recebem os brinquedos, demonstramos todo o carinho que temos para atender a nossa popula\u00e7\u00e3o\u201d, declarou.<\/p>\n\n\n\n<p><\/p>\n\n\n\n<p>Dentro do planejamento, os primeiros munic\u00edpios contemplados s\u00e3o Rio Verde, Valpara\u00edso de Goi\u00e1s e Trindade. \u201cSe dependesse s\u00f3 das cidades, n\u00f3s n\u00e3o conseguir\u00edamos atingir todas essas crian\u00e7as\u201d, afirmou o prefeito de Trindade, Marden Junior, munic\u00edpio que j\u00e1 recebeu hoje 12 mil donativos. J\u00e1 para Rio Verde foram 20 mil brinquedos. \u201cTem um simbolismo muito grande, mostra que o administrador tem que ter essa sensibilidade\u201d, disse o prefeito Paulo do Vale. O prefeito P\u00e1bio Mossor\u00f3 tamb\u00e9m agradeceu o apoio para Valpara\u00edso de Goi\u00e1s, que leva cerca de 15 mil itens.<\/p>\n\n\n\n<p><\/p>\n\n\n\n<p>Com a nova remessa de brinquedos deste ano, o Natal do Bem ultrapassa a marca de 2,1 milh\u00f5es de brinquedos doados a crian\u00e7as de todo o Estado desde 2019, em um investimento de mais de R$ 37 milh\u00f5es nos \u00faltimos quatro anos.<\/p>\n\n\n\n<p><\/p>\n\n\n\n<figure class=\"wp-block-image size-large\"><img loading=\"lazy\" decoding=\"async\" width=\"1024\" height=\"682\" src=\"https:\/\/www.ovg.org.br\/site\/wp-content\/uploads\/2022\/11\/interna-2-1024x682.jpg\" alt=\"\" class=\"wp-image-15116\" srcset=\"https:\/\/www.ovg.org.br\/site\/wp-content\/uploads\/2022\/11\/interna-2-1024x682.jpg 1024w, https:\/\/www.ovg.org.br\/site\/wp-content\/uploads\/2022\/11\/interna-2-300x200.jpg 300w, https:\/\/www.ovg.org.br\/site\/wp-content\/uploads\/2022\/11\/interna-2-768x512.jpg 768w, https:\/\/www.ovg.org.br\/site\/wp-content\/uploads\/2022\/11\/interna-2.jpg 1280w\" sizes=\"auto, (max-width: 1024px) 100vw, 1024px\" \/><\/figure>\n\n\n\n<p class=\"has-text-align-center\">O Natal do Bem ultrapassa a marca de 2,1 milh\u00f5es de brinquedos doados a crian\u00e7as de todo o Estado desde 2019<\/p>\n\n\n\n<p><\/p>\n\n\n\n<p><strong>Celebra\u00e7\u00e3o do Natal<\/strong><\/p>\n\n\n\n<p>O Natal do Bem ocorre em duas etapas. Al\u00e9m da entrega de brinquedos, a popula\u00e7\u00e3o ter\u00e1 um espa\u00e7o festivo no Centro Cultural Oscar Niemeyer (CCON), em Goi\u00e2nia. De 29 de novembro de 2022 a 1\u00ba de janeiro de 2023, de ter\u00e7a-feira a domingo, das 18h \u00e0s 23h. A expectativa \u00e9 que mais de 200 mil pessoas passem pelo CCON no per\u00edodo. \u201c\u00c9 um evento que d\u00e1 oportunidade a todos aqueles que querem ver um belo Natal. A gente procura fazer da melhor forma poss\u00edvel para que isso chegue \u00e0s crian\u00e7as\u201d, frisou a primeira-dama Gracinha Caiado.<\/p>\n\n\n\n<p><\/p>\n\n\n\n<p>Uma grande estrutura est\u00e1 sendo montada no local, que ter\u00e1 entrada gratuita e programa\u00e7\u00e3o especial com atra\u00e7\u00f5es e shows musicais, como padre F\u00e1bio de Melo e Fam\u00edlia Lima; apresenta\u00e7\u00e3o do Natal de Gramado e de artistas do Basileu Fran\u00e7a e do Instituto Gustav Ritter; e Cantata de Natal. Os visitantes ter\u00e3o ainda a Vila de Natal, espa\u00e7o de alimenta\u00e7\u00e3o e parquinho para as crian\u00e7as.<\/p>\n\n\n\n<p><\/p>\n\n\n\n<p>Participaram do in\u00edcio da campanha o secret\u00e1rio de Estado de Desenvolvimento Social, Wellington Matos; da Iquego, o diretor-presidente Jos\u00e9 Carlos dos Santos e o presidente do conselho, Denes Pereira; bem como integrantes da equipe da OVG.<\/p>\n\n\n\n<p><\/p>\n\n\n\n<p><\/p>\n\n\n\n<p><strong>Secretaria de Comunica\u00e7\u00e3o &#8211; Governo de Goi\u00e1s<\/strong><\/p>\n","protected":false},"excerpt":{"rendered":"<p>Doa\u00e7\u00f5es visam garantir o direito de brincar de crian\u00e7as em situa\u00e7\u00e3o de vulnerabilidade em todos os 246 munic\u00edpios goianos<\/p>\n","protected":false},"author":4,"featured_media":15117,"comment_status":"closed","ping_status":"closed","sticky":false,"template":"","format":"standard","meta":{"_acf_changed":false,"footnotes":""},"categories":[1],"tags":[],"class_list":["post-15115","post","type-post","status-publish","format-standard","has-post-thumbnail","hentry","category-noticias-ovg"],"acf":[],"_links":{"self":[{"href":"https:\/\/www.ovg.org.br\/site\/index.php?rest_route=\/wp\/v2\/posts\/15115","targetHints":{"allow":["GET"]}}],"collection":[{"href":"https:\/\/www.ovg.org.br\/site\/index.php?rest_route=\/wp\/v2\/posts"}],"about":[{"href":"https:\/\/www.ovg.org.br\/site\/index.php?rest_route=\/wp\/v2\/types\/post"}],"author":[{"embeddable":true,"href":"https:\/\/www.ovg.org.br\/site\/index.php?rest_route=\/wp\/v2\/users\/4"}],"replies":[{"embeddable":true,"href":"https:\/\/www.ovg.org.br\/site\/index.php?rest_route=%2Fwp%2Fv2%2Fcomments&post=15115"}],"version-history":[{"count":4,"href":"https:\/\/www.ovg.org.br\/site\/index.php?rest_route=\/wp\/v2\/posts\/15115\/revisions"}],"predecessor-version":[{"id":15121,"href":"https:\/\/www.ovg.org.br\/site\/index.php?rest_route=\/wp\/v2\/posts\/15115\/revisions\/15121"}],"wp:featuredmedia":[{"embeddable":true,"href":"https:\/\/www.ovg.org.br\/site\/index.php?rest_route=\/wp\/v2\/media\/15117"}],"wp:attachment":[{"href":"https:\/\/www.ovg.org.br\/site\/index.php?rest_route=%2Fwp%2Fv2%2Fmedia&parent=15115"}],"wp:term":[{"taxonomy":"category","embeddable":true,"href":"https:\/\/www.ovg.org.br\/site\/index.php?rest_route=%2Fwp%2Fv2%2Fcategories&post=15115"},{"taxonomy":"post_tag","embeddable":true,"href":"https:\/\/www.ovg.org.br\/site\/index.php?rest_route=%2Fwp%2Fv2%2Ftags&post=15115"}],"curies":[{"name":"wp","href":"https:\/\/api.w.org\/{rel}","templated":true}]}}