{"id":15396,"date":"2022-11-30T08:02:13","date_gmt":"2022-11-30T11:02:13","guid":{"rendered":"https:\/\/www.ovg.org.br\/site\/?p=15396"},"modified":"2022-11-30T08:03:03","modified_gmt":"2022-11-30T11:03:03","slug":"governo-de-goias-e-ovg-inauguram-natal-do-bem-2022-neste-sabado","status":"publish","type":"post","link":"https:\/\/www.ovg.org.br\/site\/?p=15396","title":{"rendered":"Governo de Goi\u00e1s e OVG inauguram Natal do Bem 2022 neste s\u00e1bado"},"content":{"rendered":"\n<p><strong>Lucas Dellamare<\/strong><\/p>\n\n\n\n<p>O Governo do Estado e a Organiza\u00e7\u00e3o das Volunt\u00e1rias de Goi\u00e1s (OVG) realizam, ao longo desta semana, a manuten\u00e7\u00e3o da estrutura do Natal do Bem 2022, evento que teve a inaugura\u00e7\u00e3o adiada para o pr\u00f3ximo s\u00e1bado (03\/12), no Centro Cultural Oscar Niemeyer. A adequa\u00e7\u00e3o do calend\u00e1rio \u00e9 necess\u00e1ria para que a equipe realize reparos em todo o cen\u00e1rio, garantindo a seguran\u00e7a e o bem-estar das fam\u00edlias goianas que passar\u00e3o pelo local ao longo do m\u00eas de dezembro. Agora, o Natal do Bem ser\u00e1 realizado entre os dias 3 de dezembro de 2022 e 1\u00ba de janeiro de 2023, de segunda a domingo.<\/p>\n\n\n\n<p>\u201cNossa equipe j\u00e1 est\u00e1 a postos, realizando a manuten\u00e7\u00e3o de todo o espa\u00e7o natalino montado no Centro Cultural Oscar Niemeyer. Temos a preocupa\u00e7\u00e3o de fazer uma festa m\u00e1gica, mas tamb\u00e9m segura para todas as fam\u00edlias goianas. Por isso decidimos, por precau\u00e7\u00e3o, iniciar o evento no pr\u00f3ximo s\u00e1bado. Assim, conseguimos nos certificar que tudo est\u00e1 nos conformes para receber da melhor forma aqueles que passar\u00e3o pelo local\u201d, afirma a presidente de honra da OVG e coordenadora do Gabinete de Pol\u00edticas Sociais (GPS), primeira-dama Gracinha Caiado.<\/p>\n\n\n\n<p>Na \u00faltima edi\u00e7\u00e3o, cerca de 200 mil pessoas passaram pela festa natalina do Governo de Goi\u00e1s. Neste ano, a expectativa \u00e9 que este n\u00famero seja ainda maior. O evento ser\u00e1 aberto ao p\u00fablico, de forma totalmente gratuita, entre 18h e 23h, com apresenta\u00e7\u00f5es art\u00edsticas e culturais e decora\u00e7\u00e3o natalina exclusiva. As atra\u00e7\u00f5es ser\u00e3o oferecidas \u00e0 popula\u00e7\u00e3o todos os dias da semana, de segunda a domingo. Com as altera\u00e7\u00f5es no calend\u00e1rio, algumas apresenta\u00e7\u00f5es ser\u00e3o remarcadas e a nova programa\u00e7\u00e3o ser\u00e1 divulgada no site da OVG (ovg.org.br).<\/p>\n\n\n\n<p><strong>Padre F\u00e1bio de Melo<br><\/strong>Entre as apresenta\u00e7\u00f5es mais esperadas, o show do Padre F\u00e1bio de Melo, que estava programado para a inaugura\u00e7\u00e3o, nesta ter\u00e7a-feira (29\/11), foi adiado para o dia 23 de dezembro, \u00e0s 21h. De acordo com a diretora-geral da OVG, Adryanna Melo Caiado, os ingressos que j\u00e1 foram retirados continuam valendo para a nova data.<\/p>\n\n\n\n<p>\u201cEssa \u00e9 uma grande festa da OVG e do Governo de Goi\u00e1s pensada para as fam\u00edlias goianas. Por isso, para que ningu\u00e9m fique prejudicado, os ingressos que j\u00e1 foram distribu\u00eddos continuam valendo para o dia 23 de dezembro. Tenho certeza de que ser\u00e1 uma apresenta\u00e7\u00e3o especial e que tocar\u00e1 o cora\u00e7\u00e3o de todos os presentes&#8221;, afirma a diretora-geral.<\/p>\n\n\n\n<p>Al\u00e9m da apresenta\u00e7\u00e3o no Pal\u00e1cio da M\u00fasica, o show tamb\u00e9m ser\u00e1 transmitido ao vivo em tel\u00f5es na esplanada do Centro Cultural Oscar Niemeyer, para que todos presentes no lugar possam aproveitar a programa\u00e7\u00e3o.<\/p>\n\n\n\n<p><strong>Organiza\u00e7\u00e3o das Volunt\u00e1rias de Goi\u00e1s \u2013 Governo de Goi\u00e1s<\/strong><\/p>\n","protected":false},"excerpt":{"rendered":"<p>Abertura do evento foi transferida desta ter\u00e7a-feira (29\/11) para o pr\u00f3ximo s\u00e1bado (03\/12) em virtude das chuvas fortes que t\u00eam atingido Goi\u00e2nia. Cen\u00e1rio e estrutura passam por manuten\u00e7\u00e3o<\/p>\n","protected":false},"author":8,"featured_media":15397,"comment_status":"closed","ping_status":"closed","sticky":false,"template":"","format":"standard","meta":{"_acf_changed":false,"footnotes":""},"categories":[1],"tags":[],"class_list":["post-15396","post","type-post","status-publish","format-standard","has-post-thumbnail","hentry","category-noticias-ovg"],"acf":[],"_links":{"self":[{"href":"https:\/\/www.ovg.org.br\/site\/index.php?rest_route=\/wp\/v2\/posts\/15396","targetHints":{"allow":["GET"]}}],"collection":[{"href":"https:\/\/www.ovg.org.br\/site\/index.php?rest_route=\/wp\/v2\/posts"}],"about":[{"href":"https:\/\/www.ovg.org.br\/site\/index.php?rest_route=\/wp\/v2\/types\/post"}],"author":[{"embeddable":true,"href":"https:\/\/www.ovg.org.br\/site\/index.php?rest_route=\/wp\/v2\/users\/8"}],"replies":[{"embeddable":true,"href":"https:\/\/www.ovg.org.br\/site\/index.php?rest_route=%2Fwp%2Fv2%2Fcomments&post=15396"}],"version-history":[{"count":2,"href":"https:\/\/www.ovg.org.br\/site\/index.php?rest_route=\/wp\/v2\/posts\/15396\/revisions"}],"predecessor-version":[{"id":15399,"href":"https:\/\/www.ovg.org.br\/site\/index.php?rest_route=\/wp\/v2\/posts\/15396\/revisions\/15399"}],"wp:featuredmedia":[{"embeddable":true,"href":"https:\/\/www.ovg.org.br\/site\/index.php?rest_route=\/wp\/v2\/media\/15397"}],"wp:attachment":[{"href":"https:\/\/www.ovg.org.br\/site\/index.php?rest_route=%2Fwp%2Fv2%2Fmedia&parent=15396"}],"wp:term":[{"taxonomy":"category","embeddable":true,"href":"https:\/\/www.ovg.org.br\/site\/index.php?rest_route=%2Fwp%2Fv2%2Fcategories&post=15396"},{"taxonomy":"post_tag","embeddable":true,"href":"https:\/\/www.ovg.org.br\/site\/index.php?rest_route=%2Fwp%2Fv2%2Ftags&post=15396"}],"curies":[{"name":"wp","href":"https:\/\/api.w.org\/{rel}","templated":true}]}}