{"id":15436,"date":"2022-12-02T09:18:00","date_gmt":"2022-12-02T12:18:00","guid":{"rendered":"https:\/\/www.ovg.org.br\/site\/?p=15436"},"modified":"2022-12-02T09:19:12","modified_gmt":"2022-12-02T12:19:12","slug":"governo-de-goias-e-ovg-inauguram-natal-do-bem-2","status":"publish","type":"post","link":"https:\/\/www.ovg.org.br\/site\/?p=15436","title":{"rendered":"Governo de Goi\u00e1s e OVG inauguram Natal do Bem"},"content":{"rendered":"\n<p><strong>Elis\u00e2ngela Vieira<\/strong><\/p>\n\n\n\n<p><\/p>\n\n\n\n<p>O governador Ronaldo Caiado, a presidente de honra da Organiza\u00e7\u00e3o das Volunt\u00e1rias de Goi\u00e1s (OVG) e coordenadora do Gabinete de Pol\u00edticas Sociais (GPS), primeira-dama Gracinha Caiado, e a diretora-geral da OVG, Adryanna Melo Caiado, inauguram o Natal do Bem neste s\u00e1bado (03\/12), \u00e0s 18h30. O evento, um dos mais esperados do ano pelas fam\u00edlias goianas, ocorre no Centro Cultural Oscar Niemeyer (CCON), em Goi\u00e2nia. A celebra\u00e7\u00e3o vai at\u00e9 1\u00ba de janeiro de 2023, com programa\u00e7\u00e3o cultural gratuita todos os dias, em um ambiente decorado com 800 mil pontos de luzes.<\/p>\n\n\n\n<p>No primeiro dia do evento, o p\u00fablico assistir\u00e1 \u00e0 tradicional Cantata de Natal, com 52 crian\u00e7as do Coro Infantil do Instituto Gustav Ritter. No repert\u00f3rio, can\u00e7\u00f5es como \u201c\u00c9 Natal\u201d, \u201cDim Dom\u201d, \u201cFeliz Natal\u201d e \u201cForr\u00f3 dos Anjos\u201d. Ainda haver\u00e1 Parada Natalina, com desfiles tem\u00e1ticos e participa\u00e7\u00e3o de personagens fantasiados que prometem interagir com os visitantes de forma l\u00fadica e divertida. Tudo isso envolto a um grande cen\u00e1rio luminoso que se destacar\u00e1 \u00e0s margens da BR-153 e da GO\u2013020, onde est\u00e1 localizado o CCON.<\/p>\n\n\n\n<p>E a festa n\u00e3o para a\u00ed. Para complementar a programa\u00e7\u00e3o do primeiro dia do Natal do Bem, o Pal\u00e1cio da M\u00fasica ser\u00e1 palco de muita m\u00fasica. O Coro Infantil da Escola Adventista Vila Nova apresentar\u00e1 a Cantata \u201cUm Natal com Jesus de Nazar\u00e9\u201d. O espet\u00e1culo visa recordar o verdadeiro sentido do Natal, e reunir\u00e1 no palco crian\u00e7as das turmas do maternal ao 5\u00ba ano, sob a reg\u00eancia da professora Agda Janinny e dire\u00e7\u00e3o geral de Douglas Luz.<\/p>\n\n\n\n<p>O Coro Sinf\u00f4nico Jovem de Goi\u00e1s fecha a programa\u00e7\u00e3o art\u00edstica da noite. Formado por 48 jovens estudantes de canto da Escola do Futuro em Artes Basileu Fran\u00e7a, do Governo de Goi\u00e1s, o grupo apresentar\u00e1 diversas can\u00e7\u00f5es natalinas, como \u201cJ\u00e1 \u00e9 Natal\u201d, \u201cSurgem Anjos\u201d, \u201cO Primeiro Natal\u201d e \u201cDesejo um Feliz Natal\u201d. O espet\u00e1culo ter\u00e1 dire\u00e7\u00e3o art\u00edstica e reg\u00eancia do maestro Weber Assis.<\/p>\n\n\n\n<p><strong>Encantamento e acessibilidade<\/strong><\/p>\n\n\n\n<p>Os visitantes do Natal do Bem ainda poder\u00e3o se divertir na Vila de Natal, um cen\u00e1rio com diversas \u201ccasinhas\u201d em tamanho real que dar\u00e3o ao p\u00fablico a sensa\u00e7\u00e3o de estar em um lugar encantado, com direito a personagens vivos que v\u00e3o interagir com todos de forma l\u00fadica e divertida. As apresenta\u00e7\u00f5es feitas no espa\u00e7o contar\u00e3o com cenas teatrais e m\u00fasicas cl\u00e1ssicas de Natal, que ser\u00e3o interpretadas por bailarinos, cantores, acrobatas e artistas circenses.<\/p>\n\n\n\n<p>Quem visitar o espa\u00e7o ainda vai poder registrar o encontro com familiares e amigos ao lado de grandes pe\u00e7as decoradas e iluminadas e do pres\u00e9pio, al\u00e9m de assistir a apresenta\u00e7\u00f5es de dan\u00e7a, m\u00fasica e circo. Diariamente, acontecer\u00e3o proje\u00e7\u00f5es mapeadas e a cerim\u00f4nia de acendimento das luzes, com o \u201cGuardi\u00e3o da Luz\u201d. O evento conta ainda com a Vila Gastron\u00f4mica e v\u00e1rias op\u00e7\u00f5es de brinquedos. Haver\u00e1 distribui\u00e7\u00e3o de pipoca e algod\u00e3o doce.<\/p>\n\n\n\n<p>O Natal do Bem foi pensado para acolher todos os visitantes com dignidade e respeito. Por isso, o ambiente recebeu um conjunto de elementos visuais, auditivos e t\u00e1teis para transformar as atra\u00e7\u00f5es em op\u00e7\u00f5es acess\u00edveis a todos os p\u00fablicos. Inclusive, todos os espa\u00e7os de visita\u00e7\u00e3o da festa ser\u00e3o acess\u00edveis a pessoas com defici\u00eancia ou com mobilidade reduzida. Para aqueles que forem de carro pr\u00f3prio \u00e0 festa, ser\u00e3o disponibilizadas 1.300 vagas de estacionamento gratuitas durante todas as noites do evento.<\/p>\n\n\n\n<p>No ano passado, a Vila de Natal do Natal do Bem recebeu um p\u00fablico recorde de visitantes. Foram quase 200 mil pessoas, entre adultos e crian\u00e7as. Em 2022, a expectativa \u00e9 de que esse n\u00famero seja ainda maior, consolidando o evento como uma das maiores celebra\u00e7\u00f5es de Natal do pa\u00eds.<\/p>\n\n\n\n<p><strong><u>Servi\u00e7o<\/u><\/strong><\/p>\n\n\n\n<p><strong>Assunto:<\/strong> Governo de Goi\u00e1s e OVG inauguram Natal do Bem<\/p>\n\n\n\n<p><strong>Quando:<\/strong> s\u00e1bado (03\/12), \u00e0s 18h30<\/p>\n\n\n\n<p><strong>Onde:<\/strong> Centro Cultural Oscar Niemeyer (CCON) \u2013 GO-020, Km 1, Ch\u00e1caras Alto da Gl\u00f3ria, Goi\u00e2nia (GO)<\/p>\n\n\n\n<p><strong>Organiza\u00e7\u00e3o das Volunt\u00e1rias de Goi\u00e1s \u2013 Governo de Goi\u00e1s<\/strong><\/p>\n","protected":false},"excerpt":{"rendered":"<p>Governador Ronaldo Caiado e primeira-dama Gracinha Caiado far\u00e3o a abertura da celebra\u00e7\u00e3o neste s\u00e1bado, 03 de dezembro, \u00e0s 18h30. Uma das maiores comemora\u00e7\u00f5es de Natal do Pa\u00eds, a festa prossegue at\u00e9 1\u00ba de janeiro de 2023<\/p>\n","protected":false},"author":4,"featured_media":15435,"comment_status":"closed","ping_status":"closed","sticky":false,"template":"","format":"standard","meta":{"_acf_changed":false,"footnotes":""},"categories":[1],"tags":[],"class_list":["post-15436","post","type-post","status-publish","format-standard","has-post-thumbnail","hentry","category-noticias-ovg"],"acf":[],"_links":{"self":[{"href":"https:\/\/www.ovg.org.br\/site\/index.php?rest_route=\/wp\/v2\/posts\/15436","targetHints":{"allow":["GET"]}}],"collection":[{"href":"https:\/\/www.ovg.org.br\/site\/index.php?rest_route=\/wp\/v2\/posts"}],"about":[{"href":"https:\/\/www.ovg.org.br\/site\/index.php?rest_route=\/wp\/v2\/types\/post"}],"author":[{"embeddable":true,"href":"https:\/\/www.ovg.org.br\/site\/index.php?rest_route=\/wp\/v2\/users\/4"}],"replies":[{"embeddable":true,"href":"https:\/\/www.ovg.org.br\/site\/index.php?rest_route=%2Fwp%2Fv2%2Fcomments&post=15436"}],"version-history":[{"count":2,"href":"https:\/\/www.ovg.org.br\/site\/index.php?rest_route=\/wp\/v2\/posts\/15436\/revisions"}],"predecessor-version":[{"id":15438,"href":"https:\/\/www.ovg.org.br\/site\/index.php?rest_route=\/wp\/v2\/posts\/15436\/revisions\/15438"}],"wp:featuredmedia":[{"embeddable":true,"href":"https:\/\/www.ovg.org.br\/site\/index.php?rest_route=\/wp\/v2\/media\/15435"}],"wp:attachment":[{"href":"https:\/\/www.ovg.org.br\/site\/index.php?rest_route=%2Fwp%2Fv2%2Fmedia&parent=15436"}],"wp:term":[{"taxonomy":"category","embeddable":true,"href":"https:\/\/www.ovg.org.br\/site\/index.php?rest_route=%2Fwp%2Fv2%2Fcategories&post=15436"},{"taxonomy":"post_tag","embeddable":true,"href":"https:\/\/www.ovg.org.br\/site\/index.php?rest_route=%2Fwp%2Fv2%2Ftags&post=15436"}],"curies":[{"name":"wp","href":"https:\/\/api.w.org\/{rel}","templated":true}]}}