{"id":15456,"date":"2022-12-05T07:41:27","date_gmt":"2022-12-05T10:41:27","guid":{"rendered":"https:\/\/www.ovg.org.br\/site\/?p=15456"},"modified":"2022-12-05T07:42:19","modified_gmt":"2022-12-05T10:42:19","slug":"momento-e-de-paz-e-confraternizacao-vamos-unir-nossas-familias-diz-caiado-ao-inaugurar-o-natal-do-bem","status":"publish","type":"post","link":"https:\/\/www.ovg.org.br\/site\/?p=15456","title":{"rendered":"\u201cMomento \u00e9 de paz e confraterniza\u00e7\u00e3o, vamos unir nossas fam\u00edlias\u201d, diz Caiado ao inaugurar o Natal do Bem"},"content":{"rendered":"\n<p>O governador, Ronaldo Caiado, e a presidente de honra da Organiza\u00e7\u00e3o das Volunt\u00e1rias de Goi\u00e1s (OVG) e coordenadora do Gabinete de Pol\u00edticas Sociais (GPS), primeira-dama Gracinha Caiado, inauguraram na noite deste s\u00e1bado (03\/12) o Natal do Bem. A estrutura, montada no Centro Cultural Oscar Niemeyer (CCON), foi aberta ao p\u00fablico com a tradicional Cantata de Natal, apresentada pelo Coro Infantil Gustav Ritter, al\u00e9m de Parada Natalina com desfiles tem\u00e1ticos e participa\u00e7\u00e3o de personagens fantasiados.<\/p>\n\n\n\n<p>\u201cNada \u00e9 mais gratificante do que o sorriso, o olhar de encantamento das crian\u00e7as quando v\u00eaem as luzes sendo acesas\u201d, disse o governador Ronaldo Caiado. Animado para o pr\u00f3ximo ano, Caiado anunciou: \u201cA cada ano esse Natal ser\u00e1 mais lindo, vamos come\u00e7ar a preparar o de 2023 j\u00e1 no dia 2 de janeiro\u201d.<\/p>\n\n\n\n<p>No local, foi montada uma estrutura decorada com 800 mil pontos de luz. O p\u00fablico poder\u00e1 visitar o Natal do Bem at\u00e9 1\u00ba de janeiro de 2023. Quem passar pelo Centro Cultural Oscar Niemeyer neste per\u00edodo, al\u00e9m de ter acesso \u00e0 Vila de Natal, tamb\u00e9m vai prestigiar espet\u00e1culos, dan\u00e7a e m\u00fasica, em um dos maiores eventos natalinos do pa\u00eds. Toda a programa\u00e7\u00e3o \u00e9 gratuita. \u201cMomento \u00e9 de paz e confraterniza\u00e7\u00e3o, vamos unir nossas fam\u00edlias\u201d, refor\u00e7ou o chefe do Executivo estadual.<\/p>\n\n\n\n<figure class=\"wp-block-image size-large\"><img loading=\"lazy\" decoding=\"async\" width=\"1024\" height=\"683\" src=\"https:\/\/www.ovg.org.br\/site\/wp-content\/uploads\/2022\/12\/Interna-Natal-1-1024x683.jpg\" alt=\"\" class=\"wp-image-15457\" srcset=\"https:\/\/www.ovg.org.br\/site\/wp-content\/uploads\/2022\/12\/Interna-Natal-1-1024x683.jpg 1024w, https:\/\/www.ovg.org.br\/site\/wp-content\/uploads\/2022\/12\/Interna-Natal-1-300x200.jpg 300w, https:\/\/www.ovg.org.br\/site\/wp-content\/uploads\/2022\/12\/Interna-Natal-1-768x512.jpg 768w, https:\/\/www.ovg.org.br\/site\/wp-content\/uploads\/2022\/12\/Interna-Natal-1.jpg 1440w\" sizes=\"auto, (max-width: 1024px) 100vw, 1024px\" \/><figcaption>Estrutura montada no Centro Cultural Oscar Niemeyer conta com 800 mil pontos de luz e pode ser visitada at\u00e9 1\u00ba de janeiro de 2023. Toda a programa\u00e7\u00e3o \u00e9 gratuita<\/figcaption><\/figure>\n\n\n\n<p>Em discurso, a primeira-dama Gracinha Caiado explicou que a OVG e o Governo de Goi\u00e1s buscaram o que h\u00e1 de melhor no Brasil para realizar mais esta edi\u00e7\u00e3o do Natal do Bem. &#8220;Saibam que cada detalhe, cada atra\u00e7\u00e3o, cada enfeite de natal, tudo foi planejado e preparado com todo carinho por essa equipe maravilhosa, que h\u00e1 meses est\u00e1 trabalhando para que tudo estivesse perfeito&#8221;, contou.<\/p>\n\n\n\n<p>A presidente de honra da OVG tamb\u00e9m lamentou o adiamento da inaugura\u00e7\u00e3o devido \u00e0s fortes chuvas, mas fez quest\u00e3o de lembrar que o esp\u00edrito natalino sempre prevalecer\u00e1. &#8220;Tivemos um pequeno contratempo na \u00faltima ter\u00e7a-feira por causa da chuva, mas hoje estamos aqui para a nossa grande inaugura\u00e7\u00e3o e para continuarmos com essa festa linda pelas pr\u00f3ximas semanas, trazendo para Goi\u00e1s e para as fam\u00edlias goianas o natal mais bonito de todos&#8221;, completou.<\/p>\n\n\n\n<p>Na ocasi\u00e3o, o governador fez quest\u00e3o de convidar para a festa toda a popula\u00e7\u00e3o de Goi\u00e2nia, de Goi\u00e1s e turistas de outros estados, ressaltando que o local conta com op\u00e7\u00f5es de transporte p\u00fablico e estacionamento para carros. A cada meia hora, \u00f4nibus saem dos terminais Pra\u00e7a da B\u00edblia e Isid\u00f3ria em dire\u00e7\u00e3o ao CCON.<\/p>\n\n\n\n<p>O centro tamb\u00e9m conta com estacionamento para carros, com 2.400 vagas gratuitas. \u201cPe\u00e7o que usem o estacionamento do CCON e n\u00e3o corram o risco de atravessar a GO-020, que tem tr\u00e2nsito intenso\u201d, alertou Caiado. O Governo de Goi\u00e1s montou uma estrutura completa para que todos os visitantes possam ter acesso ao Natal do Bem com seguran\u00e7a.<\/p>\n\n\n\n<p>No ano passado, a Vila de Natal do Natal do Bem recebeu um p\u00fablico recorde de visitantes. Foram quase 200 mil pessoas, entre adultos e crian\u00e7as. Em 2022, a expectativa \u00e9 de que esse n\u00famero seja ainda maior, consolidando o evento como uma das maiores celebra\u00e7\u00f5es do Brasil.<\/p>\n\n\n\n<p><strong>Inclus\u00e3o<\/strong><\/p>\n\n\n\n<p>Para que todos aproveitem o espa\u00e7o, tudo foi pensado para acolher todos os visitantes com dignidade e respeito. O ambiente recebeu um conjunto de elementos visuais, auditivos e t\u00e1teis para transformar as atra\u00e7\u00f5es em op\u00e7\u00f5es acess\u00edveis a todos os p\u00fablicos. Inclusive, todos os espa\u00e7os de visita\u00e7\u00e3o da festa ser\u00e3o acess\u00edveis a pessoas com defici\u00eancia ou com mobilidade reduzida.<\/p>\n\n\n\n<p>Durante todos os dias de visita\u00e7\u00e3o \u00e0 Vila de Natal, que tem \u201ccasinhas\u201d em tamanho real, haver\u00e1 no espa\u00e7o do Centro Cultural Oscar Niemeyer distribui\u00e7\u00e3o de pipoca e algod\u00e3o doce gratuitamente. Bailarinos, atores circenses, cantores e acrobatas v\u00e3o fazer com que a experi\u00eancia dos visitantes se torne m\u00e1gica e inesquec\u00edvel.<\/p>\n\n\n\n<p>O evento conta ainda com a Vila Gastron\u00f4mica e v\u00e1rias op\u00e7\u00f5es de brinquedos. Diariamente, acontecer\u00e3o proje\u00e7\u00f5es mapeadas e a cerim\u00f4nia de acendimento das luzes, com o \u201cGuardi\u00e3o da Luz\u201d.<\/p>\n\n\n\n<p>\u201c\u00c9 a maior festa natalina do Centro-Oeste. O Natal do Bem vem crescendo a cada ano e, desta vez, temos a melhor estrutura da hist\u00f3ria\u201d, disse a diretora-geral da OVG, Adryanna Caiado. Para o presidente da Goi\u00e1sTurismo, Fabr\u00edcio Amaral, a inaugura\u00e7\u00e3o foi marcada por muita emo\u00e7\u00e3o e energia boa de todas as crian\u00e7as e fam\u00edlias presentes.<\/p>\n\n\n\n<p>A cerim\u00f4nia tamb\u00e9m contou com a presen\u00e7a dos secret\u00e1rios estaduais de Desenvolvimento Social, Wellington Matos; de Ind\u00fastria e Com\u00e9rcio, Joel Sant\u2019anna; do comandante da Pol\u00edcia Militar de Goi\u00e1s, Coronel Andr\u00e9 Henrique Avelar; do comandante do Corpo de Bombeiros, Coronel Washington Vaz J\u00fanior, do diretor-geral de Administra\u00e7\u00e3o Penitenci\u00e1ria, Josimar Pires; do presidente da Goinfra, Pedro Salles; da Goi\u00e1sTelecom, Hip\u00f3lito Prado e da Saneago, Ricardo Soavinski. Ainda, estiveram presentes o secret\u00e1rio municipal de Desenvolvimento Social, N\u00e9lio Fortunato, representando o prefeito de Goi\u00e2nia, Rog\u00e9rio Cruz; o deputado estadual Cairo Salim; do padre da Vila S\u00e3o Cottolengo, Marco Aur\u00e9lio; e o prefeito de Trindade, Mardem J\u00fanior. <\/p>\n\n\n\n<p><strong>Secretaria de Comunica\u00e7\u00e3o &#8211; Governo de Goi\u00e1s<\/strong><\/p>\n","protected":false},"excerpt":{"rendered":"<p>Ao lado da primeira-dama Gracinha Caiado, governador abriu oficialmente a estrutura montada no Centro Cultural Oscar Niemeyer pelo segundo ano consecutivo<\/p>\n","protected":false},"author":4,"featured_media":15458,"comment_status":"closed","ping_status":"closed","sticky":false,"template":"","format":"standard","meta":{"_acf_changed":false,"footnotes":""},"categories":[1],"tags":[],"class_list":["post-15456","post","type-post","status-publish","format-standard","has-post-thumbnail","hentry","category-noticias-ovg"],"acf":[],"_links":{"self":[{"href":"https:\/\/www.ovg.org.br\/site\/index.php?rest_route=\/wp\/v2\/posts\/15456","targetHints":{"allow":["GET"]}}],"collection":[{"href":"https:\/\/www.ovg.org.br\/site\/index.php?rest_route=\/wp\/v2\/posts"}],"about":[{"href":"https:\/\/www.ovg.org.br\/site\/index.php?rest_route=\/wp\/v2\/types\/post"}],"author":[{"embeddable":true,"href":"https:\/\/www.ovg.org.br\/site\/index.php?rest_route=\/wp\/v2\/users\/4"}],"replies":[{"embeddable":true,"href":"https:\/\/www.ovg.org.br\/site\/index.php?rest_route=%2Fwp%2Fv2%2Fcomments&post=15456"}],"version-history":[{"count":2,"href":"https:\/\/www.ovg.org.br\/site\/index.php?rest_route=\/wp\/v2\/posts\/15456\/revisions"}],"predecessor-version":[{"id":15460,"href":"https:\/\/www.ovg.org.br\/site\/index.php?rest_route=\/wp\/v2\/posts\/15456\/revisions\/15460"}],"wp:featuredmedia":[{"embeddable":true,"href":"https:\/\/www.ovg.org.br\/site\/index.php?rest_route=\/wp\/v2\/media\/15458"}],"wp:attachment":[{"href":"https:\/\/www.ovg.org.br\/site\/index.php?rest_route=%2Fwp%2Fv2%2Fmedia&parent=15456"}],"wp:term":[{"taxonomy":"category","embeddable":true,"href":"https:\/\/www.ovg.org.br\/site\/index.php?rest_route=%2Fwp%2Fv2%2Fcategories&post=15456"},{"taxonomy":"post_tag","embeddable":true,"href":"https:\/\/www.ovg.org.br\/site\/index.php?rest_route=%2Fwp%2Fv2%2Ftags&post=15456"}],"curies":[{"name":"wp","href":"https:\/\/api.w.org\/{rel}","templated":true}]}}