{"id":16705,"date":"2023-04-10T08:34:53","date_gmt":"2023-04-10T11:34:53","guid":{"rendered":"https:\/\/www.ovg.org.br\/site\/?p=16705"},"modified":"2023-04-10T08:34:54","modified_gmt":"2023-04-10T11:34:54","slug":"ovg-promove-encontro-de-geracoes-para-bem-estar-de-idosos-em-instituicoes","status":"publish","type":"post","link":"https:\/\/www.ovg.org.br\/site\/?p=16705","title":{"rendered":"OVG promove encontro de gera\u00e7\u00f5es para bem-estar de idosos em institui\u00e7\u00f5es"},"content":{"rendered":"\n<p><strong>Lucas Dellamare<\/strong><\/p>\n\n\n\n<p>\u201cMeus filhinhos, n\u00e3o tem conhecimento mais valioso que a experi\u00eancia de vida. Vem c\u00e1, d\u00e1 um abra\u00e7o na vov\u00f3\u201d. Foi assim que Anita Pereira da Silva, de 84 anos, recebeu um grupo de crian\u00e7as que passou o dia no Centro de Idosos Vila Vida, em Goi\u00e2nia, onde ela vive h\u00e1 11 anos. A visita, realizada no dia 31 de mar\u00e7o, faz parte de uma iniciativa mensal da Organiza\u00e7\u00e3o das Volunt\u00e1rias de Goi\u00e1s (OVG), que leva crian\u00e7as e jovens \u00e0s institui\u00e7\u00f5es para idosos mantidas pelo Governo de Goi\u00e1s. Esses encontros intergeracionais t\u00eam o objetivo de contribuir com o bem-estar dos idosos institucionalizados e promover a troca de experi\u00eancias, valorizando o conhecimento dos antigos e levando novidades \u00e0 gera\u00e7\u00e3o dos vov\u00f4s e vov\u00f3s.<\/p>\n\n\n\n<p>Dona Anita, que era uma das mais animadas com a atividade, distribu\u00eda sorrisos para os pequenos. \u201cCrian\u00e7a \u00e9 bom demais, receber uma visita dessa melhora o dia da gente\u201d, disse emocionada. Lara Rosique, 7 anos, disse que se divertiu muito. \u201cEu gostei muito, acho que foi uma li\u00e7\u00e3o de vida e ela me contou muitas hist\u00f3rias legais. Ah, eu tamb\u00e9m adorei aprender a tocar pandeiro\u201d, disse a pequena.<\/p>\n\n\n\n<p>A aula de m\u00fasica que Lara ganhou de presente foi com o mestre no cavaquinho Jo\u00e3o Jos\u00e9 Tavares, morador da Vila Vida desde 2018. Quando soube que receberiam um grupo de crian\u00e7as, ele preparou os instrumentos musicais e fez a festa com os visitantes. \u201cIsso para n\u00f3s \u00e9 muito bom, voc\u00eas n\u00e3o imaginam a minha felicidade em estar aqui com essas crian\u00e7as. Ensinar essa menina linda a tocar pandeiro vale mais que tudo\u201d, ressaltou Jo\u00e3o Jos\u00e9, de 81 anos.<\/p>\n\n\n<div class=\"wp-block-image\">\n<figure class=\"aligncenter size-large\"><img loading=\"lazy\" decoding=\"async\" width=\"1024\" height=\"605\" src=\"https:\/\/www.ovg.org.br\/site\/wp-content\/uploads\/2023\/04\/WhatsApp-Image-2023-04-09-at-15.14.44-1024x605.jpeg\" alt=\"\" class=\"wp-image-16707\" srcset=\"https:\/\/www.ovg.org.br\/site\/wp-content\/uploads\/2023\/04\/WhatsApp-Image-2023-04-09-at-15.14.44-1024x605.jpeg 1024w, https:\/\/www.ovg.org.br\/site\/wp-content\/uploads\/2023\/04\/WhatsApp-Image-2023-04-09-at-15.14.44-300x177.jpeg 300w, https:\/\/www.ovg.org.br\/site\/wp-content\/uploads\/2023\/04\/WhatsApp-Image-2023-04-09-at-15.14.44-768x454.jpeg 768w, https:\/\/www.ovg.org.br\/site\/wp-content\/uploads\/2023\/04\/WhatsApp-Image-2023-04-09-at-15.14.44-1536x908.jpeg 1536w, https:\/\/www.ovg.org.br\/site\/wp-content\/uploads\/2023\/04\/WhatsApp-Image-2023-04-09-at-15.14.44.jpeg 1600w\" sizes=\"auto, (max-width: 1024px) 100vw, 1024px\" \/><figcaption>Lara Rosique, 7 anos, ganhou aula de pandeiro com o senhor Jo\u00e3o Jos\u00e9, de 81 anos, durante encontro intergeracional no Centro de Idosos Vila Vida, em Goi\u00e2nia<\/figcaption><\/figure>\n<\/div>\n\n\n<p><strong>V\u00ednculo<br><\/strong>Para a presidente de honra da OVG e coordenadora do Gabinete de Pol\u00edticas Sociais (GPS), primeira-dama Gracinha Caiado, os encontros intergeracionais promovidos pela Organiza\u00e7\u00e3o mant\u00eam o v\u00ednculo entre os idosos e os jovens e ajudam a conservar os saberes e costumes tradicionais. \u201cCostumo dizer que um povo sem mem\u00f3ria \u00e9 um povo sem hist\u00f3ria. Quando as crian\u00e7as e os jovens passam um dia com os idosos, eles absorvem muitos saberes tradicionais, muitas mem\u00f3rias de quem viveu a hist\u00f3ria. Esse \u00e9 um belo caminho para que nossa tradi\u00e7\u00e3o sobreviva e para que nosso passado seja respeitado e lembrado nas pr\u00f3ximas gera\u00e7\u00f5es.\u201d<\/p>\n\n\n\n<p>Psic\u00f3loga especializada no atendimento aos idosos da Vila Vida, Marcela Lemes destaca que a intera\u00e7\u00e3o desperta os sentidos dos idosos e contribui com a parte cognitiva. \u201cCom esse est\u00edmulo da conversa, das brincadeiras e da conta\u00e7\u00e3o de experi\u00eancias de vida, os idosos melhoram significativamente a parte cognitiva, a mem\u00f3ria e at\u00e9 mesmo a pr\u00f3pria mobilidade f\u00edsica\u201d. A iniciativa, realizada uma vez por m\u00eas nos Centros de Idosos Vila Vida e Sagrada Fam\u00edlia, tamb\u00e9m se estender\u00e1 a outras unidades, como o Centro da Juventude Tecendo o Futuro.<\/p>\n\n\n\n<p>A OVG atende por m\u00eas, em m\u00e9dia, 1.629 idosos em quatro unidades: Centro de Idosos Sagrada Fam\u00edlia, Centro de Idosos Vila Vida e Espa\u00e7os Bem Viver I e II, todos em Goi\u00e2nia. O atendimento \u00e9 realizado nas modalidades Centro Dia, Casa Lar e Institui\u00e7\u00e3o de Longa Perman\u00eancia para Idosos (ILPI) e conta com atendimento multiprofissional voltado para sa\u00fade e bem-estar.<\/p>\n\n\n\n<p><strong>Organiza\u00e7\u00e3o das Volunt\u00e1rias de Goi\u00e1s \u2013 Governo de Goi\u00e1s<\/strong><\/p>\n","protected":false},"excerpt":{"rendered":"<p>Nos encontros com crian\u00e7as e adolescentes, idosos ensinam o que aprenderam ao longo dos anos e os jovens apresentam ferramentas digitais e levam presentes<\/p>\n","protected":false},"author":8,"featured_media":16706,"comment_status":"closed","ping_status":"closed","sticky":false,"template":"","format":"standard","meta":{"_acf_changed":false,"footnotes":""},"categories":[1],"tags":[],"class_list":["post-16705","post","type-post","status-publish","format-standard","has-post-thumbnail","hentry","category-noticias-ovg"],"acf":[],"_links":{"self":[{"href":"https:\/\/www.ovg.org.br\/site\/index.php?rest_route=\/wp\/v2\/posts\/16705","targetHints":{"allow":["GET"]}}],"collection":[{"href":"https:\/\/www.ovg.org.br\/site\/index.php?rest_route=\/wp\/v2\/posts"}],"about":[{"href":"https:\/\/www.ovg.org.br\/site\/index.php?rest_route=\/wp\/v2\/types\/post"}],"author":[{"embeddable":true,"href":"https:\/\/www.ovg.org.br\/site\/index.php?rest_route=\/wp\/v2\/users\/8"}],"replies":[{"embeddable":true,"href":"https:\/\/www.ovg.org.br\/site\/index.php?rest_route=%2Fwp%2Fv2%2Fcomments&post=16705"}],"version-history":[{"count":3,"href":"https:\/\/www.ovg.org.br\/site\/index.php?rest_route=\/wp\/v2\/posts\/16705\/revisions"}],"predecessor-version":[{"id":16886,"href":"https:\/\/www.ovg.org.br\/site\/index.php?rest_route=\/wp\/v2\/posts\/16705\/revisions\/16886"}],"wp:featuredmedia":[{"embeddable":true,"href":"https:\/\/www.ovg.org.br\/site\/index.php?rest_route=\/wp\/v2\/media\/16706"}],"wp:attachment":[{"href":"https:\/\/www.ovg.org.br\/site\/index.php?rest_route=%2Fwp%2Fv2%2Fmedia&parent=16705"}],"wp:term":[{"taxonomy":"category","embeddable":true,"href":"https:\/\/www.ovg.org.br\/site\/index.php?rest_route=%2Fwp%2Fv2%2Fcategories&post=16705"},{"taxonomy":"post_tag","embeddable":true,"href":"https:\/\/www.ovg.org.br\/site\/index.php?rest_route=%2Fwp%2Fv2%2Ftags&post=16705"}],"curies":[{"name":"wp","href":"https:\/\/api.w.org\/{rel}","templated":true}]}}