{"id":16778,"date":"2023-04-14T11:52:53","date_gmt":"2023-04-14T14:52:53","guid":{"rendered":"https:\/\/www.ovg.org.br\/site\/?p=16778"},"modified":"2023-04-14T11:52:55","modified_gmt":"2023-04-14T14:52:55","slug":"governo-de-goias-leva-vacinacao-contra-gripe-a-abrigos-de-idosos","status":"publish","type":"post","link":"https:\/\/www.ovg.org.br\/site\/?p=16778","title":{"rendered":"<strong>Governo de Goi\u00e1s leva vacina\u00e7\u00e3o contra gripe a abrigos de idosos<\/strong>"},"content":{"rendered":"\n<p><strong>Elis\u00e2ngela Vieira<\/strong><\/p>\n\n\n\n<p>O Governo de Goi\u00e1s finalizou, nesta semana, a vacina\u00e7\u00e3o contra a gripe dos moradores das casas-lares dos centros de idosos Vila Vida e Sagrada Fam\u00edlia, em Goi\u00e2nia. O imunizante foi aplicado em 120 idosos, al\u00e9m de colaboradores das duas unidades da Organiza\u00e7\u00e3o das Volunt\u00e1rias de Goi\u00e1s (OVG).<\/p>\n\n\n\n<p>As doses foram disponibilizadas pela Secretaria de Sa\u00fade de Goi\u00e2nia e recebidas com entusiasmo. A moradora Anita Pereira da Silva, de 87 anos, deu exemplo de consci\u00eancia a respeito da import\u00e2ncia da vacina. \u201cTomar vacina significa sa\u00fade, vida. Como a Covid-19 matou muita gente, a Influenza mata do mesmo jeito, ainda mais na nossa idade\u201d, declarou.<\/p>\n\n\n\n<p>A presidente de honra da OVG e coordenadora do Gabinete de Pol\u00edticas Sociais (GPS), primeira-dama Gracinha Caiado, lembra que as unidades da Organiza\u00e7\u00e3o contam com uma estrutura f\u00edsica e multiprofissional que permite maior longevidade e refor\u00e7a que a\u00e7\u00f5es como essa garantem mais qualidade de vida aos atendidos.<\/p>\n\n\n\n<p>\u201cEnvelhecimento saud\u00e1vel: esse \u00e9 o nosso foco. O Governo de Goi\u00e1s e a OVG t\u00eam cuidado dos idosos de uma forma diferente.&nbsp; S\u00e3o pessoas que enfrentaram uma vida de vulnerabilidade social e muito trabalho, que merecem o nosso respeito, carinho e cuidado. A sa\u00fade deles ser\u00e1 sempre nossa prioridade\u201d, ressalta Gracinha Caiado.<\/p>\n\n\n\n<p>Para manter os idosos protegidos contra doen\u00e7as, tamb\u00e9m foi ministrada recentemente a vacina contra Covid-19. No caso da gripe, o imunizante protege contra tr\u00eas cepas (H1N1, H3N2 e v\u00edrus influenza B). \u201cTudo com muito carinho e zelo\u201d, frisa a diretora-geral da OVG Adryanna Melo Caiado.<\/p>\n\n\n\n<p><strong>Organiza\u00e7\u00e3o das Volunt\u00e1rias de Goi\u00e1s \u2013 Governo de Goi\u00e1s<\/strong><\/p>\n","protected":false},"excerpt":{"rendered":"<p>Equipes de enfermagem vacinaram 120 idosos que vivem nos centros Vila Vida e Sagrada Fam\u00edlia, da Organiza\u00e7\u00e3o das Volunt\u00e1rias de Goi\u00e1s (OVG)<\/p>\n","protected":false},"author":4,"featured_media":16779,"comment_status":"closed","ping_status":"closed","sticky":false,"template":"","format":"standard","meta":{"_acf_changed":false,"footnotes":""},"categories":[1],"tags":[],"class_list":["post-16778","post","type-post","status-publish","format-standard","has-post-thumbnail","hentry","category-noticias-ovg"],"acf":[],"_links":{"self":[{"href":"https:\/\/www.ovg.org.br\/site\/index.php?rest_route=\/wp\/v2\/posts\/16778","targetHints":{"allow":["GET"]}}],"collection":[{"href":"https:\/\/www.ovg.org.br\/site\/index.php?rest_route=\/wp\/v2\/posts"}],"about":[{"href":"https:\/\/www.ovg.org.br\/site\/index.php?rest_route=\/wp\/v2\/types\/post"}],"author":[{"embeddable":true,"href":"https:\/\/www.ovg.org.br\/site\/index.php?rest_route=\/wp\/v2\/users\/4"}],"replies":[{"embeddable":true,"href":"https:\/\/www.ovg.org.br\/site\/index.php?rest_route=%2Fwp%2Fv2%2Fcomments&post=16778"}],"version-history":[{"count":1,"href":"https:\/\/www.ovg.org.br\/site\/index.php?rest_route=\/wp\/v2\/posts\/16778\/revisions"}],"predecessor-version":[{"id":16780,"href":"https:\/\/www.ovg.org.br\/site\/index.php?rest_route=\/wp\/v2\/posts\/16778\/revisions\/16780"}],"wp:featuredmedia":[{"embeddable":true,"href":"https:\/\/www.ovg.org.br\/site\/index.php?rest_route=\/wp\/v2\/media\/16779"}],"wp:attachment":[{"href":"https:\/\/www.ovg.org.br\/site\/index.php?rest_route=%2Fwp%2Fv2%2Fmedia&parent=16778"}],"wp:term":[{"taxonomy":"category","embeddable":true,"href":"https:\/\/www.ovg.org.br\/site\/index.php?rest_route=%2Fwp%2Fv2%2Fcategories&post=16778"},{"taxonomy":"post_tag","embeddable":true,"href":"https:\/\/www.ovg.org.br\/site\/index.php?rest_route=%2Fwp%2Fv2%2Ftags&post=16778"}],"curies":[{"name":"wp","href":"https:\/\/api.w.org\/{rel}","templated":true}]}}