{"id":16877,"date":"2023-04-25T15:11:37","date_gmt":"2023-04-25T18:11:37","guid":{"rendered":"https:\/\/www.ovg.org.br\/site\/?p=16877"},"modified":"2023-04-25T17:36:54","modified_gmt":"2023-04-25T20:36:54","slug":"em-cavalcante-gracinha-caiado-reforca-compromisso-com-comunidade-quilombola","status":"publish","type":"post","link":"https:\/\/www.ovg.org.br\/site\/?p=16877","title":{"rendered":"<strong>Em Cavalcante, Gracinha Caiado refor\u00e7a compromisso com comunidade quilombola<\/strong>"},"content":{"rendered":"\n<p>O compromisso do Governo de Goi\u00e1s de promover prote\u00e7\u00e3o social \u00e0 popula\u00e7\u00e3o e levar assist\u00eancia diretamente ao cidad\u00e3o foi renovado em mais uma a\u00e7\u00e3o de parceria nesta ter\u00e7a-feira (25\/04). A coordenadora do Gabinete de Pol\u00edticas Sociais (GPS) e presidente de honra da Organiza\u00e7\u00e3o das Volunt\u00e1rias de Goi\u00e1s (OVG), primeira-dama Gracinha Caiado, integrou a abertura do evento Justi\u00e7a Itinerante, realizado em Cavalcante, no Nordeste do Estado. \u201cEssa a\u00e7\u00e3o mostra que, juntos, n\u00f3s podemos fazer muito mais e alcan\u00e7ar as fam\u00edlias de uma forma mais justa e mais f\u00e1cil para eles\u201d, afirmou Gracinha Caiado.<\/p>\n\n\n\n<p>Iniciativa do Tribunal de Justi\u00e7a do Estado de Goi\u00e1s (TJGO), a medida tem parceria com a prefeitura do munic\u00edpio e oferece uma gama de benef\u00edcios e servi\u00e7os aos moradores. Realizado com o refor\u00e7o do Goi\u00e1s Social, programa que implementa a pol\u00edtica social da administra\u00e7\u00e3o estadual, o atendimento segue at\u00e9 a pr\u00f3xima quinta-feira (27\/04). A primeira-dama enfatizou que o modelo de atendimento contempla a comunidade quilombola em suas particularidades. \u201c\u00c9 um munic\u00edpio muito grande, com uma densidade habitacional menor\u201d, lembrou.<\/p>\n\n\n\n<p>A representante do Tribunal de Justi\u00e7a, ju\u00edza auxiliar da presid\u00eancia, Sirlei Martins, expressou a import\u00e2ncia das autoridades em manter a presen\u00e7a do Estado para aux\u00edlio das comunidades origin\u00e1rias, que historicamente permaneceram isoladas. Na regi\u00e3o, o territ\u00f3rio quilombola Kalunga tem abrang\u00eancia no munic\u00edpio. \u201cEssas pessoas t\u00eam uma hist\u00f3ria de luta pela dignidade, resist\u00eancia pela liberdade, que \u00e9 um ensinamento para todos n\u00f3s\u201d, destacou.<\/p>\n\n\n\n<p><strong>Servi\u00e7os e benef\u00edcios<\/strong><\/p>\n\n\n\n<p>Durante a solenidade, foram entregues cart\u00f5es de programas governamentais como o M\u00e3es de Goi\u00e1s, que oferece aux\u00edlio financeiro para m\u00e3es com filhos menores de seis anos. \u201cSei o tanto que faz a diferen\u00e7a na vida de voc\u00eas essa renda extra para trazer comida e rem\u00e9dio para dentro de casa\u201d, ressaltou a primeira-dama. Ao longo da programa\u00e7\u00e3o, a OVG distribui donativos como kits de enxoval para beb\u00ea, fraldas descart\u00e1veis, andadores, bengalas, cadeiras de rodas, colch\u00f5es e leites especiais para rec\u00e9m-nascidos. O alimento de preparo r\u00e1pido, Mix do Bem, tamb\u00e9m \u00e9 ofertado aos moradores. Diferentes \u00e1reas do governo est\u00e3o no local com emiss\u00e3o de documentos, oportunidades de trabalho com carteira assinada e vacina\u00e7\u00e3o contra a Covid-19 e Influenza.<\/p>\n\n\n\n<figure class=\"wp-block-image size-large\"><img loading=\"lazy\" decoding=\"async\" width=\"1024\" height=\"768\" src=\"https:\/\/www.ovg.org.br\/site\/wp-content\/uploads\/2023\/04\/legenda-22-1024x768.jpg\" alt=\"\" class=\"wp-image-16888\" srcset=\"https:\/\/www.ovg.org.br\/site\/wp-content\/uploads\/2023\/04\/legenda-22-1024x768.jpg 1024w, https:\/\/www.ovg.org.br\/site\/wp-content\/uploads\/2023\/04\/legenda-22-300x225.jpg 300w, https:\/\/www.ovg.org.br\/site\/wp-content\/uploads\/2023\/04\/legenda-22-768x576.jpg 768w, https:\/\/www.ovg.org.br\/site\/wp-content\/uploads\/2023\/04\/legenda-22-1536x1152.jpg 1536w, https:\/\/www.ovg.org.br\/site\/wp-content\/uploads\/2023\/04\/legenda-22.jpg 1600w\" sizes=\"auto, (max-width: 1024px) 100vw, 1024px\" \/><\/figure>\n\n\n\n<p>O prefeito Vilmar Kalunga agradeceu o empenho do Estado em priorizar a comunidade local. \u201cO povo est\u00e1 muito feliz com as a\u00e7\u00f5es. Cavalcante avan\u00e7ou, em 5 anos, o que n\u00e3o avan\u00e7ou em 20 anos. E nossa primeira-dama tem um olhar especial pela nossa cidade\u201d, destacou. A programa\u00e7\u00e3o foi acompanhada pelo secret\u00e1rio de Desenvolvimento Social, Wellington Matos, e pela promotora de Justi\u00e7a do Minist\u00e9rio P\u00fablico do Estado de Goi\u00e1s, \u00darsula Catarina.<\/p>\n\n\n\n<p>O Justi\u00e7a Itinerante segue at\u00e9 a pr\u00f3xima quinta-feira (27\/04), atendendo em diversos pontos da cidade. Pelo Governo de Goi\u00e1s, por meio do Goi\u00e1s Social, atuar\u00e3o como parceiros do evento as secretarias de Estado de Desenvolvimento Social (Seds), da Retomada e da Sa\u00fade (SES), a Pol\u00edcia Civil, al\u00e9m da OVG, do GPS, do Minist\u00e9rio P\u00fablico estadual e da Justi\u00e7a Federal.<\/p>\n\n\n\n<p><strong>Secretaria de Comunica\u00e7\u00e3o \u2013 Governo de Goi\u00e1s<\/strong><\/p>\n","protected":false},"excerpt":{"rendered":"<p>Primeira-dama do Estado enaltece modelo de parceria com TJ-GO para facilitar acesso da popula\u00e7\u00e3o em vulnerabilidade a a\u00e7\u00f5es sociais. \u201cJuntos, podemos fazer muito mais e alcan\u00e7ar as fam\u00edlias de uma forma mais justa e mais f\u00e1cil\u201d, afirma<\/p>\n","protected":false},"author":4,"featured_media":16892,"comment_status":"closed","ping_status":"closed","sticky":false,"template":"","format":"standard","meta":{"_acf_changed":false,"footnotes":""},"categories":[1],"tags":[38],"class_list":["post-16877","post","type-post","status-publish","format-standard","has-post-thumbnail","hentry","category-noticias-ovg","tag-strong-strong"],"acf":[],"_links":{"self":[{"href":"https:\/\/www.ovg.org.br\/site\/index.php?rest_route=\/wp\/v2\/posts\/16877","targetHints":{"allow":["GET"]}}],"collection":[{"href":"https:\/\/www.ovg.org.br\/site\/index.php?rest_route=\/wp\/v2\/posts"}],"about":[{"href":"https:\/\/www.ovg.org.br\/site\/index.php?rest_route=\/wp\/v2\/types\/post"}],"author":[{"embeddable":true,"href":"https:\/\/www.ovg.org.br\/site\/index.php?rest_route=\/wp\/v2\/users\/4"}],"replies":[{"embeddable":true,"href":"https:\/\/www.ovg.org.br\/site\/index.php?rest_route=%2Fwp%2Fv2%2Fcomments&post=16877"}],"version-history":[{"count":6,"href":"https:\/\/www.ovg.org.br\/site\/index.php?rest_route=\/wp\/v2\/posts\/16877\/revisions"}],"predecessor-version":[{"id":16889,"href":"https:\/\/www.ovg.org.br\/site\/index.php?rest_route=\/wp\/v2\/posts\/16877\/revisions\/16889"}],"wp:featuredmedia":[{"embeddable":true,"href":"https:\/\/www.ovg.org.br\/site\/index.php?rest_route=\/wp\/v2\/media\/16892"}],"wp:attachment":[{"href":"https:\/\/www.ovg.org.br\/site\/index.php?rest_route=%2Fwp%2Fv2%2Fmedia&parent=16877"}],"wp:term":[{"taxonomy":"category","embeddable":true,"href":"https:\/\/www.ovg.org.br\/site\/index.php?rest_route=%2Fwp%2Fv2%2Fcategories&post=16877"},{"taxonomy":"post_tag","embeddable":true,"href":"https:\/\/www.ovg.org.br\/site\/index.php?rest_route=%2Fwp%2Fv2%2Ftags&post=16877"}],"curies":[{"name":"wp","href":"https:\/\/api.w.org\/{rel}","templated":true}]}}