{"id":16931,"date":"2023-04-27T15:43:45","date_gmt":"2023-04-27T18:43:45","guid":{"rendered":"https:\/\/www.ovg.org.br\/site\/?p=16931"},"modified":"2023-05-15T16:03:53","modified_gmt":"2023-05-15T19:03:53","slug":"goias-e-solidariedade-e-amor-ao-proximo-e-acolhimento-diz-gracinha-caiado-no-lancamento-da-campanha-aquecendo-vidas","status":"publish","type":"post","link":"https:\/\/www.ovg.org.br\/site\/?p=16931","title":{"rendered":"&#8220;Goi\u00e1s \u00e9 solidariedade, \u00e9 amor ao pr\u00f3ximo e acolhimento\u201d, diz Gracinha Caiado no lan\u00e7amento da Campanha Aquecendo Vidas"},"content":{"rendered":"\n<p><strong>Elis\u00e2ngela Vieira <\/strong><\/p>\n\n\n\n<p>O Governo do Estado, por meio da Organiza\u00e7\u00e3o das Volunt\u00e1rias de Goi\u00e1s (OVG) e o Gabinete de Pol\u00edticas Sociais (GPS), lan\u00e7ou nesta quinta-feira (27\/04) a Campanha Aquecendo Vidas. A\u00e7\u00e3o do Goi\u00e1s Social com o objetivo de proteger a popula\u00e7\u00e3o vulner\u00e1vel nas noites mais frias, a iniciativa distribuir\u00e1 70 mil cobertores adquiridos pelo Governo de Goi\u00e1s e arrecadar\u00e1 agasalhos novos e usados em bom estado de conserva\u00e7\u00e3o.<\/p>\n\n\n\n<p>A cerim\u00f4nia foi comandada pela presidente de hora da OVG e coordenadora do GPS, primeira-dama Gracinha Caiado, que fez quest\u00e3o de agradecer a todas as pessoas presentes, principalmente os parceiros do programa. \u201cA OVG \u00e9 isso: \u00e9 parceria, \u00e9 solidariedade, \u00e9 amor. Somos privilegiados. N\u00e3o temos preocupa\u00e7\u00e3o com o frio, porque temos certeza de que estaremos aquecidos nos dias mais frios. Mas, infelizmente essa n\u00e3o \u00e9 a realidade de muitas pessoas, que vivem pelo interior de Goi\u00e1s, que vivem nos grandes centros&#8221;, lembrou Gracinha, durante coletiva de imprensa.<\/p>\n\n\n\n<p>Segundo o Centro de Informa\u00e7\u00f5es Meteorol\u00f3gicas e Hidrol\u00f3gicas de Goi\u00e1s (Cimehgo), massas de ar polar comumente provocam a queda na temperatura em v\u00e1rias regi\u00f5es do Estado nos pr\u00f3ximos meses do ano. No evento desta quinta, Gracinha destacou que o Governo de Goi\u00e1s trabalha de forma preventiva para chegar a quem mais precisa, sem deixar ningu\u00e9m para tr\u00e1s. &#8220;\u00c9 claro que estaremos a postos verificando a situa\u00e7\u00e3o e, agindo com anteced\u00eancia e de forma preventiva, dentro dos limites das informa\u00e7\u00f5es meteorol\u00f3gicas, para antecipar nossas a\u00e7\u00f5es antes que o per\u00edodo de frio mais severo de fato chegue&#8221;, lembrou.<\/p>\n\n\n\n<p>&#8220;Ent\u00e3o, eu pe\u00e7o de cora\u00e7\u00e3o: vamos nos unir nessa miss\u00e3o que \u00e9 t\u00e3o importante para mim e para o governador Ronaldo Caiado, a miss\u00e3o de proteger do frio aqueles que mais precisam. Goi\u00e1s \u00e9 solidariedade, \u00e9 amor ao pr\u00f3ximo e acolhimento. Juntos, vamos aquecer fam\u00edlias em vulnerabilidade, vamos aquecer crian\u00e7as em todo o Estado\u201d, finalizou Gracinha Caiado.<\/p>\n\n\n\n<p><strong>Doa\u00e7\u00f5es<\/strong><br>A Campanha Aquecendo Vidas j\u00e1 distribuiu mais de 200 mil cobertores desde 2019, al\u00e9m dos 70 mil adquiridos para esse ano. A a\u00e7\u00e3o representa um investimento de quase R$ 9,5 milh\u00f5es pelo Governo do Estado. Neste ano, as doa\u00e7\u00f5es poder\u00e3o ser entregues, de 2 a 25 de maio, em 16 pontos diferente da capital. Ser\u00e3o beneficiadas entidades sociais, principalmente as que cuidam de idosos, pessoas em situa\u00e7\u00e3o de rua e fam\u00edlias em situa\u00e7\u00e3o de vulnerabilidade social de todo o Estado.<\/p>\n\n\n\n<p>Os cobertores ser\u00e3o entregues via munic\u00edpios, que far\u00e3o a retirada em Goi\u00e2nia. A OVG firmou essa parceria de modo a alcan\u00e7ar o maior n\u00famero poss\u00edvel de pessoas necessitadas. Quem quiser saber mais sobre mais sobre a Campanha Aquecendo Vidas pode entrar em contato com a OVG pelo telefone 62 3201-9315.<\/p>\n\n\n\n<p><strong>Pontos de coleta das doa\u00e7\u00f5es<\/strong><\/p>\n\n\n\n<p>OVG \u2013 Rua T-14, Setor Bueno \u2013 Goi\u00e2nia<br>Pal\u00e1cio Pedro Ludovico Teixeira \u2013 Rua 82, n\u00ba 400, Centro \u2013 Goi\u00e2nia<br>Junta Comercial do Estado de Goi\u00e1s (Juceg) \u2013 Rua 259, Setor Leste Universit\u00e1rio \u2013 Goi\u00e2nia<br>Corpo de Bombeiros \u2013 Av. C-206 \u2013 Jardim Am\u00e9rica \u2013 Goi\u00e2nia<br>Saneago \u2013 Av. Fued Jos\u00e9 Sebba, n\u00ba 1.245 \u2013 Jardim Goi\u00e1s<br>Sebrae -GO \u2013 Av. T-03, n\u00ba 1.000 \u2013 Setor Bueno &#8211; Goi\u00e2nia<br>Tribunal de Conta do Munic\u00edpio (TCM) \u2013 Rua 68, n\u00ba 727, Setor Central Goi\u00e2nia<br>Associa\u00e7\u00e3o Comercial e Industrial do Estado de Goi\u00e1s (Acieg) \u2013 Rua 14, n\u00ba 50, Setor Oeste \u2013 Goi\u00e2nia<br>Shopping Bougainville \u2013 Rua 9, n\u00ba 1.855, Setor Marista \u2013 Goi\u00e2nia<br>Associa\u00e7\u00e3o Goiana dos Supermercados \u2013 Av. C-7, Qd. 80, Lote \u00c1rea, n\u00ba 3.144 &#8211; Vila dos Alpes \u2013 Goi\u00e2nia<br>Assembleia Legislativa do Estado de Goi\u00e1s \u2013 Av. Emival Bueno, Qd. G, Lt. 01, Parque Lozandes \u2013 Goi\u00e2nia<br>Servi\u00e7o Nacional de Aprendizagem do Cooperativismo no Estado de Goi\u00e1s (SESCOOP\/OCB) &#8211; Rua 14 esquina com Avenida H, n.\u00ba 550, Jardim Goi\u00e1s &#8211; Goi\u00e2nia<br>Super Agos &#8211; Av. C-7, Qd. 80, Lote: \u00c1rea N\u00ba 3144, Setor Sudoeste, CEP: 74.305-080 &#8211; Goi\u00e2nia<br>Secretaria de Estado da Educa\u00e7\u00e3o (Seduc) &#8211; 5\u00aa Av. Qd. 71, n.\u00ba212, Setor Leste Vila Nova &#8211; Goi\u00e2nia<br>Ag\u00eancia Goiana de Regula\u00e7\u00e3o (AGR) &#8211; Av. Goi\u00e1s, 305, Setor Central &#8211; Goi\u00e2nia<br>Secretaria de Estado da Infraestrutura (Seinfra) &#8211; R. 21, 410 &#8211; Vila Santa Helena, Goi\u00e2nia<br>Secretaria de Estado de Agricultura, Pecu\u00e1ria e Abastecimento Governo do Estado de Goi\u00e1s (Seapa) &#8211; Rua 256, 52 &#8211; Setor Leste Universit\u00e1rio, Goi\u00e2nia<br>Ag\u00eancia Goiana de Infraestrutura e Transportes (Goinfra) &#8211; Av. Gov. Jos\u00e9 Ludovico de Almeida, 20 &#8211; Conj. Cai\u00e7ara &#8211; Goi\u00e2nia<\/p>\n\n\n\n<p><strong>Organiza\u00e7\u00e3o das Volunt\u00e1rias de Goi\u00e1s &#8211; Governo de Goi\u00e1s<\/strong><\/p>\n","protected":false},"excerpt":{"rendered":"<p>Iniciativa \u00e9 uma a\u00e7\u00e3o do Goi\u00e1s Social, via Organiza\u00e7\u00e3o das Volunt\u00e1rias de Goi\u00e1s (OVG) e Gabinete de Pol\u00edticas Sociais (GPS). Agasalhos arrecadados ser\u00e3o destinados a entidades sociais, pessoas em situa\u00e7\u00e3o de rua e fam\u00edlias em vulnerabilidade social de todo Estado<\/p>\n","protected":false},"author":8,"featured_media":16933,"comment_status":"closed","ping_status":"closed","sticky":false,"template":"","format":"standard","meta":{"_acf_changed":false,"footnotes":""},"categories":[1],"tags":[],"class_list":["post-16931","post","type-post","status-publish","format-standard","has-post-thumbnail","hentry","category-noticias-ovg"],"acf":[],"_links":{"self":[{"href":"https:\/\/www.ovg.org.br\/site\/index.php?rest_route=\/wp\/v2\/posts\/16931","targetHints":{"allow":["GET"]}}],"collection":[{"href":"https:\/\/www.ovg.org.br\/site\/index.php?rest_route=\/wp\/v2\/posts"}],"about":[{"href":"https:\/\/www.ovg.org.br\/site\/index.php?rest_route=\/wp\/v2\/types\/post"}],"author":[{"embeddable":true,"href":"https:\/\/www.ovg.org.br\/site\/index.php?rest_route=\/wp\/v2\/users\/8"}],"replies":[{"embeddable":true,"href":"https:\/\/www.ovg.org.br\/site\/index.php?rest_route=%2Fwp%2Fv2%2Fcomments&post=16931"}],"version-history":[{"count":3,"href":"https:\/\/www.ovg.org.br\/site\/index.php?rest_route=\/wp\/v2\/posts\/16931\/revisions"}],"predecessor-version":[{"id":17124,"href":"https:\/\/www.ovg.org.br\/site\/index.php?rest_route=\/wp\/v2\/posts\/16931\/revisions\/17124"}],"wp:featuredmedia":[{"embeddable":true,"href":"https:\/\/www.ovg.org.br\/site\/index.php?rest_route=\/wp\/v2\/media\/16933"}],"wp:attachment":[{"href":"https:\/\/www.ovg.org.br\/site\/index.php?rest_route=%2Fwp%2Fv2%2Fmedia&parent=16931"}],"wp:term":[{"taxonomy":"category","embeddable":true,"href":"https:\/\/www.ovg.org.br\/site\/index.php?rest_route=%2Fwp%2Fv2%2Fcategories&post=16931"},{"taxonomy":"post_tag","embeddable":true,"href":"https:\/\/www.ovg.org.br\/site\/index.php?rest_route=%2Fwp%2Fv2%2Ftags&post=16931"}],"curies":[{"name":"wp","href":"https:\/\/api.w.org\/{rel}","templated":true}]}}