{"id":16997,"date":"2023-05-04T08:35:23","date_gmt":"2023-05-04T11:35:23","guid":{"rendered":"https:\/\/www.ovg.org.br\/site\/?p=16997"},"modified":"2023-05-04T08:37:14","modified_gmt":"2023-05-04T11:37:14","slug":"governo-de-goias-recebe-cerca-de-seis-toneladas-de-pecas-de-roupas-da-receita-federal","status":"publish","type":"post","link":"https:\/\/www.ovg.org.br\/site\/?p=16997","title":{"rendered":"Governo de Goi\u00e1s recebe cerca de seis toneladas de pe\u00e7as de roupas da Receita Federal"},"content":{"rendered":"\n<p>Elis\u00e2ngela Vieira<\/p>\n\n\n\n<p>O Governo de Goi\u00e1s, via Goi\u00e1s Social, recebeu cerca de seis toneladas de pe\u00e7as de roupas nesta quarta-feira (03\/05). A doa\u00e7\u00e3o foi feita pela Receita Federal do Brasil, em Goi\u00e2nia. Os itens, que incluem camisetas, shorts, cal\u00e7as, bermudas e agasalhos ser\u00e3o destinados a fam\u00edlias em extrema vulnerabilidade social e entidades atendidas pela Organiza\u00e7\u00e3o das Volunt\u00e1rias de Goi\u00e1s (OVG).<\/p>\n\n\n\n<p>A doa\u00e7\u00e3o \u00e9 fruto de apreens\u00f5es da Receita Federal e parceiros em opera\u00e7\u00f5es contra falsifica\u00e7\u00e3o, sonega\u00e7\u00e3o de imposto e combate ao contrabando. Somadas, as pe\u00e7as de roupa totalizam R$ 385 mil. O repasse foi feito pelo titular da Delegacia da Receita Federal em Goi\u00e2nia, auditor Djalma Alencar Lustosa Sobrinho. \u201c\u00c9 uma satisfa\u00e7\u00e3o poder colaborar com o Goi\u00e1s Social. A Receita Federal tem tamb\u00e9m uma grande preocupa\u00e7\u00e3o de atender, de forma palp\u00e1vel, a popula\u00e7\u00e3o mais vulner\u00e1vel\u201d, afirmou.<\/p>\n\n\n\n<p>O secret\u00e1rio de Estado de Desenvolvimento Social, Wellington Matos de Lima, ressaltou a import\u00e2ncia do Goi\u00e1s Social, que \u00e9 coordenado pela primeira-dama Gracinha Caiado, e re\u00fane v\u00e1rias pastas do Governo Estadual. \u201cN\u00f3s trabalhamos dessa forma: um apoiando o outro. O objetivo final \u00e9 fazer chegar esse material a quem mais precisa\u201d.<\/p>\n\n\n\n<p><strong>Parcerias<\/strong><\/p>\n\n\n\n<p>A doa\u00e7\u00e3o recebida nesta quarta-feira soma-se a outras feitas por parceiros que fazem parte de uma rede de solidariedade formada pelo Goi\u00e1s Social, por meio da OVG e do Gabinete de Pol\u00edticas Sociais (GPS). No come\u00e7o de mar\u00e7o desse ano, a Organiza\u00e7\u00e3o e o GPS receberam 17 mil pe\u00e7as de roupa do Tribunal de Justi\u00e7a do Estado de Goi\u00e1s (TJ-GO), itens que est\u00e3o sendo destinados a fam\u00edlias em extrema vulnerabilidade social, em todo o Estado, dentro de a\u00e7\u00f5es do Goi\u00e1s Social.<\/p>\n\n\n\n<p>Desde 2019, foram mais de 22 mil unidades de pe\u00e7as doadas pelo Tribunal de Justi\u00e7a do Estado de Goi\u00e1s, entre roupas masculinas, femininas e infantis, cintos, carteiras, rel\u00f3gios, roupas \u00edntimas e cal\u00e7ados.<\/p>\n\n\n\n<p>J\u00e1 a Delegacia do Consumidor (Decon) repassou, em dezembro ao ano passado, mais de mil pe\u00e7as de roupas, como camisas, camisetas, bermudas e cal\u00e7as jeans \u00e0 OVG e ao GPS. Doa\u00e7\u00e3o tamb\u00e9m destinada a dar mais dignidade e cidadania aos que mais precisam.<\/p>\n\n\n\n<p><strong>Organiza\u00e7\u00e3o das Volunt\u00e1rias de Goi\u00e1s \u2013 Governo de Goi\u00e1s<\/strong><\/p>\n","protected":false},"excerpt":{"rendered":"<p>Doa\u00e7\u00f5es ser\u00e3o destinadas a fam\u00edlias em extrema vulnerabilidade social e entidades atendidas pela OVG, dentro de a\u00e7\u00f5es do Programa Goi\u00e1s Social<\/p>\n","protected":false},"author":4,"featured_media":16998,"comment_status":"closed","ping_status":"closed","sticky":false,"template":"","format":"standard","meta":{"_acf_changed":false,"footnotes":""},"categories":[1],"tags":[],"class_list":["post-16997","post","type-post","status-publish","format-standard","has-post-thumbnail","hentry","category-noticias-ovg"],"acf":[],"_links":{"self":[{"href":"https:\/\/www.ovg.org.br\/site\/index.php?rest_route=\/wp\/v2\/posts\/16997","targetHints":{"allow":["GET"]}}],"collection":[{"href":"https:\/\/www.ovg.org.br\/site\/index.php?rest_route=\/wp\/v2\/posts"}],"about":[{"href":"https:\/\/www.ovg.org.br\/site\/index.php?rest_route=\/wp\/v2\/types\/post"}],"author":[{"embeddable":true,"href":"https:\/\/www.ovg.org.br\/site\/index.php?rest_route=\/wp\/v2\/users\/4"}],"replies":[{"embeddable":true,"href":"https:\/\/www.ovg.org.br\/site\/index.php?rest_route=%2Fwp%2Fv2%2Fcomments&post=16997"}],"version-history":[{"count":2,"href":"https:\/\/www.ovg.org.br\/site\/index.php?rest_route=\/wp\/v2\/posts\/16997\/revisions"}],"predecessor-version":[{"id":17000,"href":"https:\/\/www.ovg.org.br\/site\/index.php?rest_route=\/wp\/v2\/posts\/16997\/revisions\/17000"}],"wp:featuredmedia":[{"embeddable":true,"href":"https:\/\/www.ovg.org.br\/site\/index.php?rest_route=\/wp\/v2\/media\/16998"}],"wp:attachment":[{"href":"https:\/\/www.ovg.org.br\/site\/index.php?rest_route=%2Fwp%2Fv2%2Fmedia&parent=16997"}],"wp:term":[{"taxonomy":"category","embeddable":true,"href":"https:\/\/www.ovg.org.br\/site\/index.php?rest_route=%2Fwp%2Fv2%2Fcategories&post=16997"},{"taxonomy":"post_tag","embeddable":true,"href":"https:\/\/www.ovg.org.br\/site\/index.php?rest_route=%2Fwp%2Fv2%2Ftags&post=16997"}],"curies":[{"name":"wp","href":"https:\/\/api.w.org\/{rel}","templated":true}]}}