{"id":17046,"date":"2023-05-08T09:11:42","date_gmt":"2023-05-08T12:11:42","guid":{"rendered":"https:\/\/www.ovg.org.br\/site\/?p=17046"},"modified":"2023-05-09T08:36:38","modified_gmt":"2023-05-09T11:36:38","slug":"governo-entrega-beneficios-do-goias-social-no-municipio-do-faina","status":"publish","type":"post","link":"https:\/\/www.ovg.org.br\/site\/?p=17046","title":{"rendered":"Governo entrega benef\u00edcios do Goi\u00e1s Social no munic\u00edpio do Faina"},"content":{"rendered":"\n<p><strong>Com informa\u00e7\u00f5es de Lucas Dellamare<\/strong><\/p>\n\n\n\n<p>O Governo de Goi\u00e1s, por meio do Gabinete de Pol\u00edticas Sociais (GPS), realizou nesta sexta-feira e s\u00e1bado (5 e 6\/5) a\u00e7\u00e3o do programa Goi\u00e1s Social no Povoado Recanto das Araras, localizado no munic\u00edpio de Faina. Durante o evento, a Organiza\u00e7\u00e3o das Volunt\u00e1rias de Goi\u00e1s (OVG), com a unidade m\u00f3vel \u201cOVG Perto de Voc\u00ea\u201d, entregou diversos benef\u00edcios sociais aos moradores. A popula\u00e7\u00e3o local ainda contou com servi\u00e7os do Vapt Vupt, com emiss\u00e3o de RG e CPF; do Detran, com emiss\u00e3o de Boleto CRV; da Goi\u00e1s Prev e do Ipasgo; al\u00e9m de exames de sa\u00fade.<\/p>\n\n\n\n<p>A primeira-dama Gracinha Caiado, que \u00e9 presidente de honra da OVG e coordenadora do GPS, destaca que as a\u00e7\u00f5es do Goi\u00e1s Social s\u00e3o fundamentais para chegar \u00e0s fam\u00edlias vulner\u00e1veis do interior do Estado. \u201cNosso papel \u00e9 justamente pensar nessas pessoas e levar esse servi\u00e7o at\u00e9 elas. Semana passada est\u00e1vamos em Cavalcante, essa semana em Faina, e assim percorreremos todo o Estado levando qualidade de vida a todos os goianos\u201d, destaca.<\/p>\n\n\n\n<p>A a\u00e7\u00e3o no povoado teve in\u00edcio ainda na quinta-feira (4) com a realiza\u00e7\u00e3o de visitas \u00e0s fam\u00edlias do povoado e da zona rural, seguida pela entrega dos donativos e realiza\u00e7\u00e3o de consultas na \u00e1rea de Odontologia, Oftalmologia e Dermatologia, bem como cirurgia de retirada de les\u00f5es para bi\u00f3psia de Xeroderma. Os atendimentos s\u00e3o realizados em parceria com a empresa La Roche-Posay, Sociedade Brasileira de Dermatologia, Calc\u00e1rio Alto Araguaia e com as prefeituras de Faina e Matrinch\u00e3.<\/p>\n\n\n\n<p>O senhor Constantino Freire de Andrade, de 70 anos, \u00e9 o morador mais antigo do povoado de Araras e relembra que, em governos anteriores, a\u00e7\u00f5es como esta n\u00e3o chegavam at\u00e9 as pessoas da regi\u00e3o. \u201cUma a\u00e7\u00e3o dessas traz benef\u00edcios demais pra n\u00f3s! Antigamente, a gente era meio esquecido, n\u00e9? Eu mesmo nunca tinha visto uma estrutura dessa aqui nas Araras, ainda mais trazendo essas doa\u00e7\u00f5es que a gente tanto precisa. Vou te falar a verdade, o que Gracinha e o governador Caiado est\u00e3o fazendo \u00e9 de tirar o chap\u00e9u\u201d, comemora.<\/p>\n\n\n\n<p>O programa Goi\u00e1s Social \u00e9 uma iniciativa criada pelo governador Ronaldo Caiado para diminuir a vulnerabilidade social das fam\u00edlias goianas. Durante o evento realizado no final desta semana, entre os donativos entregues, a OVG disponibilizou kits de enxoval para beb\u00ea, banheiras, kits de fraldas descart\u00e1veis geri\u00e1trica e infantil, andadores, bengalas, cadeiras de rodas padr\u00e3o e higi\u00eanica, colch\u00f5es caixa de ovo e leites especiais para rec\u00e9m-nascidos. Tamb\u00e9m foram entregues kits do Mix do Bem, um alimento nutritivo e saboroso que faz parte das a\u00e7\u00f5es do Goi\u00e1s Social no combate \u00e0 inseguran\u00e7a alimentar.<\/p>\n\n\n\n<p><strong>Atendimento de sa\u00fade<\/strong><\/p>\n\n\n\n<p>Os atendimentos na \u00e1rea de sa\u00fade inclu\u00edram o procedimento para retirada de les\u00f5es para bi\u00f3psia do Xeroderma Pigmentoso, uma doen\u00e7a gen\u00e9tica, n\u00e3o contagiosa, que \u00e9 caracterizada por uma extrema sensibilidade \u00e0 radia\u00e7\u00e3o ultravioleta. Para a a\u00e7\u00e3o em Araras, a empresa de cosm\u00e9ticos La Roche-Posay disponibilizou uma equipe de seis m\u00e9dicos dermatologistas, trabalhando em tr\u00eas consult\u00f3rios para a retirada de les\u00f5es causadas pela doen\u00e7a. &#8220;Ap\u00f3s a retirada dessas les\u00f5es aqui na a\u00e7\u00e3o, esse material ser\u00e1 encaminhado para a Secretaria Municipal de Sa\u00fade, que realizar\u00e1 a bi\u00f3psia para que o tratamento continue&#8221;, explica Izabella Martorelli, do time cient\u00edfico da empresa.<\/p>\n\n\n\n<p>A goiana Juliana Francieli Flores mora em Ipor\u00e1 e \u00e9 portadora do Xeroderma. Ela foi at\u00e9 Araras para se consultar, ap\u00f3s ficar sabendo da a\u00e7\u00e3o por conhecidos que tamb\u00e9m t\u00eam a doen\u00e7a. \u201cTrazer um atendimento desses aqui para essa regi\u00e3o faz toda a diferen\u00e7a. Sabemos que n\u00f3s, que temos o gene, precisamos de acompanhamento constante. Mas, para muitos, \u00e9 dif\u00edcil ir a todas as consultas pela dist\u00e2ncia\u201d, explicou.<\/p>\n\n\n\n<p><strong>Gabinete de Pol\u00edticas Sociais &#8211; GPS<\/strong><\/p>\n","protected":false},"excerpt":{"rendered":"<p>Durante a\u00e7\u00e3o no Povoado de Araras, a OVG entregou v\u00e1rios benef\u00edcios sociais, entre eles Mix do Bem, kits de enxoval para beb\u00ea, cadeiras de rodas padr\u00e3o e higi\u00eanica, colch\u00f5es e kits de fraldas descart\u00e1veis<\/p>\n","protected":false},"author":4,"featured_media":17047,"comment_status":"closed","ping_status":"closed","sticky":false,"template":"","format":"standard","meta":{"_acf_changed":false,"footnotes":""},"categories":[1],"tags":[],"class_list":["post-17046","post","type-post","status-publish","format-standard","has-post-thumbnail","hentry","category-noticias-ovg"],"acf":[],"_links":{"self":[{"href":"https:\/\/www.ovg.org.br\/site\/index.php?rest_route=\/wp\/v2\/posts\/17046","targetHints":{"allow":["GET"]}}],"collection":[{"href":"https:\/\/www.ovg.org.br\/site\/index.php?rest_route=\/wp\/v2\/posts"}],"about":[{"href":"https:\/\/www.ovg.org.br\/site\/index.php?rest_route=\/wp\/v2\/types\/post"}],"author":[{"embeddable":true,"href":"https:\/\/www.ovg.org.br\/site\/index.php?rest_route=\/wp\/v2\/users\/4"}],"replies":[{"embeddable":true,"href":"https:\/\/www.ovg.org.br\/site\/index.php?rest_route=%2Fwp%2Fv2%2Fcomments&post=17046"}],"version-history":[{"count":2,"href":"https:\/\/www.ovg.org.br\/site\/index.php?rest_route=\/wp\/v2\/posts\/17046\/revisions"}],"predecessor-version":[{"id":17077,"href":"https:\/\/www.ovg.org.br\/site\/index.php?rest_route=\/wp\/v2\/posts\/17046\/revisions\/17077"}],"wp:featuredmedia":[{"embeddable":true,"href":"https:\/\/www.ovg.org.br\/site\/index.php?rest_route=\/wp\/v2\/media\/17047"}],"wp:attachment":[{"href":"https:\/\/www.ovg.org.br\/site\/index.php?rest_route=%2Fwp%2Fv2%2Fmedia&parent=17046"}],"wp:term":[{"taxonomy":"category","embeddable":true,"href":"https:\/\/www.ovg.org.br\/site\/index.php?rest_route=%2Fwp%2Fv2%2Fcategories&post=17046"},{"taxonomy":"post_tag","embeddable":true,"href":"https:\/\/www.ovg.org.br\/site\/index.php?rest_route=%2Fwp%2Fv2%2Ftags&post=17046"}],"curies":[{"name":"wp","href":"https:\/\/api.w.org\/{rel}","templated":true}]}}