{"id":17066,"date":"2023-05-08T15:05:10","date_gmt":"2023-05-08T18:05:10","guid":{"rendered":"https:\/\/www.ovg.org.br\/site\/?p=17066"},"modified":"2023-05-08T15:05:11","modified_gmt":"2023-05-08T18:05:11","slug":"governo-de-goias-lanca-edital-para-4-mil-novas-bolsas-do-probem","status":"publish","type":"post","link":"https:\/\/www.ovg.org.br\/site\/?p=17066","title":{"rendered":"Governo de Goi\u00e1s lan\u00e7a edital para 4 mil novas bolsas do ProBem"},"content":{"rendered":"\n<p><strong>Elis\u00e2ngela Vieira<\/strong><\/p>\n\n\n\n<p>O Governo Estadual, por meio do Goi\u00e1s Social, lan\u00e7a nesta segunda-feira (08\/05) o edital de sele\u00e7\u00e3o para novos bolsistas do Programa Universit\u00e1rio do Bem (ProBem), da Organiza\u00e7\u00e3o das Volunt\u00e1rias de Goi\u00e1s (OVG). Ao todo, 4 mil bolsas ser\u00e3o disponibilizadas para estudantes universit\u00e1rios em situa\u00e7\u00e3o de vulnerabilidade social de todos os munic\u00edpios goianos. O edital poder\u00e1 ser acessado no site da OVG (www.ovg.org.br) e as inscri\u00e7\u00f5es devem ser realizadas de 20 de junho a 07 de julho. Os contemplados v\u00e3o receber o benef\u00edcio retroativo a julho de 2023.<\/p>\n\n\n\n<p>Para concorrer ao benef\u00edcio, \u00e9 necess\u00e1rio que o estudante esteja inscrito no Cadastro \u00danico para Programas Sociais do Governo Federal (Cad\u00danico) e possua vaga na Institui\u00e7\u00e3o de Ensino Superior (IES). Ser\u00e3o ofertadas quatro mil bolsas sendo mil integrais, que correspondem a 100% do valor da mensalidade limitados a R$ 1.500,00, e tr\u00eas mil parciais, que correspondem a 50% do valor da mensalidade, limitados a R$ 650,00.<\/p>\n\n\n\n<p>As bolsas concedidas aos estudantes que cursam Medicina ou Odontologia t\u00eam seus limites maiores, R$ 2.900,00 para parciais e R$ 5.800,00 para integrais, pois os valores das mensalidades s\u00e3o superiores aos dos outros cursos.<\/p>\n\n\n\n<p>Para a presidente de honra da OVG e coordenadora do Gabinete de Pol\u00edticas Sociais (GPS), primeira-dama Gracinha Caiado, o ProBem significa responsabilidade, compromisso, cidadania e respeito aos jovens vulner\u00e1veis do Estado de Goi\u00e1s. \u201cO governador Ronaldo Caiado assumiu o compromisso de romper o ciclo da pobreza em Goi\u00e1s e, para isso, acreditamos que a educa\u00e7\u00e3o \u00e9 o caminho. Diante desse desafio, nossos universit\u00e1rios representam a aposta do Governo do Estado no futuro de Goi\u00e1s\u201d, completa.<\/p>\n\n\n\n<p><strong>ProBem<br><\/strong>Criado pelo atual governo, o ProBem amplia a capacidade de atendimento aos mais vulner\u00e1veis, trazendo maior seguran\u00e7a ao processo seletivo, elevando a redu\u00e7\u00e3o das desigualdades sociais por meio do acesso ao ensino superior, al\u00e9m de gerar m\u00e3o de obra qualificada no Estado de Goi\u00e1s.<\/p>\n\n\n\n<p>Atualmente, o Programa tem 14.244 bolsas ativas e contempla universit\u00e1rios de 233 munic\u00edpios goianos, em 91 Institui\u00e7\u00f5es de Ensino Superior (IES). S\u00e3o estudantes de 72 cursos diferentes. Do total de bolsas, 444 s\u00e3o preenchidas pessoas com defici\u00eancia. As mulheres correspondem, na atualidade, a 75% das contempladas pelo Programa.<\/p>\n\n\n\n<p><strong>Organiza\u00e7\u00e3o das Volunt\u00e1rias de Goi\u00e1s (OVG) \u2013 Governo de Goi\u00e1s<\/strong><\/p>\n","protected":false},"excerpt":{"rendered":"<p>Estudantes em vulnerabilidade social cadastrados no Cad\u00danico poder\u00e3o se inscrever por meio do site da OVG de 20 de junho a 07 de julho. Ser\u00e3o ofertadas mil bolsas integrais e tr\u00eas mil parciais<\/p>\n","protected":false},"author":8,"featured_media":17067,"comment_status":"closed","ping_status":"closed","sticky":false,"template":"","format":"standard","meta":{"_acf_changed":false,"footnotes":""},"categories":[1],"tags":[],"class_list":["post-17066","post","type-post","status-publish","format-standard","has-post-thumbnail","hentry","category-noticias-ovg"],"acf":[],"_links":{"self":[{"href":"https:\/\/www.ovg.org.br\/site\/index.php?rest_route=\/wp\/v2\/posts\/17066","targetHints":{"allow":["GET"]}}],"collection":[{"href":"https:\/\/www.ovg.org.br\/site\/index.php?rest_route=\/wp\/v2\/posts"}],"about":[{"href":"https:\/\/www.ovg.org.br\/site\/index.php?rest_route=\/wp\/v2\/types\/post"}],"author":[{"embeddable":true,"href":"https:\/\/www.ovg.org.br\/site\/index.php?rest_route=\/wp\/v2\/users\/8"}],"replies":[{"embeddable":true,"href":"https:\/\/www.ovg.org.br\/site\/index.php?rest_route=%2Fwp%2Fv2%2Fcomments&post=17066"}],"version-history":[{"count":2,"href":"https:\/\/www.ovg.org.br\/site\/index.php?rest_route=\/wp\/v2\/posts\/17066\/revisions"}],"predecessor-version":[{"id":17069,"href":"https:\/\/www.ovg.org.br\/site\/index.php?rest_route=\/wp\/v2\/posts\/17066\/revisions\/17069"}],"wp:featuredmedia":[{"embeddable":true,"href":"https:\/\/www.ovg.org.br\/site\/index.php?rest_route=\/wp\/v2\/media\/17067"}],"wp:attachment":[{"href":"https:\/\/www.ovg.org.br\/site\/index.php?rest_route=%2Fwp%2Fv2%2Fmedia&parent=17066"}],"wp:term":[{"taxonomy":"category","embeddable":true,"href":"https:\/\/www.ovg.org.br\/site\/index.php?rest_route=%2Fwp%2Fv2%2Fcategories&post=17066"},{"taxonomy":"post_tag","embeddable":true,"href":"https:\/\/www.ovg.org.br\/site\/index.php?rest_route=%2Fwp%2Fv2%2Ftags&post=17066"}],"curies":[{"name":"wp","href":"https:\/\/api.w.org\/{rel}","templated":true}]}}