{"id":17115,"date":"2023-05-12T17:22:21","date_gmt":"2023-05-12T20:22:21","guid":{"rendered":"https:\/\/www.ovg.org.br\/site\/?p=17115"},"modified":"2023-05-12T17:22:38","modified_gmt":"2023-05-12T20:22:38","slug":"gracinha-caiado-inaugura-restaurante-do-bem-em-santo-antonio-do-descoberto","status":"publish","type":"post","link":"https:\/\/www.ovg.org.br\/site\/?p=17115","title":{"rendered":"Gracinha Caiado inaugura Restaurante do Bem em Santo Ant\u00f4nio do Descoberto"},"content":{"rendered":"\n<p><strong>Lucas Dellamare<br><\/strong>O Governo do Estado, por meio do Goi\u00e1s Social, inaugurou nesta sexta-feira (12\/05) mais uma unidade do Restaurante do Bem, da Organiza\u00e7\u00e3o das Volunt\u00e1rias de Goi\u00e1s (OVG), em Santo Ant\u00f4nio do Descoberto, a 180 quil\u00f4metros de Goi\u00e2nia. A unidade \u00e9 a 14\u00aa a ser entregue no Estado e garante mais seguran\u00e7a alimentar a pessoas em situa\u00e7\u00e3o de vulnerabilidade social. O Restaurante do Bem tem capacidade para servir 950 refei\u00e7\u00f5es por dia, na hora do almo\u00e7o, de segunda a sexta-feira, a um valor simb\u00f3lico de R$ 2 (dois reais). O card\u00e1pio variado conta com verduras, legumes e frutas de sobremesa.<\/p>\n\n\n\n<p>Respons\u00e1vel pela inaugura\u00e7\u00e3o, a presidente de honra da OVG e coordenadora do Gabinete de Pol\u00edticas Sociais (GPS), primeira-dama Gracinha Caiado, lembrou que o Restaurante do Bem \u00e9 de extrema import\u00e2ncia para aqueles que mais precisam. \u201c\u00c9 uma alegria saber que uma m\u00e3e pode alimentar seu filho com apenas R$ 2. Esse projeto n\u00e3o traz s\u00f3 o alimento, ele vem acompanhado de dignidade e respeito\u201d, destacou a primeira-dama.<\/p>\n\n\n\n<p>Al\u00e9m de Santo Ant\u00f4nio do Descoberto, o Entorno do Distrito Federal j\u00e1 conta com duas unidades do Restaurante do Bem em Luzi\u00e2nia, uma em \u00c1guas Lindas e outra em Valpara\u00edso de Goi\u00e1s. As demais est\u00e3o localizadas em Goi\u00e2nia (2), An\u00e1polis (2), Rio Verde (1), Mina\u00e7u (1), Caldas Novas (1), Jaragu\u00e1 (1) e Goian\u00e9sia (1). \u201c\u00c9 uma comida muito saborosa, balanceada e completa. \u00c9 a garantia de um almo\u00e7o gostoso e nutritivo para todos que vierem at\u00e9 aqui\u201d, comentou Gracinha.<\/p>\n\n\n\n<p>O Restaurante do Bem garante dignidade social e alimentar a milhares de pessoas vulner\u00e1veis em v\u00e1rias regi\u00f5es do Estado. Para Ana Cl\u00e1udia Bezerra da Cruz, que foi uma das primeiras benefici\u00e1rias do restaurante no evento desta sexta, a iniciativa est\u00e1 mais que aprovada. \u201cMuitas vezes, as pessoas n\u00e3o pensam no quanto \u00e9 dif\u00edcil para n\u00f3s, que somos mais simples, termos uma alimenta\u00e7\u00e3o saud\u00e1vel e digna. Quando soube que ter\u00edamos esse restaurante aqui na cidade, fiquei muito feliz. Agora que vi o quanto \u00e9 organizado e o quanto a comida \u00e9 boa, estou mais feliz e esperan\u00e7osa ainda.\u201d<\/p>\n\n\n\n<p><strong>Investimento<\/strong><br>Desde janeiro de 2019, o Estado de Goi\u00e1s investiu R$ 75 milh\u00f5es no Restaurante do Bem, al\u00e9m de quitar uma d\u00edvida no valor de R$ 4,5 milh\u00f5es herdada dos governos anteriores com as empresas respons\u00e1veis pela prepara\u00e7\u00e3o dos alimentos. \u201cQuando o governador assumiu, os problemas eram muitos, mas com trabalho s\u00e9rio e \u00e9tica, conseguimos pagar as d\u00edvidas e reerguer o Estado. E essa inaugura\u00e7\u00e3o de hoje \u00e9 mais uma prova disso tudo\u201d, lembrou a primeira-dama.<\/p>\n\n\n\n<p>O Programa Restaurante do Bem trabalha em parceria com as administra\u00e7\u00f5es municipais, encarregadas pela disponibiliza\u00e7\u00e3o dos pr\u00e9dios onde funcionam as unidades. A OVG \u00e9 a respons\u00e1vel pelo fornecimento das refei\u00e7\u00f5es, que s\u00e3o balanceadas e produzidas seguindo crit\u00e9rios saud\u00e1veis de alimenta\u00e7\u00e3o, em cozinhas instaladas nas pr\u00f3prias unidades. Todo o processo segue normas da Ag\u00eancia Nacional de Vigil\u00e2ncia Sanit\u00e1ria (Anvisa) e cada restaurante conta com um fiscal capacitado para assegurar o bom atendimento e a qualidade da alimenta\u00e7\u00e3o servida. Os card\u00e1pios s\u00e3o preparados por nutricionistas e variam de acordo com o dia da semana.<\/p>\n\n\n\n<p><br><strong>Organiza\u00e7\u00e3o das Volunt\u00e1rias de Goi\u00e1s \u2013 Governo de Goi\u00e1s<\/strong><\/p>\n","protected":false},"excerpt":{"rendered":"<p>Unidade \u00e9 a 14\u00aa entregue no Estado, quinta no Entorno do Distrito Federal, e tem capacidade de servir 950 refei\u00e7\u00f5es di\u00e1rias a pre\u00e7os populares. P\u00fablico-alvo \u00e9 formado por pessoas em situa\u00e7\u00e3o de vulnerabilidade social<\/p>\n","protected":false},"author":8,"featured_media":17116,"comment_status":"closed","ping_status":"closed","sticky":false,"template":"","format":"standard","meta":{"_acf_changed":false,"footnotes":""},"categories":[1],"tags":[],"class_list":["post-17115","post","type-post","status-publish","format-standard","has-post-thumbnail","hentry","category-noticias-ovg"],"acf":[],"_links":{"self":[{"href":"https:\/\/www.ovg.org.br\/site\/index.php?rest_route=\/wp\/v2\/posts\/17115","targetHints":{"allow":["GET"]}}],"collection":[{"href":"https:\/\/www.ovg.org.br\/site\/index.php?rest_route=\/wp\/v2\/posts"}],"about":[{"href":"https:\/\/www.ovg.org.br\/site\/index.php?rest_route=\/wp\/v2\/types\/post"}],"author":[{"embeddable":true,"href":"https:\/\/www.ovg.org.br\/site\/index.php?rest_route=\/wp\/v2\/users\/8"}],"replies":[{"embeddable":true,"href":"https:\/\/www.ovg.org.br\/site\/index.php?rest_route=%2Fwp%2Fv2%2Fcomments&post=17115"}],"version-history":[{"count":3,"href":"https:\/\/www.ovg.org.br\/site\/index.php?rest_route=\/wp\/v2\/posts\/17115\/revisions"}],"predecessor-version":[{"id":17119,"href":"https:\/\/www.ovg.org.br\/site\/index.php?rest_route=\/wp\/v2\/posts\/17115\/revisions\/17119"}],"wp:featuredmedia":[{"embeddable":true,"href":"https:\/\/www.ovg.org.br\/site\/index.php?rest_route=\/wp\/v2\/media\/17116"}],"wp:attachment":[{"href":"https:\/\/www.ovg.org.br\/site\/index.php?rest_route=%2Fwp%2Fv2%2Fmedia&parent=17115"}],"wp:term":[{"taxonomy":"category","embeddable":true,"href":"https:\/\/www.ovg.org.br\/site\/index.php?rest_route=%2Fwp%2Fv2%2Fcategories&post=17115"},{"taxonomy":"post_tag","embeddable":true,"href":"https:\/\/www.ovg.org.br\/site\/index.php?rest_route=%2Fwp%2Fv2%2Ftags&post=17115"}],"curies":[{"name":"wp","href":"https:\/\/api.w.org\/{rel}","templated":true}]}}