{"id":17150,"date":"2023-05-19T09:06:51","date_gmt":"2023-05-19T12:06:51","guid":{"rendered":"https:\/\/www.ovg.org.br\/site\/?p=17150"},"modified":"2023-05-19T09:08:00","modified_gmt":"2023-05-19T12:08:00","slug":"gracinha-caiado-da-inicio-a-entrega-de-70-mil-cobertores-da-campanha-aquecendo-vidas-2023","status":"publish","type":"post","link":"https:\/\/www.ovg.org.br\/site\/?p=17150","title":{"rendered":"Gracinha Caiado d\u00e1 in\u00edcio \u00e0 entrega de 70 mil cobertores da Campanha Aquecendo Vidas 2023"},"content":{"rendered":"\n<p><strong>Elis\u00e2ngela Vieira e Lucas Dellamare<\/strong><\/p>\n\n\n\n<p>Realizada anualmente sob o comando da presidente de honra da Organiza\u00e7\u00e3o das Volunt\u00e1rias de Goi\u00e1s (OVG) e coordenadora do Gabinete de Pol\u00edticas Sociais (GPS), primeira-dama Gracinha Caiado, a Campanha Aquecendo Vidas iniciou o envio de cobertores aos munic\u00edpios do interior do estado nesta quinta-feira (18\/05), na sede da OVG. Neste ano, a a\u00e7\u00e3o, realizada em parceria com o governo estadual, via Goi\u00e1s Social, distribuir\u00e1 70 mil cobertores em todos os 246 munic\u00edpios goianos, fruto de um investimento de R$ 2,9 milh\u00f5es.<\/p>\n\n\n\n<p>Entre os munic\u00edpios que estiveram presentes para receber das m\u00e3os de Gracinha as primeiras remessas de cobertores, est\u00e3o Itabera\u00ed, Bela Vista de Goi\u00e1s, Mineiros, Quirin\u00f3polis e S\u00e3o Lu\u00eds de Montes Belos. A presidente de honra da OVG e coordenadora do GPS lembrou que, mais uma vez, o Governo de Goi\u00e1s est\u00e1 se antecipando na distribui\u00e7\u00e3o de cobertores antes da chegada dos dias mais frios de 2023. \u201cConfiamos a voc\u00eas, prefeitos e suas equipes, que cada um desses cobertores chegar\u00e1 a quem mais precisa em todos os cantos do nosso Estado. Juntos, vamos fazer um inverno mais fraterno e solid\u00e1rio\u201d, disse Gracinha Caiado durante a solenidade.<\/p>\n\n\n\n<p><strong>Investimento<\/strong><\/p>\n\n\n\n<p>Desde 2019, a Campanha Aquecendo Vidas j\u00e1 distribuiu mais de 200 mil cobertores, al\u00e9m dos 70 mil adquiridos para este ano. As mais de 270 mil pe\u00e7as compradas desde o in\u00edcio desta gest\u00e3o representam um investimento de R$ 9,5 milh\u00f5es por parte do Governo do Estado. &#8220;O governador Ronaldo Caiado pede, a todo momento, para que continuemos trabalhando sempre para que Goi\u00e1s possa avan\u00e7ar a cada dia, sem deixar ningu\u00e9m para tr\u00e1s. \u00c9 isso que fazemos com o Goi\u00e1s Social e, agora, mais uma vez, com a nossa campanha de distribui\u00e7\u00e3o de cobertores\u201d, completou Gracinha.<\/p>\n\n\n\n<p>A prefeita de Itabera\u00ed, Rita de C\u00e1ssia Soares Mendon\u00e7a, ressaltou a import\u00e2ncia da campanha. \u201cNosso governador e a primeira-dama t\u00eam investido em programas que v\u00e3o ao encontro das necessidades do povo goiano. Goi\u00e1s agradece a voc\u00eas por mais esse olhar de empatia, de cuidado e de calor humano.\u201d J\u00e1 o prefeito de Quirin\u00f3polis, Anderson de Paula Silva, parabenizou Gracinha por estar atenta \u00e0s necessidades daqueles que mais precisam. \u201cN\u00e3o s\u00e3o 70 mil cobertores, s\u00e3o 70 mil pessoas aquecidas. Tenho muito orgulho de caminhar ao lado de um governo que tanto tem feito pelo seu povo.\u201d<\/p>\n\n\n\n<p>Al\u00e9m dos munic\u00edpios, os cobertores tamb\u00e9m ser\u00e3o destinados a entidades sociais de todo o estado. Durante a cerim\u00f4nia de in\u00edcio das distribui\u00e7\u00f5es, estiveram presentes o Abrigo Comendador Walmor, que atende idosos; o Movimento Jovens Livres, uma comunidade terap\u00eautica; o Centro de Assist\u00eancia Social de Campinas (CASC), que atua com pessoas em situa\u00e7\u00e3o de rua; e a Institui\u00e7\u00e3o Talita Khum, que trabalha no atendimento a crian\u00e7as.<\/p>\n\n\n\n<p>Representante do Abrigo Comendador Walmor, Paulo Cesar da Silva disse que o momento era de agradecimento. \u201cA OVG tem papel muito importante para as institui\u00e7\u00f5es sociais de nosso estado. Hoje, em especial, estamos recebendo cobertores que representam calor humano.\u201d<\/p>\n\n\n\n<p><strong>Arrecada\u00e7\u00e3o<\/strong><\/p>\n\n\n\n<p>Al\u00e9m da distribui\u00e7\u00e3o dos cobertores, a OVG e o GPS tamb\u00e9m arrecadam agasalhos novos e usados, em bom estado de conserva\u00e7\u00e3o, doados em parceria com empresas e institui\u00e7\u00f5es. Os donativos s\u00e3o selecionados, higienizados e destinados a entidades sociais, fam\u00edlias vulner\u00e1veis, pessoas em situa\u00e7\u00e3o de rua e refugiados.<\/p>\n\n\n\n<p>Neste ano, as doa\u00e7\u00f5es podem ser entregues at\u00e9 o dia 25 de maio em diversos pontos instalados em Goi\u00e2nia. As pessoas interessadas em ajudar podem acessar os endere\u00e7os dos pontos de coleta no site da OVG (ovg.org.br) ou entregar as doa\u00e7\u00f5es diretamente na sede da organiza\u00e7\u00e3o, na Avenida T-14, no Setor Bueno.<\/p>\n\n\n\n<p><strong>Organiza\u00e7\u00e3o das Volunt\u00e1rias de Goi\u00e1s (OVG)- Governo de Goi\u00e1s<\/strong><\/p>\n","protected":false},"excerpt":{"rendered":"<p>Doa\u00e7\u00e3o beneficiar\u00e1 moradores dos 246 munic\u00edpios goianos, entidades sociais e pessoas em situa\u00e7\u00e3o de rua. Desde 2019, o Governo de Goi\u00e1s j\u00e1 adquiriu mais de 270 mil cobertores, fruto de um investimento de R$ 9,5 milh\u00f5es<\/p>\n","protected":false},"author":4,"featured_media":17151,"comment_status":"closed","ping_status":"closed","sticky":false,"template":"","format":"standard","meta":{"_acf_changed":false,"footnotes":""},"categories":[1],"tags":[],"class_list":["post-17150","post","type-post","status-publish","format-standard","has-post-thumbnail","hentry","category-noticias-ovg"],"acf":[],"_links":{"self":[{"href":"https:\/\/www.ovg.org.br\/site\/index.php?rest_route=\/wp\/v2\/posts\/17150","targetHints":{"allow":["GET"]}}],"collection":[{"href":"https:\/\/www.ovg.org.br\/site\/index.php?rest_route=\/wp\/v2\/posts"}],"about":[{"href":"https:\/\/www.ovg.org.br\/site\/index.php?rest_route=\/wp\/v2\/types\/post"}],"author":[{"embeddable":true,"href":"https:\/\/www.ovg.org.br\/site\/index.php?rest_route=\/wp\/v2\/users\/4"}],"replies":[{"embeddable":true,"href":"https:\/\/www.ovg.org.br\/site\/index.php?rest_route=%2Fwp%2Fv2%2Fcomments&post=17150"}],"version-history":[{"count":2,"href":"https:\/\/www.ovg.org.br\/site\/index.php?rest_route=\/wp\/v2\/posts\/17150\/revisions"}],"predecessor-version":[{"id":17153,"href":"https:\/\/www.ovg.org.br\/site\/index.php?rest_route=\/wp\/v2\/posts\/17150\/revisions\/17153"}],"wp:featuredmedia":[{"embeddable":true,"href":"https:\/\/www.ovg.org.br\/site\/index.php?rest_route=\/wp\/v2\/media\/17151"}],"wp:attachment":[{"href":"https:\/\/www.ovg.org.br\/site\/index.php?rest_route=%2Fwp%2Fv2%2Fmedia&parent=17150"}],"wp:term":[{"taxonomy":"category","embeddable":true,"href":"https:\/\/www.ovg.org.br\/site\/index.php?rest_route=%2Fwp%2Fv2%2Fcategories&post=17150"},{"taxonomy":"post_tag","embeddable":true,"href":"https:\/\/www.ovg.org.br\/site\/index.php?rest_route=%2Fwp%2Fv2%2Ftags&post=17150"}],"curies":[{"name":"wp","href":"https:\/\/api.w.org\/{rel}","templated":true}]}}