{"id":17240,"date":"2023-05-26T16:02:55","date_gmt":"2023-05-26T19:02:55","guid":{"rendered":"https:\/\/www.ovg.org.br\/site\/?p=17240"},"modified":"2023-05-26T17:39:43","modified_gmt":"2023-05-26T20:39:43","slug":"em-uma-semana-governo-de-goias-envia-cobertores-a-107-municipios","status":"publish","type":"post","link":"https:\/\/www.ovg.org.br\/site\/?p=17240","title":{"rendered":"Em uma semana, Governo de Goi\u00e1s envia cobertores a 107 munic\u00edpios"},"content":{"rendered":"\n<p><strong>Lucas Dellamare<\/strong><\/p>\n\n\n\n<p>Uma semana ap\u00f3s a presidente de honra da Organiza\u00e7\u00e3o das Volunt\u00e1rias de Goi\u00e1s (OVG) e coordenadora do Gabinete de Pol\u00edticas Sociais (GPS), primeira-dama Gracinha Caiado, dar in\u00edcio \u00e0 entrega dos cobertores da Campanha Aquecendo Vidas 2023, o Governo do Estado j\u00e1 enviou 26,1 mil pe\u00e7as a 107 munic\u00edpios, por meio do Goi\u00e1s Social. O n\u00famero representa mais de um ter\u00e7o dos 70 mil cobertores adquiridos para este ano e que ser\u00e3o destinados a fam\u00edlias vulner\u00e1veis, entidades sociais, refugiados e a pessoas em situa\u00e7\u00e3o de rua de todos os 246 munic\u00edpios goianos. Desde 2019, a atual gest\u00e3o j\u00e1 adquiriu mais de 270 mil pe\u00e7as, com investimento de R$ 9,5 milh\u00f5es.<\/p>\n\n\n\n<p>\u00c0 frente das entregas, Gracinha Caiado destaca que a agilidade na distribui\u00e7\u00e3o \u00e9 primordial para que ningu\u00e9m fique desamparado. \u201cSe antecipar aos dias mais frios \u00e9 fundamental para essas pessoas que, em muitos casos, n\u00e3o t\u00eam sequer um agasalho em casa. \u00c9 por isso que fazemos quest\u00e3o de distribuir esses cobertores de forma r\u00e1pida e em todos os munic\u00edpios, porque depois que o frio passar, n\u00e3o adianta mais. Nossa preocupa\u00e7\u00e3o \u00e9 com as pessoas, com o bem-estar de cada um.\u201d<\/p>\n\n\n\n<p>Entre os munic\u00edpios que retiraram os cobertores nos primeiros dias de campanha, Mineiros, no Sudoeste goiano, que tem temperatura m\u00ednima prevista de 14\u00b0C para as pr\u00f3ximas semanas, foi beneficiado com 440 cobertores. De acordo com o prefeito Aleomar Rezende, essa iniciativa \u00e9 de extrema import\u00e2ncia para os mais necessitados. \u201cEssa campanha \u00e9 muito importante. Os mais vulner\u00e1veis precisam muito do governo e \u00e9 uma satisfa\u00e7\u00e3o ver que a primeira-dama Gracinha Caiado ampara essas fam\u00edlias n\u00e3o s\u00f3 com esses cobertores, mas com diversas outras a\u00e7\u00f5es do Goi\u00e1s Social que ela leva para nossas cidades\u201d, destacou.<\/p>\n\n\n\n<p>Realizada todos os anos, a Campanha Aquecendo Vidas envia os benef\u00edcios \u00e0s prefeituras para que as fam\u00edlias do interior sejam beneficiadas em tempo h\u00e1bil, e distribui cobertores em Goi\u00e2nia e na regi\u00e3o Metropolitana, de porta em porta. \u201cTemos essa preocupa\u00e7\u00e3o de ir pessoalmente \u00e0s casas dessas pessoas para fazer a entrega dos cobertores. Quando vemos de perto a situa\u00e7\u00e3o em que se encontram, conseguimos, logo em seguida, levar outros benef\u00edcios por meio das a\u00e7\u00f5es do Goi\u00e1s Social e a cada dia oferecer mais dignidade e qualidade de vida a elas\u201d, completou Gracinha Caiado.<\/p>\n\n\n\n<p>Beneficiada pela Campanha Aquecendo Vidas, Daniela Ferreira, moradora da Ocupa\u00e7\u00e3o Emanueli, em Goi\u00e2nia, vive em uma casa pr\u00f3xima a um c\u00f3rrego. Segundo ela, o frio durante a noite \u00e9 quase insuport\u00e1vel. \u201cAinda bem que temos pessoas que se preocupam com a gente, que v\u00eam at\u00e9 n\u00f3s. Um cobertor desse, que pode parecer t\u00e3o simples para os outros, ajuda a gente demais, porque passar frio d\u00f3i l\u00e1 dentro\u201d, conta.<\/p>\n\n\n\n<p><strong>Organiza\u00e7\u00e3o das Volunt\u00e1rias de Goi\u00e1s \u2013 Governo de Goi\u00e1s<\/strong><\/p>\n","protected":false},"excerpt":{"rendered":"<p>Campanha Aquecendo Vidas conclui nesta sexta-feira (26\/05) a entrega de mais de 26 mil benef\u00edcios, um ter\u00e7o dos 70 mil cobertores adquiridos para este ano. Desde 2019, governo j\u00e1 adquiriu mais de 270 mil pe\u00e7as, com investimento de R$ 9,5 milh\u00f5es<\/p>\n","protected":false},"author":2,"featured_media":17241,"comment_status":"closed","ping_status":"closed","sticky":false,"template":"","format":"standard","meta":{"_acf_changed":false,"footnotes":""},"categories":[1],"tags":[],"class_list":["post-17240","post","type-post","status-publish","format-standard","has-post-thumbnail","hentry","category-noticias-ovg"],"acf":[],"_links":{"self":[{"href":"https:\/\/www.ovg.org.br\/site\/index.php?rest_route=\/wp\/v2\/posts\/17240","targetHints":{"allow":["GET"]}}],"collection":[{"href":"https:\/\/www.ovg.org.br\/site\/index.php?rest_route=\/wp\/v2\/posts"}],"about":[{"href":"https:\/\/www.ovg.org.br\/site\/index.php?rest_route=\/wp\/v2\/types\/post"}],"author":[{"embeddable":true,"href":"https:\/\/www.ovg.org.br\/site\/index.php?rest_route=\/wp\/v2\/users\/2"}],"replies":[{"embeddable":true,"href":"https:\/\/www.ovg.org.br\/site\/index.php?rest_route=%2Fwp%2Fv2%2Fcomments&post=17240"}],"version-history":[{"count":5,"href":"https:\/\/www.ovg.org.br\/site\/index.php?rest_route=\/wp\/v2\/posts\/17240\/revisions"}],"predecessor-version":[{"id":17246,"href":"https:\/\/www.ovg.org.br\/site\/index.php?rest_route=\/wp\/v2\/posts\/17240\/revisions\/17246"}],"wp:featuredmedia":[{"embeddable":true,"href":"https:\/\/www.ovg.org.br\/site\/index.php?rest_route=\/wp\/v2\/media\/17241"}],"wp:attachment":[{"href":"https:\/\/www.ovg.org.br\/site\/index.php?rest_route=%2Fwp%2Fv2%2Fmedia&parent=17240"}],"wp:term":[{"taxonomy":"category","embeddable":true,"href":"https:\/\/www.ovg.org.br\/site\/index.php?rest_route=%2Fwp%2Fv2%2Fcategories&post=17240"},{"taxonomy":"post_tag","embeddable":true,"href":"https:\/\/www.ovg.org.br\/site\/index.php?rest_route=%2Fwp%2Fv2%2Ftags&post=17240"}],"curies":[{"name":"wp","href":"https:\/\/api.w.org\/{rel}","templated":true}]}}