{"id":17357,"date":"2023-06-06T16:45:56","date_gmt":"2023-06-06T19:45:56","guid":{"rendered":"https:\/\/www.ovg.org.br\/site\/?p=17357"},"modified":"2023-06-06T16:47:31","modified_gmt":"2023-06-06T19:47:31","slug":"ovg-e-destaque-no-premio-goias-sustentavel-2023","status":"publish","type":"post","link":"https:\/\/www.ovg.org.br\/site\/?p=17357","title":{"rendered":"OVG \u00e9 destaque no \u201cPr\u00eamio Goi\u00e1s Sustent\u00e1vel 2023\u201d"},"content":{"rendered":"\n<p><strong>Elis\u00e2ngela Vieira<\/strong><\/p>\n\n\n\n<p>A Organiza\u00e7\u00e3o das Volunt\u00e1rias de Goi\u00e1s (OVG) ficou em segundo lugar no \u201cPr\u00eamio Goi\u00e1s Sustent\u00e1vel\u201d \u2013 modalidade Terceiro Setor, concedido pela Secretaria de Estado do Meio Ambiente e Desenvolvimento Sustent\u00e1vel (SEMAD). A premia\u00e7\u00e3o reconhece e divulga pr\u00e1ticas, iniciadas ou desenvolvidas a partir de 2019, relacionadas \u00e0 sustentabilidade, que melhoram a qualidade de vida da popula\u00e7\u00e3o goiana.<\/p>\n\n\n\n<p>A premia\u00e7\u00e3o faz parte da Semana do Meio Ambiente 2023, que tem como tema \u201cCrescendo em Sustentabilidade\u201d. O projeto \u201cPlano de Gerenciamento de Res\u00edduos S\u00f3lidos\u201d da OVG foi elaborado em 2019 e objetiva minimizar a gera\u00e7\u00e3o de lixo, proporcionar o descarte de forma ambientalmente adequada e oportunizar a gera\u00e7\u00e3o de renda \u00e0 cooperativa de reciclagem de res\u00edduos.<\/p>\n\n\n\n<p>Al\u00e9m de promover a\u00e7\u00f5es sociais nos 246 munic\u00edpios goianos, a OVG busca melhorar o gerenciamento de res\u00edduos nas unidades atendidas, al\u00e9m de suas sedes administrativas e nos programas Natal do Bem, no Goi\u00e2nia Arena e Centro Cultural Oscar Niemeyer, e centros de Apoio ao Romeiro de Trindade e Muqu\u00e9m.<\/p>\n\n\n\n<p>Dentro do \u201cPlano de Gerenciamento de Res\u00edduos S\u00f3lidos\u201d, a OVG firmou parcerias com a AMMA na promo\u00e7\u00e3o de atividades de educa\u00e7\u00e3o ambiental e com a Cooper Rama \u2013 Cooperativa de Materiais Recicl\u00e1veis \u2013 que tem recebido da Organiza\u00e7\u00e3o papel, papel\u00e3o, madeira, pl\u00e1sticos, fios e eletr\u00f4nicos, res\u00edduos que geram renda aos cooperados e pessoas em situa\u00e7\u00e3o de vulnerabilidade social.<\/p>\n\n\n\n<p>A New Life Recicl\u00e1veis tamb\u00e9m \u00e9 aliada da iniciativa da OVG com o descarte, via venda, de \u00f3leo de cozinha, oriundo de frituras realizadas diariamente na Casa do Interior de Goi\u00e1s (Cigo) e Centro de Idosos Sagrada Fam\u00edlia. A renda \u00e9 revertida para os projetos sociais da Organiza\u00e7\u00e3o e o \u00f3leo destinado \u00e0 fabrica\u00e7\u00e3o de materiais de limpeza, higiene e biodiesel.<\/p>\n\n\n\n<p>\u201cSer sustent\u00e1vel tamb\u00e9m \u00e9 uma forma fazer o bem. Por isso, me orgulho muito do Plano de Gerenciamento de Res\u00edduos da OVG, que cuida do nosso Estado, de hoje, e de nossas futuras gera\u00e7\u00f5es\u201d, enfatiza a presidente de honra da OVG e coordenadora Goi\u00e1s Social e do Gabinete de Pol\u00edticas Sociais (GPS), primeira-dama Gracinha Caiado.<\/p>\n\n\n\n<p>\u201cO Pr\u00eamio Goi\u00e1s Social foi criado em 2019, e esse ano tivemos a grata surpresa de chegarmos a 92 iniciativas inscritas. Ficamos muito felizes porque isso nos ajuda a construir uma rede formada por institui\u00e7\u00f5es e pessoas que se interessam por essa pauta, que pensam e idealizam, junto com o Governo de Goi\u00e1s, uma nova forma de rela\u00e7\u00e3o com a natureza, com o meio ambiente\u201d, afirma Andr\u00e9a Vulcanis, secret\u00e1ria de Estado de Meio Ambiente.<\/p>\n\n\n\n<p>\u201cDestacamos que nosso Plano de Gerenciamento de Res\u00edduos S\u00f3lidos contribui para o prolongamento de vida \u00fatil do Aterro Sanit\u00e1rio. Tamb\u00e9m nos orgulhamos em saber que atrav\u00e9s desse trabalho estamos colaborando para o sustento de fam\u00edlias em situa\u00e7\u00e3o de vulnerabilidade social que vivem da coleta de recicl\u00e1veis\u201d, comemora Rosiane Goulart de Castro Dias Lima, representante da OVG na premia\u00e7\u00e3o e supervisora e respons\u00e1vel t\u00e9cnica do Plano.<\/p>\n\n\n\n<p><strong>Organiza\u00e7\u00e3o das Volunt\u00e1rias de Goi\u00e1s &#8211; Governo de Goi\u00e1s<\/strong><\/p>\n","protected":false},"excerpt":{"rendered":"<p>A Organiza\u00e7\u00e3o levou o segundo lugar na premia\u00e7\u00e3o por desenvolver a\u00e7\u00f5es que proporcionam o descarte correto do lixo gerado em suas unidades e programas, e por gerar renda a pessoas em situa\u00e7\u00e3o de vulnerabilidade social que trabalham em cooperativa de reciclagem<\/p>\n","protected":false},"author":4,"featured_media":17358,"comment_status":"closed","ping_status":"closed","sticky":false,"template":"","format":"standard","meta":{"_acf_changed":false,"footnotes":""},"categories":[1],"tags":[],"class_list":["post-17357","post","type-post","status-publish","format-standard","has-post-thumbnail","hentry","category-noticias-ovg"],"acf":[],"_links":{"self":[{"href":"https:\/\/www.ovg.org.br\/site\/index.php?rest_route=\/wp\/v2\/posts\/17357","targetHints":{"allow":["GET"]}}],"collection":[{"href":"https:\/\/www.ovg.org.br\/site\/index.php?rest_route=\/wp\/v2\/posts"}],"about":[{"href":"https:\/\/www.ovg.org.br\/site\/index.php?rest_route=\/wp\/v2\/types\/post"}],"author":[{"embeddable":true,"href":"https:\/\/www.ovg.org.br\/site\/index.php?rest_route=\/wp\/v2\/users\/4"}],"replies":[{"embeddable":true,"href":"https:\/\/www.ovg.org.br\/site\/index.php?rest_route=%2Fwp%2Fv2%2Fcomments&post=17357"}],"version-history":[{"count":2,"href":"https:\/\/www.ovg.org.br\/site\/index.php?rest_route=\/wp\/v2\/posts\/17357\/revisions"}],"predecessor-version":[{"id":17360,"href":"https:\/\/www.ovg.org.br\/site\/index.php?rest_route=\/wp\/v2\/posts\/17357\/revisions\/17360"}],"wp:featuredmedia":[{"embeddable":true,"href":"https:\/\/www.ovg.org.br\/site\/index.php?rest_route=\/wp\/v2\/media\/17358"}],"wp:attachment":[{"href":"https:\/\/www.ovg.org.br\/site\/index.php?rest_route=%2Fwp%2Fv2%2Fmedia&parent=17357"}],"wp:term":[{"taxonomy":"category","embeddable":true,"href":"https:\/\/www.ovg.org.br\/site\/index.php?rest_route=%2Fwp%2Fv2%2Fcategories&post=17357"},{"taxonomy":"post_tag","embeddable":true,"href":"https:\/\/www.ovg.org.br\/site\/index.php?rest_route=%2Fwp%2Fv2%2Ftags&post=17357"}],"curies":[{"name":"wp","href":"https:\/\/api.w.org\/{rel}","templated":true}]}}