{"id":17583,"date":"2023-06-26T08:46:27","date_gmt":"2023-06-26T11:46:27","guid":{"rendered":"https:\/\/www.ovg.org.br\/site\/?p=17583"},"modified":"2023-06-26T08:46:28","modified_gmt":"2023-06-26T11:46:28","slug":"sead-destina-quatro-toneladas-de-alimentos-para-programas-do-goias-social","status":"publish","type":"post","link":"https:\/\/www.ovg.org.br\/site\/?p=17583","title":{"rendered":"Sead destina quatro toneladas de alimentos para programas do Goi\u00e1s Social"},"content":{"rendered":"\n<p>A Secretaria de Estado da Administra\u00e7\u00e3o (Sead) doou quatro toneladas de alimentos para o programa Goi\u00e1s Social, por meio da Organiza\u00e7\u00e3o de Volunt\u00e1rias de Goi\u00e1s (OVG). O titular da Sead, S\u00e9rvulo Nogueira, realizou a entrega simb\u00f3lica dos mantimentos \u00e0 diretora-geral da institui\u00e7\u00e3o, Adryanna Caiado, na manh\u00e3 desta quinta-feira (22\/6).<\/p>\n\n\n\n<p>A Sead arrecadou os alimentos como contrapartida pela autoriza\u00e7\u00e3o dada a uma empresa para realiza\u00e7\u00e3o de um evento na capital em \u00e1rea do Estado. S\u00e9rvulo Nogueira enalteceu o trabalho do Governo de Goi\u00e1s no amparo \u00e0s fam\u00edlias mais necessitadas, levando mais dignidade e cidadania a essas pessoas. \u201cEssa doa\u00e7\u00e3o evidencia o respeito da Sead pela atua\u00e7\u00e3o da OVG e da primeira-dama Gracinha Caiado nas a\u00e7\u00f5es de assist\u00eancia social, que \u00e9 admir\u00e1vel. Seguiremos parceiros nesses projetos\u201d, pontuou o secret\u00e1rio.<\/p>\n\n\n\n<p>Diretora-geral da OVG, Adryanna Caiado classificou a doa\u00e7\u00e3o como &#8220;grande ato da Sead em ajudar o pr\u00f3ximo&#8221;. Adryanna agradeceu tamb\u00e9m em nome da primeira-dama pela parceria com a pasta. \u201cSaibam que todos esses alimentos v\u00e3o chegar nas m\u00e3os das pessoas que realmente precisam\u201d, pontuou.<\/p>\n\n\n\n<p>A doa\u00e7\u00e3o repassada pela Sead \u2013 de quatro toneladas de alimentos \u2013 foi viabilizada pela Subsecretaria de Log\u00edstica e Patrim\u00f4nio, por meio da Superintend\u00eancia Central de Patrim\u00f4nio Imobili\u00e1rio. Os respons\u00e1veis pelas \u00e1reas, Rog\u00e9rio Bernardes Carneiro e Frederico Coriolano, respectivamente, acompanharam o ato simb\u00f3lico.<\/p>\n\n\n\n<p><\/p>\n\n\n\n<p><strong>Secretaria da Administra\u00e7\u00e3o \u2013 Governo de Goi\u00e1s<\/strong><\/p>\n","protected":false},"excerpt":{"rendered":"<p>Titular da pasta destaca a\u00e7\u00f5es do Governo do Estado no combate \u00e0s desigualdades e parabeniza trabalho da Organiza\u00e7\u00e3o das Volunt\u00e1rias de Goi\u00e1s (OVG) na \u00e1rea social<\/p>\n","protected":false},"author":4,"featured_media":17587,"comment_status":"closed","ping_status":"closed","sticky":false,"template":"","format":"standard","meta":{"_acf_changed":false,"footnotes":""},"categories":[1],"tags":[],"class_list":["post-17583","post","type-post","status-publish","format-standard","has-post-thumbnail","hentry","category-noticias-ovg"],"acf":[],"_links":{"self":[{"href":"https:\/\/www.ovg.org.br\/site\/index.php?rest_route=\/wp\/v2\/posts\/17583","targetHints":{"allow":["GET"]}}],"collection":[{"href":"https:\/\/www.ovg.org.br\/site\/index.php?rest_route=\/wp\/v2\/posts"}],"about":[{"href":"https:\/\/www.ovg.org.br\/site\/index.php?rest_route=\/wp\/v2\/types\/post"}],"author":[{"embeddable":true,"href":"https:\/\/www.ovg.org.br\/site\/index.php?rest_route=\/wp\/v2\/users\/4"}],"replies":[{"embeddable":true,"href":"https:\/\/www.ovg.org.br\/site\/index.php?rest_route=%2Fwp%2Fv2%2Fcomments&post=17583"}],"version-history":[{"count":1,"href":"https:\/\/www.ovg.org.br\/site\/index.php?rest_route=\/wp\/v2\/posts\/17583\/revisions"}],"predecessor-version":[{"id":17588,"href":"https:\/\/www.ovg.org.br\/site\/index.php?rest_route=\/wp\/v2\/posts\/17583\/revisions\/17588"}],"wp:featuredmedia":[{"embeddable":true,"href":"https:\/\/www.ovg.org.br\/site\/index.php?rest_route=\/wp\/v2\/media\/17587"}],"wp:attachment":[{"href":"https:\/\/www.ovg.org.br\/site\/index.php?rest_route=%2Fwp%2Fv2%2Fmedia&parent=17583"}],"wp:term":[{"taxonomy":"category","embeddable":true,"href":"https:\/\/www.ovg.org.br\/site\/index.php?rest_route=%2Fwp%2Fv2%2Fcategories&post=17583"},{"taxonomy":"post_tag","embeddable":true,"href":"https:\/\/www.ovg.org.br\/site\/index.php?rest_route=%2Fwp%2Fv2%2Ftags&post=17583"}],"curies":[{"name":"wp","href":"https:\/\/api.w.org\/{rel}","templated":true}]}}