{"id":17589,"date":"2023-06-26T08:54:20","date_gmt":"2023-06-26T11:54:20","guid":{"rendered":"https:\/\/www.ovg.org.br\/site\/?p=17589"},"modified":"2023-06-26T08:54:21","modified_gmt":"2023-06-26T11:54:21","slug":"goias-social-entrega-beneficios-em-teresina-e-monte-alegre-de-goias","status":"publish","type":"post","link":"https:\/\/www.ovg.org.br\/site\/?p=17589","title":{"rendered":"Goi\u00e1s Social entrega benef\u00edcios em Teresina e Monte Alegre de Goi\u00e1s"},"content":{"rendered":"\n<p>Iniciativa do Tribunal de Justi\u00e7a do Estado oferece atendimentos gratuitos da Seds, OVG, Retomada, Secretaria da Sa\u00fade, Vapt Vupt e Defensoria P\u00fablica. A\u00e7\u00e3o \u00e9 voltada \u00e0 popula\u00e7\u00e3o quilombola, mas tamb\u00e9m aberta ao p\u00fablico em geral<\/p>\n\n\n\n<p>O Governo de Goi\u00e1s ser\u00e1 parceiro de mais uma edi\u00e7\u00e3o do Justi\u00e7a Itinerante, projeto realizado pelo Tribunal de Justi\u00e7a do Estado de Goi\u00e1s (TJGO). Por meio do Goi\u00e1s Social, as equipes levar\u00e3o servi\u00e7os e benef\u00edcios gratuitamente \u00e0 popula\u00e7\u00e3o de Teresina de Goi\u00e1s, na segunda (26\/6) e ter\u00e7a-feira (27\/6), enquanto em Monte Alegre de Goi\u00e1s os atendimentos ser\u00e3o na quarta (29\/6) e quinta-feira (30\/6). A organiza\u00e7\u00e3o do evento vai oferecer assist\u00eancia social e jur\u00eddica a toda popula\u00e7\u00e3o, com enfoque \u00e0 popula\u00e7\u00e3o quilombola.<\/p>\n\n\n\n<p>Em parceria com as prefeituras locais, o evento ocorrer\u00e1 das 8h \u00e0s 17h na sede do Cras dos dois munic\u00edpios. Em Teresina, na Rua Bartolomeu Bueno da Silva, n\u00ba 43, Centro; j\u00e1 em Monte Alegre, na Avenida Miguel Ribeiro, n\u00ba 30, Centro.<\/p>\n\n\n\n<p>Entre os parceiros est\u00e3o as secretarias de Estado de Desenvolvimento Social (Seds), da Retomada, da Sa\u00fade (SES), de Seguran\u00e7a P\u00fablica (SSP), de Administra\u00e7\u00e3o (com o Vapt Vupt), Gabinete de Pol\u00edticas Sociais (GPS), a Organiza\u00e7\u00e3o das Volunt\u00e1rias de Goi\u00e1s (OVG) e a Defensoria P\u00fablica do Estado de Goi\u00e1s (DPE-GO).<\/p>\n\n\n\n<p><strong>Confira os servi\u00e7os ofertados pelo Governo de Goi\u00e1s<\/strong><\/p>\n\n\n\n<p><strong>SEDS<\/strong><\/p>\n\n\n\n<ul class=\"wp-block-list\">\n<li>Passe livre intermunicipal para pessoas carentes com defici\u00eancia<\/li>\n\n\n\n<li>Carteira de identifica\u00e7\u00e3o das pessoas com transtorno do espectro autista (CIPTEA)<\/li>\n\n\n\n<li>Passaporte do Idoso<\/li>\n\n\n\n<li>Dignidade Menstrual (distribui\u00e7\u00e3o de absorventes a mulheres e adolescentes em vulnerabilidade social)<\/li>\n\n\n\n<li>M\u00e3es de Goi\u00e1s<\/li>\n\n\n\n<li>Programa Goi\u00e1s sem Racismo<\/li>\n\n\n\n<li>Corte de cabelo solid\u00e1rio<\/li>\n\n\n\n<li>Programa Dignidade<\/li>\n<\/ul>\n\n\n\n<p>OVG<\/p>\n\n\n\n<ul class=\"wp-block-list\">\n<li>Cadeira de rodas e de banho<\/li>\n\n\n\n<li>Fraldas infantis e geri\u00e1tricas<\/li>\n\n\n\n<li>Enxoval para beb\u00ea<\/li>\n\n\n\n<li>Mix do Bem<\/li>\n\n\n\n<li>F\u00f3rmula infantil NAN 1 e 2 (necess\u00e1rio laudo do m\u00e9dico que acompanha a<br>crian\u00e7a)<\/li>\n\n\n\n<li>Colch\u00e3o caixa de ovo<\/li>\n\n\n\n<li>Andador<\/li>\n\n\n\n<li>Muleta<\/li>\n\n\n\n<li>Bengala<br>(Ser\u00e1 necess\u00e1rio apresentar documentos pessoais com foto do benefici\u00e1rio e do representante, comprovante de renda e comprovante de endere\u00e7o)<br>(O atendimento ser\u00e1 feito mediante disponibilidade em estoque e crit\u00e9rios estabelecidos pela organiza\u00e7\u00e3o)<\/li>\n<\/ul>\n\n\n\n<p><strong>SECRETARIA DE RETOMADA<\/strong><\/p>\n\n\n\n<ul class=\"wp-block-list\">\n<li>Inscri\u00e7\u00e3o de cursos profissionalizantes<\/li>\n\n\n\n<li>Encaminhamento para vagas de emprego<\/li>\n\n\n\n<li>Orienta\u00e7\u00e3o sobre a carteira de trabalho digital<\/li>\n<\/ul>\n\n\n\n<p><strong>SECRETARIA DE ESTADO DA ADMINISTRA\u00c7\u00c3O \u2013 VAPT VUPT<\/strong><\/p>\n\n\n\n<ul class=\"wp-block-list\">\n<li>Primeira e segunda via do CPF<\/li>\n\n\n\n<li>Servi\u00e7os do Detran-GO (solicita\u00e7\u00e3o de segunda via de CNH, IPVA, abertura de processos, servi\u00e7os de segunda via de faturas)<\/li>\n\n\n\n<li>Recadastramento de aposentados e pensionistas (prova de vida)<\/li>\n<\/ul>\n\n\n\n<p><strong>SECRETARIA DA SA\u00daDE \u2013 SUPERINTEND\u00caNCIA DE VIGIL\u00c2NCIA E SA\u00daDE<\/strong><br>\u2022 Vacinas<br>\u2022 Exames<\/p>\n\n\n\n<p><strong>DEFENSORIA P\u00daBLICA DO ESTADO<\/strong><\/p>\n\n\n\n<ul class=\"wp-block-list\">\n<li>Regulariza\u00e7\u00e3o de guarda e alimentos (consensuais)<\/li>\n\n\n\n<li>Div\u00f3rcio de dissolu\u00e7\u00e3o de uni\u00e3o est\u00e1vel (consensual e litigioso)<\/li>\n\n\n\n<li>Reconhecimento de uni\u00e3o est\u00e1vel<\/li>\n\n\n\n<li>Reconhecimento de paternidade\/maternidade (com ou sem realiza\u00e7\u00e3o de<br>exame de DNA)<\/li>\n\n\n\n<li>Pens\u00e3o aliment\u00edcia (consensual)<\/li>\n\n\n\n<li>Retifica\u00e7\u00e3o de registro civil<\/li>\n\n\n\n<li>Retifica\u00e7\u00e3o prenome e g\u00eanero de pessoas transg\u00eanero<\/li>\n\n\n\n<li>Emiss\u00e3o de certid\u00f5es de nascimento, casamento e \u00f3bito<\/li>\n\n\n\n<li>Requerimento para gratuidade na emiss\u00e3o da carteira de identidade<\/li>\n<\/ul>\n\n\n\n<p><\/p>\n\n\n\n<p><strong>Secretaria de Estado de Desenvolvimento Social \u2013 Governo de Goi\u00e1s<\/strong><\/p>\n","protected":false},"excerpt":{"rendered":"<p>Iniciativa do Tribunal de Justi\u00e7a do Estado oferece atendimentos gratuitos da Seds, OVG, Retomada, Secretaria da Sa\u00fade, Vapt Vupt e Defensoria P\u00fablica. A\u00e7\u00e3o \u00e9 voltada \u00e0 popula\u00e7\u00e3o quilombola, mas tamb\u00e9m aberta ao p\u00fablico em geral <\/p>\n","protected":false},"author":4,"featured_media":17590,"comment_status":"closed","ping_status":"closed","sticky":false,"template":"","format":"standard","meta":{"_acf_changed":false,"footnotes":""},"categories":[1],"tags":[],"class_list":["post-17589","post","type-post","status-publish","format-standard","has-post-thumbnail","hentry","category-noticias-ovg"],"acf":[],"_links":{"self":[{"href":"https:\/\/www.ovg.org.br\/site\/index.php?rest_route=\/wp\/v2\/posts\/17589","targetHints":{"allow":["GET"]}}],"collection":[{"href":"https:\/\/www.ovg.org.br\/site\/index.php?rest_route=\/wp\/v2\/posts"}],"about":[{"href":"https:\/\/www.ovg.org.br\/site\/index.php?rest_route=\/wp\/v2\/types\/post"}],"author":[{"embeddable":true,"href":"https:\/\/www.ovg.org.br\/site\/index.php?rest_route=\/wp\/v2\/users\/4"}],"replies":[{"embeddable":true,"href":"https:\/\/www.ovg.org.br\/site\/index.php?rest_route=%2Fwp%2Fv2%2Fcomments&post=17589"}],"version-history":[{"count":1,"href":"https:\/\/www.ovg.org.br\/site\/index.php?rest_route=\/wp\/v2\/posts\/17589\/revisions"}],"predecessor-version":[{"id":17591,"href":"https:\/\/www.ovg.org.br\/site\/index.php?rest_route=\/wp\/v2\/posts\/17589\/revisions\/17591"}],"wp:featuredmedia":[{"embeddable":true,"href":"https:\/\/www.ovg.org.br\/site\/index.php?rest_route=\/wp\/v2\/media\/17590"}],"wp:attachment":[{"href":"https:\/\/www.ovg.org.br\/site\/index.php?rest_route=%2Fwp%2Fv2%2Fmedia&parent=17589"}],"wp:term":[{"taxonomy":"category","embeddable":true,"href":"https:\/\/www.ovg.org.br\/site\/index.php?rest_route=%2Fwp%2Fv2%2Fcategories&post=17589"},{"taxonomy":"post_tag","embeddable":true,"href":"https:\/\/www.ovg.org.br\/site\/index.php?rest_route=%2Fwp%2Fv2%2Ftags&post=17589"}],"curies":[{"name":"wp","href":"https:\/\/api.w.org\/{rel}","templated":true}]}}