{"id":17758,"date":"2023-07-06T10:42:39","date_gmt":"2023-07-06T13:42:39","guid":{"rendered":"https:\/\/www.ovg.org.br\/site\/?p=17758"},"modified":"2023-07-06T10:42:41","modified_gmt":"2023-07-06T13:42:41","slug":"inscricoes-para-novos-bolsistas-do-probem-terminam-nesta-sexta-feira","status":"publish","type":"post","link":"https:\/\/www.ovg.org.br\/site\/?p=17758","title":{"rendered":"Inscri\u00e7\u00f5es para novos bolsistas do ProBem terminam nesta sexta-feira"},"content":{"rendered":"\n<p><strong>Lucas Dellamare<\/strong><\/p>\n\n\n\n<p>Termina nesta sexta-feira (07\/07) o prazo para que os estudantes em vulnerabilidade social que vivem em Goi\u00e1s possam se inscrever no Programa Universit\u00e1rio do Bem (ProBem). As inscri\u00e7\u00f5es, que devem ser realizadas pelo site da Organiza\u00e7\u00e3o das Volunt\u00e1rias de Goi\u00e1s (ovg.org.br), beneficiar\u00e3o quatro mil pessoas com bolsas integrais e parciais para o ensino superior.<\/p>\n\n\n\n<p>Para se inscrever, o estudante precisa estar inscrito no Cadastro \u00danico para Programas Sociais do Governo Federal (Cad\u00danico), residir em um dos 246 munic\u00edpios goianos e ter v\u00ednculo com a Institui\u00e7\u00e3o de Ensino Superior (IES). Para o semestre 2023\/2, ser\u00e3o 1 mil bolsas integrais e 3 mil bolsas parciais. O resultado preliminar ser\u00e1 divulgado no dia 17 de julho e o final, em 1\u00ba de agosto. Os contemplados receber\u00e3o o benef\u00edcio retroativo a julho de 2023.<\/p>\n\n\n\n<p>\u201cSabemos da import\u00e2ncia do ensino superior para a mudan\u00e7a de vida n\u00e3o s\u00f3 do estudante, mas de todo o n\u00facleo familiar. Quando falamos em fam\u00edlias em vulnerabilidade social, temos a consci\u00eancia de que esse benef\u00edcio do ProBem deve chegar j\u00e1 no in\u00edcio da vida acad\u00eamica. Minha maior alegria \u00e9 ver quantas portas se abrem a esses bolsistas com essa ajuda do governo Caiado\u201d, frisa a presidente de honra da OVG e coordenadora do Gabinete de Pol\u00edticas Sociais (GPS), primeira-dama Gracinha Caiado.<\/p>\n\n\n\n<p><strong>Benef\u00edcio<\/strong><br>Para o semestre 2023\/2 s\u00e3o ofertadas 3 mil bolsas parciais, que v\u00e3o custear at\u00e9 50% do valor da mensalidade, e 1 mil integrais, que v\u00e3o cobrir at\u00e9 100%. Para a maioria dos cursos, o benef\u00edcio parcial pode chegar a R$ 650 e o integral a R$ 1.500. J\u00e1 para alunos de Medicina e Odontologia, as bolsas ter\u00e3o limite de R$ 2.900 (bolsa parcial) e R$ 5.800 (bolsa integral).<\/p>\n\n\n\n<p>Al\u00e9m da bolsa do ProBem, o estudante contemplado contar\u00e1 tamb\u00e9m com acompanhamento socioassistencial e participar\u00e1 do Banco de Oportunidades, que promove, entre outras a\u00e7\u00f5es, a integra\u00e7\u00e3o ao mundo do trabalho por meio do encaminhamento para vagas de est\u00e1gios e cursos de aperfei\u00e7oamento, al\u00e9m da participa\u00e7\u00e3o em a\u00e7\u00f5es sociais.<\/p>\n\n\n\n<p>\u201cO ProBem \u00e9 um dos principais programas sociais do Governo de Goi\u00e1s, que se preocupa com a forma\u00e7\u00e3o integral dos estudantes vulner\u00e1veis e investe no futuro do Estado por meio da qualifica\u00e7\u00e3o e empregabilidade dos profissionais do futuro\u201d, diz Gracinha Caiado.<\/p>\n\n\n\n<p><strong>Organiza\u00e7\u00e3o das Volunt\u00e1rias de Goi\u00e1s \u2013 Governo de Goi\u00e1s<\/strong><\/p>\n","protected":false},"excerpt":{"rendered":"<p>Governo do Estado oferece quatro mil vagas para o pr\u00f3ximo semestre. Inscri\u00e7\u00f5es devem ser realizadas pelo site da OVG (ovg.org.br) at\u00e9 amanh\u00e3, 7 de julho<\/p>\n","protected":false},"author":8,"featured_media":17759,"comment_status":"closed","ping_status":"closed","sticky":false,"template":"","format":"standard","meta":{"_acf_changed":false,"footnotes":""},"categories":[1],"tags":[],"class_list":["post-17758","post","type-post","status-publish","format-standard","has-post-thumbnail","hentry","category-noticias-ovg"],"acf":[],"_links":{"self":[{"href":"https:\/\/www.ovg.org.br\/site\/index.php?rest_route=\/wp\/v2\/posts\/17758","targetHints":{"allow":["GET"]}}],"collection":[{"href":"https:\/\/www.ovg.org.br\/site\/index.php?rest_route=\/wp\/v2\/posts"}],"about":[{"href":"https:\/\/www.ovg.org.br\/site\/index.php?rest_route=\/wp\/v2\/types\/post"}],"author":[{"embeddable":true,"href":"https:\/\/www.ovg.org.br\/site\/index.php?rest_route=\/wp\/v2\/users\/8"}],"replies":[{"embeddable":true,"href":"https:\/\/www.ovg.org.br\/site\/index.php?rest_route=%2Fwp%2Fv2%2Fcomments&post=17758"}],"version-history":[{"count":2,"href":"https:\/\/www.ovg.org.br\/site\/index.php?rest_route=\/wp\/v2\/posts\/17758\/revisions"}],"predecessor-version":[{"id":17761,"href":"https:\/\/www.ovg.org.br\/site\/index.php?rest_route=\/wp\/v2\/posts\/17758\/revisions\/17761"}],"wp:featuredmedia":[{"embeddable":true,"href":"https:\/\/www.ovg.org.br\/site\/index.php?rest_route=\/wp\/v2\/media\/17759"}],"wp:attachment":[{"href":"https:\/\/www.ovg.org.br\/site\/index.php?rest_route=%2Fwp%2Fv2%2Fmedia&parent=17758"}],"wp:term":[{"taxonomy":"category","embeddable":true,"href":"https:\/\/www.ovg.org.br\/site\/index.php?rest_route=%2Fwp%2Fv2%2Fcategories&post=17758"},{"taxonomy":"post_tag","embeddable":true,"href":"https:\/\/www.ovg.org.br\/site\/index.php?rest_route=%2Fwp%2Fv2%2Ftags&post=17758"}],"curies":[{"name":"wp","href":"https:\/\/api.w.org\/{rel}","templated":true}]}}