{"id":17890,"date":"2023-07-17T08:57:27","date_gmt":"2023-07-17T11:57:27","guid":{"rendered":"https:\/\/www.ovg.org.br\/site\/?p=17890"},"modified":"2023-07-17T09:04:11","modified_gmt":"2023-07-17T12:04:11","slug":"governo-de-goias-investe-r-18-milhao-no-centro-de-idosos-sagrada-familia","status":"publish","type":"post","link":"https:\/\/www.ovg.org.br\/site\/?p=17890","title":{"rendered":"Governo de Goi\u00e1s investe R$ 1,8 milh\u00e3o no Centro de Idosos Sagrada Fam\u00edlia"},"content":{"rendered":"\n<p class=\"has-text-align-center\"><em>&#8220;Olha como nossas casas v\u00e3o ficar lindas! Sou s\u00f3 gratid\u00e3o ao nosso governador por nos cuidar com tanto afeto&#8221;, comemora Loide Borges, 77 anos, moradora do Centro de Idosos<\/em><\/p>\n\n\n\n<p class=\"has-text-align-center\"><\/p>\n\n\n\n<p><strong>Elis\u00e2ngela Vieira<\/strong><\/p>\n\n\n\n<p>O Governo de Goi\u00e1s, por meio do Goi\u00e1s Social, trabalha na reforma do Centro de Idosos Sagrada Fam\u00edlia, em Goi\u00e2nia. A obra \u00e9 realizada de forma gradual para n\u00e3o interromper as atividades e a rotina dos 400 idosos em situa\u00e7\u00e3o de vulnerabilidade atendidos mensalmente na unidade.<\/p>\n\n\n\n<p>O investimento feito no Centro Dia, capela, vesti\u00e1rios, lavanderia, impermeabiliza\u00e7\u00e3o da cobertura da Institui\u00e7\u00e3o de Longa Perman\u00eancia de Idosos (ILPI) e na reconstru\u00e7\u00e3o de duas Casas-Lares ultrapassa R$ 1,8 milh\u00e3o. A previs\u00e3o \u00e9 de que quase R$ 2 milh\u00f5es ainda sejam investidos nos pr\u00f3ximos 24 meses na reconstru\u00e7\u00e3o de outras 28 Casas-Lares.<\/p>\n\n\n\n<p>\u201cNosso objetivo \u00e9 oferecer mais conforto a todos que moram ou passam o dia no Sagrada Fam\u00edlia. Esta reforma representa todo o cuidado que o governador Ronaldo Caiado tem para proporcionar qualidade de vida a nossa terceira idade. Estamos tratando de pessoas que precisam de todo o nosso carinho\u201d, diz a presidente de honra da Organiza\u00e7\u00e3o das Volunt\u00e1rias de Goi\u00e1s (OVG) e coordenadora do Gabinete de Pol\u00edticas Sociais (GPS), primeira-dama Gracinha Caiado.<\/p>\n\n\n\n<p>Em mar\u00e7o do ano passado, o Governo de Goi\u00e1s tamb\u00e9m entregou uma moderna e ampla reforma feita no Centro de Idosos Vila Vida, em Goi\u00e2nia. O espa\u00e7o atende uma m\u00e9dia mensal de quase 800 idosos em situa\u00e7\u00e3o de vulnerabilidade, com atividades como cozinha terap\u00eautica, musicoterapia, hidrogin\u00e1stica e treinamento funcional.<\/p>\n\n\n\n<p>O investimento feito na Vila Vida foi de mais de R$ 1 milh\u00e3o, e significou mais seguran\u00e7a e conforto para os moradores das 30 Casas-Lares e frequentadores do Centro de Conviv\u00eancia e Fortalecimento de V\u00ednculos. \u201cFicamos muito felizes com o que foi feito na Vila Vida, at\u00e9 ent\u00e3o com 28 anos e nunca tinha sido beneficiada com uma obra t\u00e3o grande. O que fizemos l\u00e1, e agora no Sagrada Fam\u00edlia, significa acolhimento e dignidade\u201d, salienta Gracinha Caiado.<\/p>\n\n\n\n<p>Eulina Santos, de 79 anos, \u00e9 uma das idosas que fica de segunda a sexta-feira, das 7h30 \u00e0s 18h, no Centro Dia do Sagrada Fam\u00edlia. No local, ela recebe cuidados b\u00e1sicos, participa de atividades de conv\u00edvio e faz quatro refei\u00e7\u00f5es di\u00e1rias. Tudo com o acompanhamento de uma equipe multidisciplinar formada por assistente social, nutricionista, psic\u00f3loga, fonoaudi\u00f3loga, fisioterapeuta, enfermeiras e cuidadoras.<\/p>\n\n\n\n<figure class=\"wp-block-image size-large\"><img loading=\"lazy\" decoding=\"async\" width=\"1024\" height=\"682\" src=\"https:\/\/www.ovg.org.br\/site\/wp-content\/uploads\/2023\/07\/idosa-2-1024x682.jpeg\" alt=\"\" class=\"wp-image-17891\" srcset=\"https:\/\/www.ovg.org.br\/site\/wp-content\/uploads\/2023\/07\/idosa-2-1024x682.jpeg 1024w, https:\/\/www.ovg.org.br\/site\/wp-content\/uploads\/2023\/07\/idosa-2-300x200.jpeg 300w, https:\/\/www.ovg.org.br\/site\/wp-content\/uploads\/2023\/07\/idosa-2-768x512.jpeg 768w, https:\/\/www.ovg.org.br\/site\/wp-content\/uploads\/2023\/07\/idosa-2-1536x1023.jpeg 1536w, https:\/\/www.ovg.org.br\/site\/wp-content\/uploads\/2023\/07\/idosa-2.jpeg 1600w\" sizes=\"auto, (max-width: 1024px) 100vw, 1024px\" \/><\/figure>\n\n\n\n<p class=\"has-text-align-center\"><em>O Centro Dia do Sagrada Fam\u00edlia est\u00e1 mais aconchegante e seguro.\u201cAqui, tem gente que faz tudo com carinho, na hora certa\u201d, frisa dona Eulina Santos, 79 anos<\/em><\/p>\n\n\n\n<p>Depois da reforma, Eulina afirma que o era bom, est\u00e1 melhor. O Centro Dia ganhou novo mobili\u00e1rio e eletrodom\u00e9sticos. Os banheiros e quartos destinados ao descanso p\u00f3s-almo\u00e7o receberam novos equipamentos de seguran\u00e7a. \u201cTodos os quartos ganharam aparelhos de ares-condicionados. Estamos mais chiques do que hotel cinco estrelas\u201d, elogia a idosa.<\/p>\n\n\n\n<p>Nas Casas-Lares, outra modalidade de atendimento do Sagrada Fam\u00edlia, quem est\u00e1 feliz \u00e9 Loida Borges, 77 anos. A idosa faz pose para foto na frente de uma das Casas-Lares j\u00e1 reconstru\u00edda. \u201cOlha como as nossas casas v\u00e3o ficar lindas! Sou s\u00f3 gratid\u00e3o ao nosso governador por nos cuidar com tanto afeto\u201d, conta.<\/p>\n\n\n\n<p><strong>Organiza\u00e7\u00e3o das Volunt\u00e1rias de Goi\u00e1s (OVG) \u2013 Governo de Goi\u00e1s<\/strong><\/p>\n","protected":false},"excerpt":{"rendered":"<p>Institui\u00e7\u00e3o de Longa Perman\u00eancia, em Goi\u00e2nia, passa por grande reforma, que inclui Centro Dia, capela, vesti\u00e1rios e lavanderia. Duas casas-lares foram reconstru\u00eddas e outras 28 v\u00e3o passar por obras nos pr\u00f3ximos meses<\/p>\n","protected":false},"author":4,"featured_media":17893,"comment_status":"closed","ping_status":"closed","sticky":false,"template":"","format":"standard","meta":{"_acf_changed":false,"footnotes":""},"categories":[1],"tags":[],"class_list":["post-17890","post","type-post","status-publish","format-standard","has-post-thumbnail","hentry","category-noticias-ovg"],"acf":[],"_links":{"self":[{"href":"https:\/\/www.ovg.org.br\/site\/index.php?rest_route=\/wp\/v2\/posts\/17890","targetHints":{"allow":["GET"]}}],"collection":[{"href":"https:\/\/www.ovg.org.br\/site\/index.php?rest_route=\/wp\/v2\/posts"}],"about":[{"href":"https:\/\/www.ovg.org.br\/site\/index.php?rest_route=\/wp\/v2\/types\/post"}],"author":[{"embeddable":true,"href":"https:\/\/www.ovg.org.br\/site\/index.php?rest_route=\/wp\/v2\/users\/4"}],"replies":[{"embeddable":true,"href":"https:\/\/www.ovg.org.br\/site\/index.php?rest_route=%2Fwp%2Fv2%2Fcomments&post=17890"}],"version-history":[{"count":5,"href":"https:\/\/www.ovg.org.br\/site\/index.php?rest_route=\/wp\/v2\/posts\/17890\/revisions"}],"predecessor-version":[{"id":17901,"href":"https:\/\/www.ovg.org.br\/site\/index.php?rest_route=\/wp\/v2\/posts\/17890\/revisions\/17901"}],"wp:featuredmedia":[{"embeddable":true,"href":"https:\/\/www.ovg.org.br\/site\/index.php?rest_route=\/wp\/v2\/media\/17893"}],"wp:attachment":[{"href":"https:\/\/www.ovg.org.br\/site\/index.php?rest_route=%2Fwp%2Fv2%2Fmedia&parent=17890"}],"wp:term":[{"taxonomy":"category","embeddable":true,"href":"https:\/\/www.ovg.org.br\/site\/index.php?rest_route=%2Fwp%2Fv2%2Fcategories&post=17890"},{"taxonomy":"post_tag","embeddable":true,"href":"https:\/\/www.ovg.org.br\/site\/index.php?rest_route=%2Fwp%2Fv2%2Ftags&post=17890"}],"curies":[{"name":"wp","href":"https:\/\/api.w.org\/{rel}","templated":true}]}}