{"id":1791,"date":"2020-11-09T15:55:18","date_gmt":"2020-11-09T17:55:18","guid":{"rendered":"http:\/\/www.ovg.org.br\/site\/?p=1791"},"modified":"2022-10-04T10:41:39","modified_gmt":"2022-10-04T13:41:39","slug":"alunos-da-apae-vao-fazer-paisagismo-no-palacio","status":"publish","type":"post","link":"https:\/\/www.ovg.org.br\/site\/?p=1791","title":{"rendered":"Alunos da Apae v\u00e3o fazer paisagismo no pal\u00e1cio"},"content":{"rendered":"\n<p>&nbsp;A presidente de honra da OVG, Gracinha Caiado, e a diretora-geral da Organiza\u00e7\u00e3o, Adryanna Melo Caiado, receber\u00e3o, na sexta-feira (15\/2), oito alunos da Associa\u00e7\u00e3o de Pais e Amigos dos Excepcionais em Goi\u00e1s (Apae-GO) para um dia de trabalho e divers\u00e3o.<\/p>\n\n\n\n<p><br>&nbsp; &nbsp;Os jovens foram convidados pela primeira-dama para ajud\u00e1-la a replantar dois canteiros que ficam em frente ao Pal\u00e1cio das Esmeraldas (resid\u00eancia oficial do governador do Estado), na Pra\u00e7a C\u00edvica.<\/p>\n\n\n\n<p><br>&nbsp; &nbsp;\u201cEu fiquei encantada com o cuidado e dedica\u00e7\u00e3o daquela turma. Na hora que vi a horta, os jardins da unidade, perguntei a eles se topavam me ajudar. Buscamos parceiros para as plantas e flores e agora vamos botar a m\u00e3o na massa\u201d, explica Gracinha.<\/p>\n\n\n\n<p><br>&nbsp; &nbsp;A atividade ser\u00e1 supervisionada pelo instrutor de jardinagem do Complexo III da Apae, localizado na Ch\u00e1cara do Governador, em Goi\u00e2nia; ter\u00e1 o apoio da paisagista Izabella Prado e materiais doados pela Matsuflora Garden Center.<\/p>\n\n\n\n<p><br>&nbsp; &nbsp;Ser\u00e3o replantados nos dois canteiros dois tipos de flores, cambar\u00e1 amarela e periquito roxo, e uma herb\u00e1cea com aspecto de grama, a lir\u00edope variegata.<\/p>\n\n\n\n<p><br>&nbsp; &nbsp;O convite aos alunos foi feito durante visita da primeira-dama e do secret\u00e1rio de Desenvolvimento Social, Marcos Cabral, a tr\u00eas unidades da Apae na \u00faltima semana. Na ocasi\u00e3o, Gracinha Caiado reafirmou o compromisso do governador Ronaldo Caiado com as entidades filantr\u00f3picas.<\/p>\n\n\n\n<p><br>&nbsp; &nbsp;\u201cSempre fomos parceiros da Apae no Brasil todo e fiz quest\u00e3o de estar aqui no in\u00edcio do governo para dizer que acreditamos na inclus\u00e3o e, como primeira-dama, me comprometo a ajudar quem realmente precisa de ajuda. A inclus\u00e3o social tem que se tornar um compromisso de todos n\u00f3s\u201d, afirmou.<\/p>\n\n\n\n<p><em><strong>Assessoria de Comunica\u00e7\u00e3o do Governo de Goi\u00e1s<\/strong><\/em><\/p>\n","protected":false},"excerpt":{"rendered":"<p>&nbsp;A presidente de honra da OVG, Gracinha Caiado, e a diretora-geral da Organiza\u00e7\u00e3o, Adryanna Melo Caiado, receber\u00e3o, na sexta-feira (15\/2), oito alunos da Associa\u00e7\u00e3o de Pais e Amigos dos Excepcionais&hellip;<\/p>\n","protected":false},"author":8,"featured_media":1792,"comment_status":"closed","ping_status":"closed","sticky":false,"template":"","format":"standard","meta":{"_acf_changed":false,"footnotes":""},"categories":[1],"tags":[],"class_list":["post-1791","post","type-post","status-publish","format-standard","has-post-thumbnail","hentry","category-noticias-ovg"],"acf":[],"_links":{"self":[{"href":"https:\/\/www.ovg.org.br\/site\/index.php?rest_route=\/wp\/v2\/posts\/1791","targetHints":{"allow":["GET"]}}],"collection":[{"href":"https:\/\/www.ovg.org.br\/site\/index.php?rest_route=\/wp\/v2\/posts"}],"about":[{"href":"https:\/\/www.ovg.org.br\/site\/index.php?rest_route=\/wp\/v2\/types\/post"}],"author":[{"embeddable":true,"href":"https:\/\/www.ovg.org.br\/site\/index.php?rest_route=\/wp\/v2\/users\/8"}],"replies":[{"embeddable":true,"href":"https:\/\/www.ovg.org.br\/site\/index.php?rest_route=%2Fwp%2Fv2%2Fcomments&post=1791"}],"version-history":[{"count":1,"href":"https:\/\/www.ovg.org.br\/site\/index.php?rest_route=\/wp\/v2\/posts\/1791\/revisions"}],"predecessor-version":[{"id":1793,"href":"https:\/\/www.ovg.org.br\/site\/index.php?rest_route=\/wp\/v2\/posts\/1791\/revisions\/1793"}],"wp:featuredmedia":[{"embeddable":true,"href":"https:\/\/www.ovg.org.br\/site\/index.php?rest_route=\/wp\/v2\/media\/1792"}],"wp:attachment":[{"href":"https:\/\/www.ovg.org.br\/site\/index.php?rest_route=%2Fwp%2Fv2%2Fmedia&parent=1791"}],"wp:term":[{"taxonomy":"category","embeddable":true,"href":"https:\/\/www.ovg.org.br\/site\/index.php?rest_route=%2Fwp%2Fv2%2Fcategories&post=1791"},{"taxonomy":"post_tag","embeddable":true,"href":"https:\/\/www.ovg.org.br\/site\/index.php?rest_route=%2Fwp%2Fv2%2Ftags&post=1791"}],"curies":[{"name":"wp","href":"https:\/\/api.w.org\/{rel}","templated":true}]}}