{"id":17962,"date":"2023-07-19T09:14:25","date_gmt":"2023-07-19T12:14:25","guid":{"rendered":"https:\/\/www.ovg.org.br\/site\/?p=17962"},"modified":"2023-07-19T09:14:26","modified_gmt":"2023-07-19T12:14:26","slug":"cuidar-das-pessoas-e-o-que-nos-motiva-diz-gracinha-caiado-durante-entrega-de-programas-sociais-em-jaragua","status":"publish","type":"post","link":"https:\/\/www.ovg.org.br\/site\/?p=17962","title":{"rendered":"\u201cCuidar das pessoas \u00e9 o que nos motiva\u201d, diz Gracinha Caiado durante entrega de programas sociais, em Jaragu\u00e1"},"content":{"rendered":"\n<p class=\"has-text-align-center\"><em>A OVG entregou benef\u00edcios sociais como cadeiras de rodas, em Jaragu\u00e1<\/em><\/p>\n\n\n\n<p>A presidente de honra da Organiza\u00e7\u00e3o das Volunt\u00e1rias de Goi\u00e1s (OVG) e coordenadora do Gabinete de Pol\u00edticas Sociais (GPS), primeira-dama Gracinha Caiado, participou, na manh\u00e3 desta ter\u00e7a-feira (18\/7), do in\u00edcio das comemora\u00e7\u00f5es do anivers\u00e1rio da cidade de Jaragu\u00e1, que completa 287 anos no pr\u00f3ximo dia 29 de julho. Na ocasi\u00e3o, em parceria com a prefeitura, diversas pastas do Governo de Goi\u00e1s que comp\u00f5em o Goi\u00e1s Social se uniram para levar os principais servi\u00e7os do Estado \u00e0 popula\u00e7\u00e3o local, bem como realizar a entrega de benef\u00edcios sociais. O evento acontece na Pra\u00e7a Silvio de Castro Ribeiro, no Centro da cidade.<\/p>\n\n\n\n<p>Entre as principais a\u00e7\u00f5es sociais, Gracinha Caiado realizou a entrega de 375 cart\u00f5es do programa M\u00e3es de Goi\u00e1s, que oferece aux\u00edlio de R$ 250 mensais para mulheres em situa\u00e7\u00e3o de extrema pobreza com filhos de at\u00e9 seis anos. Ao todo, mais de 120 mil mulheres j\u00e1 receberam o benef\u00edcio do Estado, sendo 1.891 em Jaragu\u00e1.<\/p>\n\n\n\n<p>\u201cA preocupa\u00e7\u00e3o de um gestor tem que ser cuidar das pessoas, \u00e9 isso que nos motiva. Por isso, hoje estamos comemorando os 287 anos de Jaragu\u00e1 com entregas de benef\u00edcios e com muito trabalho\u201d, afirmou a primeira-dama. Durante as comemora\u00e7\u00f5es do anivers\u00e1rio do munic\u00edpio, o Governo de Goi\u00e1s oferece ainda servi\u00e7os como cadastros em programas, cursos de capacita\u00e7\u00e3o profissional, emiss\u00e3o de documentos, al\u00e9m de oportunidades de emprego.<\/p>\n\n\n\n<p>\u201cA minha miss\u00e3o \u00e9 trabalhar junto com o governador Ronaldo Caiado para trazer resultados para a vida das pessoas, porque o Estado s\u00f3 vai bem quando a vida das pessoas vai bem. E o Goi\u00e1s Social \u00e9 hoje essa grande a\u00e7\u00e3o de governo que passa por todas as secretarias e que tem como objetivo justamente alcan\u00e7ar todos os goianos em vulnerabilidade, sem deixar ningu\u00e9m para tr\u00e1s\u201d, ressaltou Gracinha.<\/p>\n\n\n\n<p>O Goi\u00e1s Social abrange dezenas de programas, como o M\u00e3es de Goi\u00e1s, Aluguel Social, NutreBem, Dignidade Menstrual, Aquecendo Vidas, Nordeste Solid\u00e1rio, Fam\u00edlia Acolhedora, Dignidade, Restaurante do Bem, Aprendiz do Futuro, ProBem, Bolsa Estudo, Cr\u00e9dito Social, PAA Goi\u00e1s e Goi\u00e1s por Elas. Durante o evento desta ter\u00e7a, o prefeito Paulo Vitor Avelar agradeceu todo o suporte da administra\u00e7\u00e3o estadual e fez quest\u00e3o de lembrar que o programa M\u00e3es de Goi\u00e1s foi lan\u00e7ado em primeira m\u00e3o na cidade h\u00e1 tr\u00eas anos: \u201cJaragu\u00e1 recebe todas as a\u00e7\u00f5es do Estado e existe um apoio incondicional ao munic\u00edpio. Nossos programas sociais hoje s\u00e3o copiados por todo o Brasil. Isso nos deixa muito orgulhosos.&#8221;<\/p>\n\n\n\n<p>A popula\u00e7\u00e3o idosa de baixa renda tamb\u00e9m foi contemplada pelos benef\u00edcios durante as comemora\u00e7\u00f5es do anivers\u00e1rio da cidade. \u201cHoje entregamos 42 cart\u00f5es do Dignidade, um programa novo do Goi\u00e1s Social que atende pessoas entre 60 e 65 anos da idade, com valor de R$ 300 por m\u00eas. \u00c9 para aquelas pessoas que ainda n\u00e3o contam com uma aposentadoria ou ainda n\u00e3o est\u00e3o com o BPC (Benef\u00edcio de Presta\u00e7\u00e3o Continuada)&#8221;, explicou Wellington Matos, secret\u00e1rio de Estado do Desenvolvimento Social.<\/p>\n\n\n\n<p><\/p>\n\n\n\n<p><strong>Secretaria de Comunica\u00e7\u00e3o &#8211; Governo de Goi\u00e1s<\/strong><\/p>\n","protected":false},"excerpt":{"rendered":"<p>Na abertura das comemora\u00e7\u00f5es do anivers\u00e1rio da cidade, primeira-dama entregou cart\u00f5es do M\u00e3es de Goi\u00e1s e do Dignidade<\/p>\n","protected":false},"author":4,"featured_media":17963,"comment_status":"closed","ping_status":"closed","sticky":false,"template":"","format":"standard","meta":{"_acf_changed":false,"footnotes":""},"categories":[1],"tags":[],"class_list":["post-17962","post","type-post","status-publish","format-standard","has-post-thumbnail","hentry","category-noticias-ovg"],"acf":[],"_links":{"self":[{"href":"https:\/\/www.ovg.org.br\/site\/index.php?rest_route=\/wp\/v2\/posts\/17962","targetHints":{"allow":["GET"]}}],"collection":[{"href":"https:\/\/www.ovg.org.br\/site\/index.php?rest_route=\/wp\/v2\/posts"}],"about":[{"href":"https:\/\/www.ovg.org.br\/site\/index.php?rest_route=\/wp\/v2\/types\/post"}],"author":[{"embeddable":true,"href":"https:\/\/www.ovg.org.br\/site\/index.php?rest_route=\/wp\/v2\/users\/4"}],"replies":[{"embeddable":true,"href":"https:\/\/www.ovg.org.br\/site\/index.php?rest_route=%2Fwp%2Fv2%2Fcomments&post=17962"}],"version-history":[{"count":1,"href":"https:\/\/www.ovg.org.br\/site\/index.php?rest_route=\/wp\/v2\/posts\/17962\/revisions"}],"predecessor-version":[{"id":17964,"href":"https:\/\/www.ovg.org.br\/site\/index.php?rest_route=\/wp\/v2\/posts\/17962\/revisions\/17964"}],"wp:featuredmedia":[{"embeddable":true,"href":"https:\/\/www.ovg.org.br\/site\/index.php?rest_route=\/wp\/v2\/media\/17963"}],"wp:attachment":[{"href":"https:\/\/www.ovg.org.br\/site\/index.php?rest_route=%2Fwp%2Fv2%2Fmedia&parent=17962"}],"wp:term":[{"taxonomy":"category","embeddable":true,"href":"https:\/\/www.ovg.org.br\/site\/index.php?rest_route=%2Fwp%2Fv2%2Fcategories&post=17962"},{"taxonomy":"post_tag","embeddable":true,"href":"https:\/\/www.ovg.org.br\/site\/index.php?rest_route=%2Fwp%2Fv2%2Ftags&post=17962"}],"curies":[{"name":"wp","href":"https:\/\/api.w.org\/{rel}","templated":true}]}}