{"id":18074,"date":"2023-07-31T08:45:20","date_gmt":"2023-07-31T11:45:20","guid":{"rendered":"https:\/\/www.ovg.org.br\/site\/?p=18074"},"modified":"2023-08-01T09:52:11","modified_gmt":"2023-08-01T12:52:11","slug":"governo-de-goias-inaugura-projeto-de-natacao-para-maes-e-bebes-em-situacao-de-vulnerabilidade-social","status":"publish","type":"post","link":"https:\/\/www.ovg.org.br\/site\/?p=18074","title":{"rendered":"Governo de Goi\u00e1s inaugura projeto de nata\u00e7\u00e3o para m\u00e3es e beb\u00eas em vulnerabilidade"},"content":{"rendered":"\n<p><\/p>\n\n\n\n<p class=\"has-text-align-center\"><em>Atividade aqu\u00e1tica \u00e9 voltada para crian\u00e7as a partir de seis meses de idade e beneficia m\u00e3es e beb\u00eas em situa\u00e7\u00e3o de vulnerabilidade social<\/em><\/p>\n\n\n\n<p><strong>Elis\u00e2ngela Vieira<\/strong><\/p>\n\n\n\n<p>As piscinas do Centro da Juventude Tecendo o Futuro, em Goi\u00e2nia, agora t\u00eam uma nova utilidade especial: propiciar momentos de uni\u00e3o entre jovens m\u00e3es e seus beb\u00eas atendidos pelo Programa Meninas de Luz. Elas v\u00e3o usar as depend\u00eancias da unidade do Governo do Estado, mantida pela Organiza\u00e7\u00e3o das Volunt\u00e1rias de Goi\u00e1s (OVG), para aulas de nata\u00e7\u00e3o. Com apoio profissional, as m\u00e3es acompanham o beb\u00ea na execu\u00e7\u00e3o dos movimentos, em \u00e1gua aquecida, e aproveitam para brincar e estreitar la\u00e7os com a crian\u00e7a.<\/p>\n\n\n\n<p>A atividade aqu\u00e1tica, realizada por meio do Goi\u00e1s Social, alia esporte e divers\u00e3o e \u00e9 voltada para crian\u00e7as a partir de seis meses de idade. As aulas est\u00e3o dispon\u00edveis de forma gratuita, quinzenalmente, na unidade que fica localizada no Jardim Novo Mundo, na capital. A pr\u00e1tica promove o desenvolvimento corporal e psicomotor, fortalece o sistema respirat\u00f3rio e muscular, auxilia na qualidade do sono e ainda refor\u00e7a v\u00ednculos afetivos.<\/p>\n\n\n\n<p>Para a presidente de honra da OVG e coordenadora do Gabinete de Pol\u00edticas Sociais (GPS), primeira-dama Gracinha Caiado, a iniciativa garante prote\u00e7\u00e3o social para as jovens em situa\u00e7\u00e3o de vulnerabilidade social. \u201cTudo \u00e9 pensado para que as m\u00e3es atendidas na unidade e seus beb\u00eas tenham qualidade de vida e essa \u00e9 mais uma a\u00e7\u00e3o dentro de uma rede de prote\u00e7\u00e3o criada para que essas m\u00e3es possam cuidar de seus filhos da melhor forma poss\u00edvel, com sa\u00fade, inclus\u00e3o social e oportunidade para essas fam\u00edlias. Esse \u00e9 o objetivo do governo Caiado.\u201d<\/p>\n\n\n\n<p>Kethellen Morais, 19 anos, m\u00e3e da Clarisse, de oito meses, conta entusiasmada sobre a primeira experi\u00eancia da filha na nata\u00e7\u00e3o. \u201cEu queria muito que ela fizesse nata\u00e7\u00e3o desde agora, que \u00e9 pequenininha, mas n\u00e3o tenho condi\u00e7\u00f5es de arcar com isso. \u00c9 muito bom saber que o Meninas de Luz nos oferece a atividade de gra\u00e7a aqui na OVG\u201d.<\/p>\n\n\n\n<figure class=\"wp-block-image size-large\"><img loading=\"lazy\" decoding=\"async\" width=\"1024\" height=\"768\" src=\"https:\/\/www.ovg.org.br\/site\/wp-content\/uploads\/2023\/07\/31-de-julho-1-1024x768.jpeg\" alt=\"\" class=\"wp-image-18075\" srcset=\"https:\/\/www.ovg.org.br\/site\/wp-content\/uploads\/2023\/07\/31-de-julho-1-1024x768.jpeg 1024w, https:\/\/www.ovg.org.br\/site\/wp-content\/uploads\/2023\/07\/31-de-julho-1-300x225.jpeg 300w, https:\/\/www.ovg.org.br\/site\/wp-content\/uploads\/2023\/07\/31-de-julho-1-768x576.jpeg 768w, https:\/\/www.ovg.org.br\/site\/wp-content\/uploads\/2023\/07\/31-de-julho-1-1536x1152.jpeg 1536w, https:\/\/www.ovg.org.br\/site\/wp-content\/uploads\/2023\/07\/31-de-julho-1.jpeg 1600w\" sizes=\"auto, (max-width: 1024px) 100vw, 1024px\" \/><\/figure>\n\n\n\n<p class=\"has-text-align-center\"><em>Kethellen Morais, m\u00e3e da Clarisse, conta entusiasmada sobre a primeira experi\u00eancia da filha na nata\u00e7\u00e3o. \u201cuma peixinha\u201d<\/em><\/p>\n\n\n\n<p><strong>Atendimento gratuito<\/strong><br>O Meninas de Luz \u00e9 voltado para gr\u00e1vidas e jovens m\u00e3es em situa\u00e7\u00e3o de vulnerabilidade social com at\u00e9 21 anos de idade. As participantes recebem enxovais completos para os beb\u00eas, com banheira, roupinhas, manta e itens de higiene; fraldas descart\u00e1veis; \u201cfarmacinha\u201d e cestas com hortifruti do Banco de Alimentos.<\/p>\n\n\n\n<p>No programa, uma equipe multidisciplinar trabalha temas relacionados a educa\u00e7\u00e3o sexual, sa\u00fade, cuidados com o beb\u00ea, vacina\u00e7\u00e3o, planejamento familiar e direitos do cidad\u00e3o, al\u00e9m de ofertar, gratuitamente, atendimento psicol\u00f3gico, odontol\u00f3gico e de enfermagem. Tamb\u00e9m s\u00e3o oferecidos cursos de qualifica\u00e7\u00e3o profissional, oficinas e ensaios fotogr\u00e1ficos. Em 2023, o Meninas de Luz tem atendido uma m\u00e9dia mensal de 220 adolescentes.<\/p>\n\n\n\n<p><\/p>\n\n\n\n<p><strong>Organiza\u00e7\u00e3o das Volunt\u00e1rias de Goi\u00e1s (OVG) \u2013 Governo de Goi\u00e1s<\/strong><\/p>\n","protected":false},"excerpt":{"rendered":"<p>Iniciativa \u00e9 gratuita e voltada para m\u00e3es atendidas pelo Programa Meninas de Luz e beb\u00eas a partir de seis meses de idade<\/p>\n","protected":false},"author":4,"featured_media":18077,"comment_status":"closed","ping_status":"closed","sticky":false,"template":"","format":"standard","meta":{"_acf_changed":false,"footnotes":""},"categories":[1],"tags":[],"class_list":["post-18074","post","type-post","status-publish","format-standard","has-post-thumbnail","hentry","category-noticias-ovg"],"acf":[],"_links":{"self":[{"href":"https:\/\/www.ovg.org.br\/site\/index.php?rest_route=\/wp\/v2\/posts\/18074","targetHints":{"allow":["GET"]}}],"collection":[{"href":"https:\/\/www.ovg.org.br\/site\/index.php?rest_route=\/wp\/v2\/posts"}],"about":[{"href":"https:\/\/www.ovg.org.br\/site\/index.php?rest_route=\/wp\/v2\/types\/post"}],"author":[{"embeddable":true,"href":"https:\/\/www.ovg.org.br\/site\/index.php?rest_route=\/wp\/v2\/users\/4"}],"replies":[{"embeddable":true,"href":"https:\/\/www.ovg.org.br\/site\/index.php?rest_route=%2Fwp%2Fv2%2Fcomments&post=18074"}],"version-history":[{"count":3,"href":"https:\/\/www.ovg.org.br\/site\/index.php?rest_route=\/wp\/v2\/posts\/18074\/revisions"}],"predecessor-version":[{"id":18128,"href":"https:\/\/www.ovg.org.br\/site\/index.php?rest_route=\/wp\/v2\/posts\/18074\/revisions\/18128"}],"wp:featuredmedia":[{"embeddable":true,"href":"https:\/\/www.ovg.org.br\/site\/index.php?rest_route=\/wp\/v2\/media\/18077"}],"wp:attachment":[{"href":"https:\/\/www.ovg.org.br\/site\/index.php?rest_route=%2Fwp%2Fv2%2Fmedia&parent=18074"}],"wp:term":[{"taxonomy":"category","embeddable":true,"href":"https:\/\/www.ovg.org.br\/site\/index.php?rest_route=%2Fwp%2Fv2%2Fcategories&post=18074"},{"taxonomy":"post_tag","embeddable":true,"href":"https:\/\/www.ovg.org.br\/site\/index.php?rest_route=%2Fwp%2Fv2%2Ftags&post=18074"}],"curies":[{"name":"wp","href":"https:\/\/api.w.org\/{rel}","templated":true}]}}