{"id":18187,"date":"2023-08-07T08:39:15","date_gmt":"2023-08-07T11:39:15","guid":{"rendered":"https:\/\/www.ovg.org.br\/site\/?p=18187"},"modified":"2023-08-07T10:42:25","modified_gmt":"2023-08-07T13:42:25","slug":"governo-de-goias-oferece-mais-de-500-vagas-gratuitas-para-qualificacao-profissional-atividades-esportivas-culturais-e-de-tecnologia-em-goiania","status":"publish","type":"post","link":"https:\/\/www.ovg.org.br\/site\/?p=18187","title":{"rendered":"OVG oferece mais de 500 vagas gratuitas para qualifica\u00e7\u00e3o profissional, atividades esportivas, culturais e de tecnologia"},"content":{"rendered":"\n<p class=\"has-text-align-center\"><em>Centro da Juventude Tecendo o Futuro, em Goi\u00e2nia, est\u00e1 com inscri\u00e7\u00f5es abertas para qualifica\u00e7\u00e3o profissional, atividades esportivas, culturais e de tecnologia. S\u00e3o mais de 500 vagas gratuitas dispon\u00edveis para adolescentes e jovens em vulnerabilidade social<\/em><\/p>\n\n\n\n<p><strong>Elis\u00e2ngela Vieira<\/strong><\/p>\n\n\n\n<p>O Centro da Juventude Tecendo o Futuro do Governo de Goi\u00e1s, via Goi\u00e1s Social, est\u00e1 com inscri\u00e7\u00f5es abertas para cursos de qualifica\u00e7\u00e3o profissional e atividades esportivas, culturais e de tecnologia totalmente gratuitos, para in\u00edcio em agosto e setembro de 2023. Ao todo, s\u00e3o 508 vagas para os per\u00edodos matutino e vespertino. As oportunidades s\u00e3o para adolescentes e jovens, de ambos os sexos, com idade entre 12 e 21 anos, em situa\u00e7\u00e3o de vulnerabilidade social, residentes em Goi\u00e2nia e regi\u00e3o metropolitana.<\/p>\n\n\n\n<p>S\u00e3o oferecidas vagas para cursos nas \u00e1reas de beleza, culin\u00e1ria e gastronomia, costura, vendas, marketing digital, multim\u00eddia, assistente administrativo, rob\u00f3tica e karat\u00ea, al\u00e9m de jiu-jistu, basquete, futsal e v\u00f4lei.<\/p>\n\n\n\n<p>As inscri\u00e7\u00f5es s\u00e3o feitas apenas presencialmente, de segunda a sexta-feira, das 8h \u00e0s 11h e das 13h \u00e0s 16h, na sede do Centro da Juventude Tecendo o Futuro, que fica na Avenida Crist\u00f3v\u00e3o Colombo, esquina com a Rua Managu\u00e1, Jardim Novo Mundo, em Goi\u00e2nia. \u00c9 preciso apresentar RG e CPF do adolescente e respons\u00e1vel e comprovantes de endere\u00e7o e de escolaridade. Menores de idade devem estar acompanhados dos pais ou de um respons\u00e1vel. Outras informa\u00e7\u00f5es podem ser obtidas pelos telefones (62) 3201-6983, (62) 3270-8500 e (62) 99941-6090.<\/p>\n\n\n\n<p><\/p>\n\n\n\n<p><strong>Tecendo o Futuro<\/strong><br>Administrado pela Organiza\u00e7\u00e3o das Volunt\u00e1rias de Goi\u00e1s (OVG), o Centro da Juventude Tecendo o Futuro tem capacidade para atender, de forma digna e acolhedora, cerca de 500 jovens por m\u00eas. A unidade funciona em um local amplo e moderno, inaugurado em junho do ano passado pelo Governo de Goi\u00e1s que investiu quase R$ 9 milh\u00f5es no espa\u00e7o.<\/p>\n\n\n\n<p>Conta com uma piscina semiol\u00edmpica para atividades aqu\u00e1ticas, quadra poliesportiva, espa\u00e7o destinado a aulas de v\u00f4lei, basquete, futsal, handebol e t\u00eanis de mesa, ambientes reservados para a pr\u00e1tica de artes marciais e aulas de m\u00fasica e dan\u00e7a.<\/p>\n\n\n\n<p>Al\u00e9m de ofertar qualifica\u00e7\u00e3o profissional e atividades esportivas, culturais e de tecnologia, a unidade tamb\u00e9m abriga o Meninas de Luz, que cuida e ampara adolescentes gr\u00e1vidas em situa\u00e7\u00e3o de vulnerabilidade social, com idade entre 12 e 21 anos, inclusive v\u00edtimas de viol\u00eancia sexual. O Programa favorece atendimento multiprofissional, que visa garantir uma gesta\u00e7\u00e3o mais tranquila e saud\u00e1vel para m\u00eas e o beb\u00ea.<\/p>\n\n\n\n<p>\u201cO Centro da Juventude Tecendo o Futuro \u00e9 um projeto inovador, pensado para oferecer seguran\u00e7a, conforto e dignidade a adolescentes e jovens em situa\u00e7\u00e3o de vulnerabilidade social. E o mais importante: prepar\u00e1-los para o futuro, para o mercado de trabalho. Por isso, refor\u00e7o aos nossos jovens: n\u00e3o percam a oportunidade de se inscreverem nessas vagas\u201d, afirma a presidente de honra da OVG e coordenadora do Gabinete de Pol\u00edticas Sociais (GPS), primeira-dama Gracinha Caiado.<\/p>\n\n\n\n<p><\/p>\n\n\n\n<p><strong>Organiza\u00e7\u00e3o das Volunt\u00e1rias de Goi\u00e1s \u2013 Governo de Goi\u00e1s<\/strong><\/p>\n","protected":false},"excerpt":{"rendered":"<p>Cursos s\u00e3o para adolescentes e jovens em situa\u00e7\u00e3o de vulnerabilidade social, no Centro da Juventude Tecendo o Futuro, em Goi\u00e2nia. Entre as op\u00e7\u00f5es est\u00e3o costura, confeitaria e rob\u00f3tica<\/p>\n","protected":false},"author":4,"featured_media":18188,"comment_status":"closed","ping_status":"closed","sticky":false,"template":"","format":"standard","meta":{"_acf_changed":false,"footnotes":""},"categories":[1],"tags":[],"class_list":["post-18187","post","type-post","status-publish","format-standard","has-post-thumbnail","hentry","category-noticias-ovg"],"acf":[],"_links":{"self":[{"href":"https:\/\/www.ovg.org.br\/site\/index.php?rest_route=\/wp\/v2\/posts\/18187","targetHints":{"allow":["GET"]}}],"collection":[{"href":"https:\/\/www.ovg.org.br\/site\/index.php?rest_route=\/wp\/v2\/posts"}],"about":[{"href":"https:\/\/www.ovg.org.br\/site\/index.php?rest_route=\/wp\/v2\/types\/post"}],"author":[{"embeddable":true,"href":"https:\/\/www.ovg.org.br\/site\/index.php?rest_route=\/wp\/v2\/users\/4"}],"replies":[{"embeddable":true,"href":"https:\/\/www.ovg.org.br\/site\/index.php?rest_route=%2Fwp%2Fv2%2Fcomments&post=18187"}],"version-history":[{"count":4,"href":"https:\/\/www.ovg.org.br\/site\/index.php?rest_route=\/wp\/v2\/posts\/18187\/revisions"}],"predecessor-version":[{"id":18208,"href":"https:\/\/www.ovg.org.br\/site\/index.php?rest_route=\/wp\/v2\/posts\/18187\/revisions\/18208"}],"wp:featuredmedia":[{"embeddable":true,"href":"https:\/\/www.ovg.org.br\/site\/index.php?rest_route=\/wp\/v2\/media\/18188"}],"wp:attachment":[{"href":"https:\/\/www.ovg.org.br\/site\/index.php?rest_route=%2Fwp%2Fv2%2Fmedia&parent=18187"}],"wp:term":[{"taxonomy":"category","embeddable":true,"href":"https:\/\/www.ovg.org.br\/site\/index.php?rest_route=%2Fwp%2Fv2%2Fcategories&post=18187"},{"taxonomy":"post_tag","embeddable":true,"href":"https:\/\/www.ovg.org.br\/site\/index.php?rest_route=%2Fwp%2Fv2%2Ftags&post=18187"}],"curies":[{"name":"wp","href":"https:\/\/api.w.org\/{rel}","templated":true}]}}