{"id":18262,"date":"2023-08-10T08:38:56","date_gmt":"2023-08-10T11:38:56","guid":{"rendered":"https:\/\/www.ovg.org.br\/site\/?p=18262"},"modified":"2023-08-10T08:43:43","modified_gmt":"2023-08-10T11:43:43","slug":"goias-e-hoje-um-exemplo-porque-governa-junto-dos-municipios-afirma-gracinha-caiado-durante-ii-encontro-de-primeiras-damas","status":"publish","type":"post","link":"https:\/\/www.ovg.org.br\/site\/?p=18262","title":{"rendered":"&#8220;Goi\u00e1s \u00e9 hoje um exemplo porque governa junto dos munic\u00edpios&#8221;, afirma Gracinha Caiado durante II Encontro de Primeiras-Damas"},"content":{"rendered":"\n<p class=\"has-text-align-center\"><em>Primeira-dama de Goi\u00e1s, coordenadora do GPS e presidente de honra da OVG, Gracinha Caiado presidiu o II Encontro de Primeiras-Damas de Goi\u00e1s<\/em><\/p>\n\n\n\n<p><strong>Elis\u00e2ngela Vieira<\/strong><\/p>\n\n\n\n<p>Ao lado do governador Ronaldo Caiado, a coordenadora do Gabinete de Pol\u00edticas Sociais (GPS) e presidente de honra da Organiza\u00e7\u00e3o das Volunt\u00e1rias de Goi\u00e1s (OVG), primeira-dama Gracinha Caiado, presidiu nesta quarta-feira (09\/08) o II Encontro de Primeiras-Damas de Goi\u00e1s, no Pal\u00e1cio da M\u00fasica do Centro Cultural Oscar Niemeyer, em Goi\u00e2nia.<\/p>\n\n\n\n<p>O evento, que faz parte do Goi\u00e1s Social, contou com a presen\u00e7a de quase 600 autoridades e t\u00e9cnicos de mais de 200 munic\u00edpios, entre primeiras-damas, prefeitas, prefeitos, gestores e trabalhadores de assist\u00eancia social. O evento teve o objetivo de fortalecer as parcerias entre os munic\u00edpios, al\u00e9m de estimular a pol\u00edtica de assist\u00eancia social em Goi\u00e1s e compartilhar informa\u00e7\u00f5es relevantes da \u00e1rea.<\/p>\n\n\n\n<p>No Encontro, o governador Ronaldo Caiado elogiou a iniciativa de Gracinha Caiado de trabalhar sempre compartilhando as a\u00e7\u00f5es realizadas com os prefeitos e primeiras-damas. \u201cIsso fez com que o governo avan\u00e7asse. Chegamos a todos os quadrantes do estado, nas regi\u00f5es mais carentes e nas mais distantes. Isso faz com que o cidad\u00e3o se sinta mais respeitado.\u201d<\/p>\n\n\n\n<figure class=\"wp-block-image size-large\"><img loading=\"lazy\" decoding=\"async\" width=\"1024\" height=\"682\" src=\"https:\/\/www.ovg.org.br\/site\/wp-content\/uploads\/2023\/08\/encontro-interna-1-1024x682.jpeg\" alt=\"\" class=\"wp-image-18265\" srcset=\"https:\/\/www.ovg.org.br\/site\/wp-content\/uploads\/2023\/08\/encontro-interna-1-1024x682.jpeg 1024w, https:\/\/www.ovg.org.br\/site\/wp-content\/uploads\/2023\/08\/encontro-interna-1-300x200.jpeg 300w, https:\/\/www.ovg.org.br\/site\/wp-content\/uploads\/2023\/08\/encontro-interna-1-768x512.jpeg 768w, https:\/\/www.ovg.org.br\/site\/wp-content\/uploads\/2023\/08\/encontro-interna-1-1536x1023.jpeg 1536w, https:\/\/www.ovg.org.br\/site\/wp-content\/uploads\/2023\/08\/encontro-interna-1.jpeg 1600w\" sizes=\"auto, (max-width: 1024px) 100vw, 1024px\" \/><\/figure>\n\n\n\n<p class=\"has-text-align-center\"><em>Governador Ronaldo Caiado elogiou a iniciativa de Gracinha Caiado de trabalhar sempre compartilhando as a\u00e7\u00f5es realizadas com os prefeitos e primeiras-damas dos 246 munic\u00edpios goianos<\/em><\/p>\n\n\n\n<p>Em discurso, Gracinha tamb\u00e9m fez quest\u00e3o de destacar o trabalho do Estado em parceria com as prefeituras. \u201cHoje, o Governo de Goi\u00e1s \u00e9 um exemplo justamente porque governa junto aos munic\u00edpios, com parcerias e com di\u00e1logo, sem enxergar posi\u00e7\u00f5es pol\u00edticas ou cor partid\u00e1ria, sem perguntar em quem cada um votou\u201d, frisou Gracinha Caiado na abertura.<\/p>\n\n\n\n<p>Um dos exemplos citados por Gracinha e que tem sido feito em conjunto com os munic\u00edpios \u00e9 o Cofinanciamento Estadual da Assist\u00eancia Social, que j\u00e1 destinou mais R$ 47,6 milh\u00f5es para a\u00e7\u00f5es sociais. &#8220;No governo Caiado, o Cofinanciamento deixou de ser uma mera pe\u00e7a de fic\u00e7\u00e3o e passou a ser uma realidade nos cofres das prefeituras dos 246 munic\u00edpios goianos&#8221;, destacou Gracinha Caiado.<\/p>\n\n\n\n<p>A primeira-dama de Goi\u00e1s ainda ressaltou que a responsabilidade e o dever do Estado \u00e9 estar presente em todos os munic\u00edpios e cuidar das fam\u00edlias. \u201c\u00c9 esse o trabalho que estamos fazendo. \u00c9 essa a transforma\u00e7\u00e3o social que est\u00e1 acontecendo em Goi\u00e1s e da qual cada um de voc\u00eas aqui fazem parte.&#8221;<\/p>\n\n\n\n<p><strong>Uni\u00e3o de esfor\u00e7os<\/strong><br>A presidente do Colegiado Estadual de Gestores Municipais de Assist\u00eancia Social de Goi\u00e1s (Coegemas-GO) e secret\u00e1ria de Assist\u00eancia Social de Itumbiara, Carol Palhares, ressaltou a import\u00e2ncia do evento organizado pela primeira-dama. \u201cCom um governo que tanto apoia essa assist\u00eancia social, a gente vai conseguir chegar a todos os goianos que est\u00e3o em situa\u00e7\u00e3o de vulnerabilidade.\u201d<\/p>\n\n\n\n<p>Da mesma forma, a primeira-dama de Campos Belos, Thatyane Pricinote, enalteceu o trabalho de Gracinha. \u201cPegamos um munic\u00edpio com muitas dificuldades. Fui atr\u00e1s da dona Gracinha Caiado e, de imediato, ela nos atendeu. Hoje, meu munic\u00edpio \u00e9 muito assistido pelos projetos que a ela est\u00e1 \u00e0 frente. Obrigada por nunca desistir de nenhuma fam\u00edlia carente\u201d, destacou.<\/p>\n\n\n\n<p>Por fim, a prefeita de Itabera\u00ed, Rita de C\u00e1ssia, elogiou o trabalho desenvolvido na \u00e1rea social em todo o estado desde o in\u00edcio de 2019. \u201cPol\u00edtica \u00e9 a arte de fazer o bem para as pessoas. E se n\u00e3o for por esse motivo, a vida n\u00e3o tem sentido.\u201d<\/p>\n\n\n\n<p>Tamb\u00e9m participaram do II Encontro de Primeiras-Damas de Goi\u00e1s o vice-governador Daniel Vilela, o prefeito e a primeira-dama de Goi\u00e2nia, Rog\u00e9rio Cruz e Thelma Cruz, e o diretor-superintendente do Sebrae Goi\u00e1s, Ant\u00f4nio Carlos de Lima.<\/p>\n\n\n\n<p><strong>Organiza\u00e7\u00e3o das Volunt\u00e1rias de Goi\u00e1s \u2013 Governo de Goi\u00e1s<\/strong><\/p>\n","protected":false},"excerpt":{"rendered":"<p>Evento, que faz parte do Goi\u00e1s Social, re\u00fane primeiras-damas, prefeitas, prefeitos e t\u00e9cnicos de assist\u00eancia social. Pol\u00edticas p\u00fablicas de enfrentamento \u00e0s desprote\u00e7\u00f5es sociais do Estado<\/p>\n","protected":false},"author":4,"featured_media":18268,"comment_status":"closed","ping_status":"closed","sticky":false,"template":"","format":"standard","meta":{"_acf_changed":false,"footnotes":""},"categories":[1],"tags":[],"class_list":["post-18262","post","type-post","status-publish","format-standard","has-post-thumbnail","hentry","category-noticias-ovg"],"acf":[],"_links":{"self":[{"href":"https:\/\/www.ovg.org.br\/site\/index.php?rest_route=\/wp\/v2\/posts\/18262","targetHints":{"allow":["GET"]}}],"collection":[{"href":"https:\/\/www.ovg.org.br\/site\/index.php?rest_route=\/wp\/v2\/posts"}],"about":[{"href":"https:\/\/www.ovg.org.br\/site\/index.php?rest_route=\/wp\/v2\/types\/post"}],"author":[{"embeddable":true,"href":"https:\/\/www.ovg.org.br\/site\/index.php?rest_route=\/wp\/v2\/users\/4"}],"replies":[{"embeddable":true,"href":"https:\/\/www.ovg.org.br\/site\/index.php?rest_route=%2Fwp%2Fv2%2Fcomments&post=18262"}],"version-history":[{"count":1,"href":"https:\/\/www.ovg.org.br\/site\/index.php?rest_route=\/wp\/v2\/posts\/18262\/revisions"}],"predecessor-version":[{"id":18267,"href":"https:\/\/www.ovg.org.br\/site\/index.php?rest_route=\/wp\/v2\/posts\/18262\/revisions\/18267"}],"wp:featuredmedia":[{"embeddable":true,"href":"https:\/\/www.ovg.org.br\/site\/index.php?rest_route=\/wp\/v2\/media\/18268"}],"wp:attachment":[{"href":"https:\/\/www.ovg.org.br\/site\/index.php?rest_route=%2Fwp%2Fv2%2Fmedia&parent=18262"}],"wp:term":[{"taxonomy":"category","embeddable":true,"href":"https:\/\/www.ovg.org.br\/site\/index.php?rest_route=%2Fwp%2Fv2%2Fcategories&post=18262"},{"taxonomy":"post_tag","embeddable":true,"href":"https:\/\/www.ovg.org.br\/site\/index.php?rest_route=%2Fwp%2Fv2%2Ftags&post=18262"}],"curies":[{"name":"wp","href":"https:\/\/api.w.org\/{rel}","templated":true}]}}