{"id":18363,"date":"2023-08-17T13:34:39","date_gmt":"2023-08-17T16:34:39","guid":{"rendered":"https:\/\/www.ovg.org.br\/site\/?p=18363"},"modified":"2023-08-17T13:34:40","modified_gmt":"2023-08-17T16:34:40","slug":"caiado-defende-formacao-superior-como-instrumento-de-combate-as-desigualdades-sociais","status":"publish","type":"post","link":"https:\/\/www.ovg.org.br\/site\/?p=18363","title":{"rendered":"Caiado defende forma\u00e7\u00e3o superior como instrumento de combate \u00e0s desigualdades sociais"},"content":{"rendered":"\n<p class=\"has-text-align-center\"><em>Governo de Goi\u00e1s inclui 4 mil novos bolsistas no ProBem. Iniciativa garante acesso ao Ensino Superior a estudantes em situa\u00e7\u00e3o de vulnerabilidade social. Desde 2019, programa j\u00e1 beneficiou quase 38 mil alunos em 72 cursos de gradua\u00e7\u00e3o<\/em><\/p>\n\n\n\n<p>O Governo de Goi\u00e1s passa a ter 4 mil novos bolsistas do Programa Universit\u00e1rio do Bem (ProBem). Em evento oficial de inclus\u00e3o dos estudantes, realizado no Teatro Rio Vermelho, em Goi\u00e2nia, nesta quarta-feira (16\/08), o governador Ronaldo Caiado defendeu o investimento p\u00fablico na educa\u00e7\u00e3o como caminho para combater as desigualdades sociais. &#8220;Voc\u00ea s\u00f3 pode tirar uma pessoa da&nbsp; condi\u00e7\u00e3o de necessidade, de situa\u00e7\u00e3o de pobreza, se voc\u00ea der a fam\u00edlia a possibilidade de formar seus filhos&#8221;, disse o governador.<\/p>\n\n\n\n<p>O ProBem \u00e9 uma a\u00e7\u00e3o do Goi\u00e1s Social, coordenada pela Organiza\u00e7\u00e3o das Volunt\u00e1rias de Goi\u00e1s (OVG), que d\u00e1 acesso ao Ensino Superior a milhares de jovens em situa\u00e7\u00e3o de vulnerabilidade social. As 4 mil novas bolsas concedidas correspondem a 3 mil parciais, com 50% do valor da mensalidade (limitado a R$ 650) e mil bolsas integrais, com 100% do valor da mensalidade (limitado a R$ 1,5 mil). As bolsas concedidas aos estudantes que cursam Medicina ou Odontologia t\u00eam seus limites de R$ 2,9 mil para parciais e R$ 5,8 mil para integrais.<\/p>\n\n\n\n<p>Caiado destacou que, dos novos bolsistas, 75% s\u00e3o mulheres. &#8220;\u00c9 uma forma de reescrever a hist\u00f3ria, de garantir autonomia e dignidade pela educa\u00e7\u00e3o&#8221;, disse. Desde 2019, o Programa j\u00e1 beneficiou quase 38 mil estudantes matriculados em 72 cursos diferentes e contemplou universit\u00e1rios residentes em 242 munic\u00edpios goianos. Ao todo, 102 Institui\u00e7\u00f5es de Ensino Superior (IES) sediadas em Goi\u00e1s recebem bolsistas do ProBem.<\/p>\n\n\n\n<p>\u201cO ProBem \u00e9 o caminho certo para que voc\u00eas tenham uma carreira pr\u00f3spera na \u00e1rea em que escolherem. V\u00e3o ocupar as vagas de emprego quem for mais qualificado e n\u00f3s estamos aqui para que voc\u00eas tenham todas condi\u00e7\u00f5es de competir de igual para igual e ocupar os melhores lugares\u201d, disse a presidente de honra da OVG e coordenadora do Gabinete de Pol\u00edticas Sociais (GPS), primeira-dama Gracinha Caiado.<\/p>\n\n\n\n<p>O vice-governador Daniel Vilela afirmou que o governo quer tornar os jovens mais preparados, bem formados e com condi\u00e7\u00f5es de garantir o pr\u00f3prio sustento. \u201cGoi\u00e1s \u00e9 a grande refer\u00eancia na educa\u00e7\u00e3o brasileira. Temos o mais bem sucedido programa de bolsa universit\u00e1ria, al\u00e9m de uma s\u00e9rie de programas sociais que est\u00e3o premiando nossos talentos e garantindo o sustento de muitas fam\u00edlias&#8221;, lembrou Daniel.<\/p>\n\n\n\n<p>Segundo a diretora-geral da OVG, Adryanna Caiado, dados do Minist\u00e9rio da Educa\u00e7\u00e3o revelam que apenas 40% dos estudantes que ingressam nos cursos superiores conseguem concluir a gradua\u00e7\u00e3o, isso, segundo ela, refor\u00e7a a import\u00e2ncia do ProBem. &#8220;Todos passaram por um concorrido processo seletivo e foram contemplados porque realmente precisam de apoio para conseguir estudar\u201d, afirmou Adryanna.&nbsp;<\/p>\n\n\n\n<p>A estudante Maria Eduarda Pereira Rosa, de 18 anos, recebe bolsa integral. Com o pai ausente, apoiou na m\u00e3e durante toda a vida, mas em 2020 perdeu a base do lar para a Covid-19. Em suas palavras, &#8220;ficou sem ch\u00e3o e pensou que n\u00e3o teria for\u00e7as para prosseguir com os estudos&#8221;. Passou dois meses fora da escola e, quando retornou, seu foco era concluir o Ensino M\u00e9dio e entrar em uma universidade. &#8220;Resolvi arriscar e estou no segundo per\u00edodo de biomedicina. Me tornei uma contemplada com bolsa integral e posso dizer que o ProBem fez com que eu me encontrasse novamente&#8221;, disse a estudante.<\/p>\n\n\n\n<p><strong>Secretaria de Comunica\u00e7\u00e3o &#8211; Governo de Goi\u00e1s<\/strong><\/p>\n","protected":false},"excerpt":{"rendered":"<p>Governador recebe 4 mil novos bolsistas do Probem; desde 2019, 38 mil estudantes foram contemplados com bolsas mensais de gradua\u00e7\u00e3o<\/p>\n","protected":false},"author":4,"featured_media":18364,"comment_status":"closed","ping_status":"closed","sticky":false,"template":"","format":"standard","meta":{"_acf_changed":false,"footnotes":""},"categories":[1],"tags":[],"class_list":["post-18363","post","type-post","status-publish","format-standard","has-post-thumbnail","hentry","category-noticias-ovg"],"acf":[],"_links":{"self":[{"href":"https:\/\/www.ovg.org.br\/site\/index.php?rest_route=\/wp\/v2\/posts\/18363","targetHints":{"allow":["GET"]}}],"collection":[{"href":"https:\/\/www.ovg.org.br\/site\/index.php?rest_route=\/wp\/v2\/posts"}],"about":[{"href":"https:\/\/www.ovg.org.br\/site\/index.php?rest_route=\/wp\/v2\/types\/post"}],"author":[{"embeddable":true,"href":"https:\/\/www.ovg.org.br\/site\/index.php?rest_route=\/wp\/v2\/users\/4"}],"replies":[{"embeddable":true,"href":"https:\/\/www.ovg.org.br\/site\/index.php?rest_route=%2Fwp%2Fv2%2Fcomments&post=18363"}],"version-history":[{"count":1,"href":"https:\/\/www.ovg.org.br\/site\/index.php?rest_route=\/wp\/v2\/posts\/18363\/revisions"}],"predecessor-version":[{"id":18365,"href":"https:\/\/www.ovg.org.br\/site\/index.php?rest_route=\/wp\/v2\/posts\/18363\/revisions\/18365"}],"wp:featuredmedia":[{"embeddable":true,"href":"https:\/\/www.ovg.org.br\/site\/index.php?rest_route=\/wp\/v2\/media\/18364"}],"wp:attachment":[{"href":"https:\/\/www.ovg.org.br\/site\/index.php?rest_route=%2Fwp%2Fv2%2Fmedia&parent=18363"}],"wp:term":[{"taxonomy":"category","embeddable":true,"href":"https:\/\/www.ovg.org.br\/site\/index.php?rest_route=%2Fwp%2Fv2%2Fcategories&post=18363"},{"taxonomy":"post_tag","embeddable":true,"href":"https:\/\/www.ovg.org.br\/site\/index.php?rest_route=%2Fwp%2Fv2%2Ftags&post=18363"}],"curies":[{"name":"wp","href":"https:\/\/api.w.org\/{rel}","templated":true}]}}