{"id":18375,"date":"2023-08-16T16:25:01","date_gmt":"2023-08-16T19:25:01","guid":{"rendered":"https:\/\/www.ovg.org.br\/site\/?p=18375"},"modified":"2023-09-06T10:13:44","modified_gmt":"2023-09-06T13:13:44","slug":"ovg-realiza-30-mil-atendimentos-durante-a-romaria-do-muquem","status":"publish","type":"post","link":"https:\/\/www.ovg.org.br\/site\/?p=18375","title":{"rendered":"OVG realiza 30 mil atendimentos durante a Romaria do Muqu\u00e9m"},"content":{"rendered":"\n<p><\/p>\n\n\n\n<p class=\"has-text-align-center\"><em>CAR Muqu\u00e9m recebe cerca de 30 mil pessoas durante Romaria de Nossa Senhora D\u2019Abadia. \u201cEsse \u00e9 um espa\u00e7o pensado para acolher os peregrinos\u201d, comenta Gracinha Caiado<\/em><\/p>\n\n\n\n<p><\/p>\n\n\n\n<p><strong>Lucas Dellamare<\/strong><\/p>\n\n\n\n<p>Durante a Romaria de Nossa Senhora D\u2019Abadia de Muqu\u00e9m, em Niquel\u00e2ndia, o Centro de Apoio ao Romeiro (CAR) atendeu 30 mil pessoas no espa\u00e7o montado pelo Governo do Estado, por meio da Organiza\u00e7\u00e3o das Volunt\u00e1rias de Goi\u00e1s (OVG), \u00e0s margens da GO-237, conhecida como Rodovia da F\u00e9. Entre os dias 3 e 15 de agosto, a estrutura ofereceu \u00e1rea de camping, banheiros com chuveiros, capela para ora\u00e7\u00f5es, lanches, \u00e1rea para descanso e atendimentos de sa\u00fade, como curativos e massagem.<\/p>\n\n\n\n<p>\u201cO espa\u00e7o \u00e9 pensado para acolher esses peregrinos que mant\u00eam viva essa tradi\u00e7\u00e3o de f\u00e9 do povo goiano. Aqui recebemos fam\u00edlias inteiras. Pessoas que chegam a p\u00e9, de bicicleta e mesmo a cavalo. Todo esse servi\u00e7o que trazemos para c\u00e1 \u00e9 com o objetivo de dar apoio, conforto e seguran\u00e7a aos romeiros\u201d, comenta a presidente de honra da OVG e coordenadora do Gabinete de Pol\u00edticas Sociais, primeira-dama Gracinha Caiado.<\/p>\n\n\n\n<p>Um dos pontos altos da peregrina\u00e7\u00e3o \u00e9 quando a imagem de Nossa Senhora D\u2019Abadia deixa a igreja, no centro de Niquel\u00e2ndia, e segue pela rodovia, carregada pelos romeiros, at\u00e9 chegar ao Santu\u00e1rio, em Muqu\u00e9m. Durante o trajeto, a comitiva que leva a santa faz uma pausa no CAR, onde a imagem permanece diante da capela para que todos possam fazer suas ora\u00e7\u00f5es.<\/p>\n\n\n\n<p>De acordo com Ant\u00f4nio Carlos Mac\u00eado, 59 anos, o CAR \u00e9 essencial para os romeiros. \u201cIsso aqui \u00e9 importante demais para todos n\u00f3s. Eu admiro muito o que vem sendo feito nesse espa\u00e7o, sou romeiro h\u00e1 muitos anos e nunca vi isso aqui t\u00e3o organizado, t\u00e3o bonito, seguro e confort\u00e1vel. S\u00f3 tenho elogios a fazer, por tudo, mas especialmente por essa capela linda onde tenho a alegria de poder silenciar e rezar durante minha longa caminhada at\u00e9 Muqu\u00e9m, sem falar no suco geladinho que tem ali mais \u00e0 frente\u201d.<\/p>\n\n\n\n<p><strong>Parcerias<\/strong><br>Compondo as a\u00e7\u00f5es do Goi\u00e1s Social, o Centro de Apoio ao Romeiro de Muqu\u00e9m tamb\u00e9m estimula o voluntariado, que \u00e9 um dos pilares da OVG. Neste ano, 30 volunt\u00e1rios estiveram presentes ao longo da romaria, incluindo Maria Goreti da Silva, que participa da romaria h\u00e1 10 anos. \u201cEu moro na zona rural e todo m\u00eas de agosto fa\u00e7o quest\u00e3o de vir ajudar, seja cortando o p\u00e3o, distribuindo o caf\u00e9, o leite\u2026 eu tenho essa miss\u00e3o de doar meu tempo e contribuir com a boa romaria de todos que passam aqui pela OVG\u201d.<\/p>\n\n\n\n<p>Al\u00e9m dos volunt\u00e1rios, o atendimento oferecido pelo CAR contou tamb\u00e9m com a participa\u00e7\u00e3o de sete bolsistas do Programa Universit\u00e1rio do Bem e com parceria da Prefeitura de Niquel\u00e2ndia e de v\u00e1rios \u00f3rg\u00e3os do estado de Goi\u00e1s, como Pol\u00edcia Militar, Corpo de Bombeiros, Pol\u00edcia Penal, Centrais de Abastecimento de Goi\u00e1s (Ceasa), Saneago, Ag\u00eancia Goiana de Infraestrutura e Transportes (Goinfra) e TV Brasil Central, bem como de empresas da iniciativa privada, como Refrescos Bandeirantes, Carta Fabril, Grupo Jalles, Bio Instinto, Comigo, Seddas, Bello Charque, Grupo R2R, Uniovo, Cargill, Friato, Achei Auto Socorro, Zupp, S\u00e3o Tarc\u00edsio, Piracanjuba, Sindileite, Rancheiro e Goiaspel.<\/p>\n\n\n\n<p><\/p>\n\n\n\n<p><strong>Organiza\u00e7\u00e3o das Volunt\u00e1rias de Goi\u00e1s \u2013 Governo de Goi\u00e1s<\/strong><\/p>\n","protected":false},"excerpt":{"rendered":"<p>Centro de Apoio ao Romeiro funcionou entre os dias 3 e 15 de agosto, em Niquel\u00e2ndia, com atendimentos de sa\u00fade, espa\u00e7o para descanso, capela para ora\u00e7\u00f5es, lanches e \u00e1rea de camping<\/p>\n","protected":false},"author":4,"featured_media":18376,"comment_status":"closed","ping_status":"closed","sticky":false,"template":"","format":"standard","meta":{"_acf_changed":false,"footnotes":""},"categories":[1],"tags":[],"class_list":["post-18375","post","type-post","status-publish","format-standard","has-post-thumbnail","hentry","category-noticias-ovg"],"acf":[],"_links":{"self":[{"href":"https:\/\/www.ovg.org.br\/site\/index.php?rest_route=\/wp\/v2\/posts\/18375","targetHints":{"allow":["GET"]}}],"collection":[{"href":"https:\/\/www.ovg.org.br\/site\/index.php?rest_route=\/wp\/v2\/posts"}],"about":[{"href":"https:\/\/www.ovg.org.br\/site\/index.php?rest_route=\/wp\/v2\/types\/post"}],"author":[{"embeddable":true,"href":"https:\/\/www.ovg.org.br\/site\/index.php?rest_route=\/wp\/v2\/users\/4"}],"replies":[{"embeddable":true,"href":"https:\/\/www.ovg.org.br\/site\/index.php?rest_route=%2Fwp%2Fv2%2Fcomments&post=18375"}],"version-history":[{"count":5,"href":"https:\/\/www.ovg.org.br\/site\/index.php?rest_route=\/wp\/v2\/posts\/18375\/revisions"}],"predecessor-version":[{"id":18644,"href":"https:\/\/www.ovg.org.br\/site\/index.php?rest_route=\/wp\/v2\/posts\/18375\/revisions\/18644"}],"wp:featuredmedia":[{"embeddable":true,"href":"https:\/\/www.ovg.org.br\/site\/index.php?rest_route=\/wp\/v2\/media\/18376"}],"wp:attachment":[{"href":"https:\/\/www.ovg.org.br\/site\/index.php?rest_route=%2Fwp%2Fv2%2Fmedia&parent=18375"}],"wp:term":[{"taxonomy":"category","embeddable":true,"href":"https:\/\/www.ovg.org.br\/site\/index.php?rest_route=%2Fwp%2Fv2%2Fcategories&post=18375"},{"taxonomy":"post_tag","embeddable":true,"href":"https:\/\/www.ovg.org.br\/site\/index.php?rest_route=%2Fwp%2Fv2%2Ftags&post=18375"}],"curies":[{"name":"wp","href":"https:\/\/api.w.org\/{rel}","templated":true}]}}