{"id":18467,"date":"2023-08-25T09:22:23","date_gmt":"2023-08-25T12:22:23","guid":{"rendered":"https:\/\/www.ovg.org.br\/site\/?p=18467"},"modified":"2023-08-25T09:23:18","modified_gmt":"2023-08-25T12:23:18","slug":"idosos-da-vila-vida-celebram-a-familia-com-musica-e-atividades-coletivas","status":"publish","type":"post","link":"https:\/\/www.ovg.org.br\/site\/?p=18467","title":{"rendered":"Idosos da Vila Vida celebram a fam\u00edlia com m\u00fasica e atividades coletivas"},"content":{"rendered":"\n<p class=\"has-text-align-center\"><em>Moradores e frequentadores da Vila Vida participam de encontro com familiares e amigos. Reuni\u00e3o refor\u00e7ou o importante papel da fam\u00edlia no cuidado e apoio \u00e0 terceira idade<\/em><\/p>\n\n\n\n<p><strong>Elis\u00e2ngela Vieira<\/strong><\/p>\n\n\n\n<p>A Vila Vida, unidade do Governo do Estado que atende idosos em situa\u00e7\u00e3o de vulnerabilidade social, em Goi\u00e2nia, preparou, nesta quinta-feira (24\/08), uma tarde especial para receber familiares dos moradores de suas Casas-Lares e atendidos pelo Centro de Conviv\u00eancia e Fortalecimento de V\u00ednculos. O encontro, uma iniciativa do Goi\u00e1s Social, foi marcado por atividades coletivas de muita troca, com viv\u00eancias musicais e programa\u00e7\u00e3o acolhedora.<\/p>\n\n\n\n<p>\u201cA\u00e7\u00f5es como essas resgatam n\u00e3o apenas a autoestima desses idosos, mas proporcionam qualidade de vida, alegria em poder partilhar momentos especiais com pessoas amadas. Al\u00e9m de ajudar quem precisa com donativos e aux\u00edlios, n\u00f3s tamb\u00e9m nos preocupamos com o bem estar desses idosos que tanto j\u00e1 fizeram e trabalharam por nosso Estado e que merecem todo nosso respeito e cuidado.\u201d, disse a presidente de honra da Organiza\u00e7\u00e3o das Volunt\u00e1rias de Goi\u00e1s (OVG) e coordenadora do Gabinete de Pol\u00edticas Sociais (GPS), primeira-dama Gracinha Caiado.<\/p>\n\n\n\n<p>Moradora da Vila Vida, Louines Obregon, 81 anos, esperava com ansiedade a chegada da nora e de uma amiga de longa data para o encontro em fam\u00edlia. \u201cA pandemia fez as pessoas se afastarem umas das outras. Ficamos com medo de gente. Quem n\u00e3o era muito afetivo ficou pior. Ent\u00e3o, precisamos de momentos como esse,\u201d destacou.<\/p>\n\n\n\n<p>A aposentada Maria de Lourdes Sampaio, 71 anos, foi uma das visitantes que a Vila Vida recebeu na tarde desta quinta-feira. Irm\u00e3 de uma frequentadora do Centro de Conviv\u00eancia e Fortalecimento de V\u00ednculos, ela disse sair da unidade com uma certeza. \u201cQuero fazer parte disso aqui. Vou me inscrever nas atividades que oferecem. Quero essa qualidade de vida, fez t\u00e3o bem para minha irm\u00e3 que quero tamb\u00e9m para mim\u201d, conta.<\/p>\n\n\n\n<p>O encontro dos idosos com familiares e amigos foi animado por apresenta\u00e7\u00f5es musicais. O servi\u00e7o de psicologia e assist\u00eancia social da Vila Vida promoveu uma roda de bate-papo destacando a importante papel da fam\u00edlia no cuidado e apoio \u00e0 terceira idade. A reuni\u00e3o foi encerrada com um lanche festivo.<\/p>\n\n\n\n<p><strong>Vila Vida<\/strong><br>De janeiro de 2019 a julho de 2023, a Vila Vida atendeu uma m\u00e9dia mensal de 586 idosos. A unidade, gerida pela Organiza\u00e7\u00e3o das Volunt\u00e1rias de Goi\u00e1s (OVG), conta com 30 moradias destinadas a idosos com autonomia funcional. Os moradores s\u00e3o assistidos por profissionais de enfermagem, assist\u00eancia social, fisioterapia, servi\u00e7o social, odontologia e psicologia, al\u00e9m de terem acesso a todas as a\u00e7\u00f5es comunit\u00e1rias ofertadas pelo espa\u00e7o.<\/p>\n\n\n\n<p>Para moradores e idosos atendidos pelo Centro de Conviv\u00eancia e Fortalecimento de V\u00ednculos s\u00e3o oferecidas atividades como hidrogin\u00e1stica, pilates, dan\u00e7a, inclus\u00e3o digital, artesanato, musicoterapia, treinamento funcional e cozinha terap\u00eautica. Os idosos tamb\u00e9m participam de passeios e s\u00e3o envolvidos em a\u00e7\u00f5es que visam agregar, socializar e valorizar a autoestima deles.<\/p>\n\n\n\n<p>Em mar\u00e7o de 2022, o Governo de Goi\u00e1s reinaugurou a maior reforma j\u00e1 feita na Vila Vida. O investimento de mais de R$ 1 milh\u00e3o (R$ 1.219.701,38) trouxe moderniza\u00e7\u00e3o e melhorias que garantem aos idosos mais qualidade de vida.<\/p>\n\n\n\n<p><strong>Organiza\u00e7\u00e3o das Volunt\u00e1rias de Goi\u00e1s &#8211; Governo de Goi\u00e1s<\/strong><\/p>\n","protected":false},"excerpt":{"rendered":"<p>Unidade do Governo de Goi\u00e1s promoveu a\u00e7\u00e3o que reuniu idosos das Casas-Lares e atendidos pelo Centro de Conviv\u00eancia e Fortalecimento de V\u00ednculos com seus familiares<\/p>\n","protected":false},"author":4,"featured_media":18468,"comment_status":"closed","ping_status":"closed","sticky":false,"template":"","format":"standard","meta":{"_acf_changed":false,"footnotes":""},"categories":[1],"tags":[],"class_list":["post-18467","post","type-post","status-publish","format-standard","has-post-thumbnail","hentry","category-noticias-ovg"],"acf":[],"_links":{"self":[{"href":"https:\/\/www.ovg.org.br\/site\/index.php?rest_route=\/wp\/v2\/posts\/18467","targetHints":{"allow":["GET"]}}],"collection":[{"href":"https:\/\/www.ovg.org.br\/site\/index.php?rest_route=\/wp\/v2\/posts"}],"about":[{"href":"https:\/\/www.ovg.org.br\/site\/index.php?rest_route=\/wp\/v2\/types\/post"}],"author":[{"embeddable":true,"href":"https:\/\/www.ovg.org.br\/site\/index.php?rest_route=\/wp\/v2\/users\/4"}],"replies":[{"embeddable":true,"href":"https:\/\/www.ovg.org.br\/site\/index.php?rest_route=%2Fwp%2Fv2%2Fcomments&post=18467"}],"version-history":[{"count":2,"href":"https:\/\/www.ovg.org.br\/site\/index.php?rest_route=\/wp\/v2\/posts\/18467\/revisions"}],"predecessor-version":[{"id":18470,"href":"https:\/\/www.ovg.org.br\/site\/index.php?rest_route=\/wp\/v2\/posts\/18467\/revisions\/18470"}],"wp:featuredmedia":[{"embeddable":true,"href":"https:\/\/www.ovg.org.br\/site\/index.php?rest_route=\/wp\/v2\/media\/18468"}],"wp:attachment":[{"href":"https:\/\/www.ovg.org.br\/site\/index.php?rest_route=%2Fwp%2Fv2%2Fmedia&parent=18467"}],"wp:term":[{"taxonomy":"category","embeddable":true,"href":"https:\/\/www.ovg.org.br\/site\/index.php?rest_route=%2Fwp%2Fv2%2Fcategories&post=18467"},{"taxonomy":"post_tag","embeddable":true,"href":"https:\/\/www.ovg.org.br\/site\/index.php?rest_route=%2Fwp%2Fv2%2Ftags&post=18467"}],"curies":[{"name":"wp","href":"https:\/\/api.w.org\/{rel}","templated":true}]}}