{"id":18497,"date":"2023-08-28T08:30:31","date_gmt":"2023-08-28T11:30:31","guid":{"rendered":"https:\/\/www.ovg.org.br\/site\/?p=18497"},"modified":"2023-08-28T08:30:33","modified_gmt":"2023-08-28T11:30:33","slug":"goias-e-o-estado-do-voluntariado-comemora-gracinha-caiado-durante-1a-caminhada-do-bem","status":"publish","type":"post","link":"https:\/\/www.ovg.org.br\/site\/?p=18497","title":{"rendered":"\u201cGoi\u00e1s \u00e9 o Estado do voluntariado\u201d, comemora Gracinha Caiado durante 1\u00aa Caminhada do Bem"},"content":{"rendered":"\n<p class=\"has-text-align-center\"><em>Jo\u00e3o Cardoso Botelho, 75 anos, volunt\u00e1rio no Centro de Idosos Vila Vida, era um dos mais animados durante a caminhada<\/em><\/p>\n\n\n\n<p><strong>Elis\u00e2ngela Vieira<\/strong><\/p>\n\n\n\n<p>Aliando solidariedade e a pr\u00e1tica esportiva, a Organiza\u00e7\u00e3o das Volunt\u00e1rias de Goi\u00e1s (OVG) promoveu na manh\u00e3 deste s\u00e1bado (26\/8) um encontro especial durante a 1\u00aa Caminhada do Bem. Ao som de um trio el\u00e9trico, cerca de 500 pessoas partiram da sede da entidade, no Setor Bueno, com destino ao Parque Jardim Bot\u00e2nico, em Goi\u00e2nia. A iniciativa do Goi\u00e1s Social celebrou o Dia Nacional do Volunt\u00e1rio.<\/p>\n\n\n\n<p>\u201cVoc\u00eas promovem a solidariedade e acreditam na for\u00e7a transformadora do voluntariado\u201d, disse a presidente de honra da OVG e coordenadora do Gabinete de Pol\u00edticas Sociais (GPS), primeira-dama Gracinha Caiado ao agradecer os participantes da iniciativa. \u201cAs a\u00e7\u00f5es do voluntariado mostram nossa gratid\u00e3o pela vida, por tudo aquilo que recebemos. E Goi\u00e1s \u00e9 o Estado do voluntariado\u201d, completou.<\/p>\n\n\n\n<p>O evento teve como objetivo promover o bem-estar e, principalmente, fortalecer la\u00e7os de solidariedade. A integra\u00e7\u00e3o come\u00e7ou j\u00e1 no p\u00e1tio da OVG, com exerc\u00edcios de alongamento que animaram ainda mais os caminhantes. Eles receberam squeeze e uma camiseta exclusiva da caminhada, al\u00e9m de um kit com protetor solar da Nutriex, simbolizando sua contribui\u00e7\u00e3o para uma causa nobre. Cada participante doou quatro caixas de leite longa vida que ser\u00e3o destinadas a fam\u00edlias em situa\u00e7\u00e3o de vulnerabilidade social.<\/p>\n\n\n\n<p>Durante a caminhada, Gracinha Caiado lembrou que, desde janeiro de 2019, a OVG j\u00e1 capacitou mais de 12 mil pessoas ao trabalho humanit\u00e1rio e quase cinco mil entidades sociais para receb\u00ea-los. &#8220;J\u00e1 promovemos tamb\u00e9m cerca de 200 a\u00e7\u00f5es volunt\u00e1rias. A for\u00e7a do voluntariado \u00e9 essencial para que os projetos sociais tomem forma e aconte\u00e7a\u201d, destacou ainda a presidente de honra da OVG.<\/p>\n\n\n\n<figure class=\"wp-block-image size-large\"><img loading=\"lazy\" decoding=\"async\" width=\"1024\" height=\"682\" src=\"https:\/\/www.ovg.org.br\/site\/wp-content\/uploads\/2023\/08\/interna-1024x682.png\" alt=\"\" class=\"wp-image-18498\" srcset=\"https:\/\/www.ovg.org.br\/site\/wp-content\/uploads\/2023\/08\/interna-1024x682.png 1024w, https:\/\/www.ovg.org.br\/site\/wp-content\/uploads\/2023\/08\/interna-300x200.png 300w, https:\/\/www.ovg.org.br\/site\/wp-content\/uploads\/2023\/08\/interna-768x512.png 768w, https:\/\/www.ovg.org.br\/site\/wp-content\/uploads\/2023\/08\/interna-1536x1023.png 1536w, https:\/\/www.ovg.org.br\/site\/wp-content\/uploads\/2023\/08\/interna.png 1600w\" sizes=\"auto, (max-width: 1024px) 100vw, 1024px\" \/><\/figure>\n\n\n\n<p class=\"has-text-align-center\"><em>A for\u00e7a do voluntariado \u00e9 essencial para que os projetos sociais tomem forma e aconte\u00e7a\u201d, destacou ainda a presidente de honra da OVG.<\/em><\/p>\n\n\n\n<p><\/p>\n\n\n\n<p>De acordo com a diretora-geral da OVG, Adryanna Caiado, o evento \u00e9 uma maneira de chamar a aten\u00e7\u00e3o para a import\u00e2ncia do trabalho voluntariado. \u201c\u00c9 uma alegria ver tantas pessoas de bom cora\u00e7\u00e3o reunidas nesse momento promovendo o bem. Cada pessoa que ajudamos \u00e9 um ser humano que se transforma\u201d, afirmou.<\/p>\n\n\n\n<p>Dentro do trabalho voltado para o voluntariado, a OVG ainda promove em suas redes sociais o \u201cClassificados do Bem\u201d, que oferece mensalmente vagas para o servi\u00e7o humanit\u00e1rio em todo o estado. A iniciativa soma-se \u00e0 Plataforma do Voluntariado (www.ovg.org.br\/voluntariado\/) que fortalece a rede prote\u00e7\u00e3o social ao facilitar o acesso daqueles que querem contribuir com aqueles que realmente necessitam de apoio.<\/p>\n\n\n\n<p><strong>Motiva\u00e7\u00e3o<\/strong><br>Jo\u00e3o Cardoso Botelho, 75 anos, volunt\u00e1rio no Centro de Idosos Vila Vida, era um dos mais animados durante a caminhada. \u201cPara mim, o voluntariado \u00e9 a entrega do que temos de mais valioso. Hoje, estou entregando alegria por poder participar desse momento de celebra\u00e7\u00e3o do bem\u201d. Laura Beatriz Pereira Balestra, 20 anos, fez a 1\u00aa Caminhada do Bem ao lado da m\u00e3e. \u201cIsso aqui traz motiva\u00e7\u00e3o para que a gente sinta vontade de ajudar, cada vez mais, aqueles que precisam\u201d, destacou a estudante.<\/p>\n\n\n\n<p>A 1\u00aa Caminhado do Bem do Governo de Goi\u00e1s foi encerrada com muita descontra\u00e7\u00e3o, yoga e um momento de din\u00e2mica com o consultor em voluntariado Roberto Ravagnani, que falou sobre \u201cVoluntariado Enquanto Qualidade de Vida e Bem-Estar\u201d. Durante sua fala, o especialista tamb\u00e9m destacou o trabalho pioneiro de Goi\u00e1s quando o assunto \u00e9 a pr\u00e1tica do voluntariado. &#8220;J\u00e1 estive em todos os estados brasileiros e posso afirmar que nunca vi um estado com uma organiza\u00e7\u00e3o t\u00e3o boa quanto Goi\u00e1s para o trabalho volunt\u00e1rio&#8221;, afirmou.<\/p>\n\n\n\n<p><\/p>\n\n\n\n<p><strong>Organiza\u00e7\u00e3o das Volunt\u00e1rias de Goi\u00e1s \u2013 Governo de Goi\u00e1s<\/strong><\/p>\n","protected":false},"excerpt":{"rendered":"<p>Evento em celebra\u00e7\u00e3o ao Dia Nacional do Volunt\u00e1rio reuniu cerca de 500 pessoas, em Goi\u00e2nia. Participantes doaram caixas de leite que ser\u00e3o destinadas a fam\u00edlias em situa\u00e7\u00e3o de vulnerabilidade social, via Goi\u00e1s Social<\/p>\n","protected":false},"author":4,"featured_media":18499,"comment_status":"closed","ping_status":"closed","sticky":false,"template":"","format":"standard","meta":{"_acf_changed":false,"footnotes":""},"categories":[1],"tags":[],"class_list":["post-18497","post","type-post","status-publish","format-standard","has-post-thumbnail","hentry","category-noticias-ovg"],"acf":[],"_links":{"self":[{"href":"https:\/\/www.ovg.org.br\/site\/index.php?rest_route=\/wp\/v2\/posts\/18497","targetHints":{"allow":["GET"]}}],"collection":[{"href":"https:\/\/www.ovg.org.br\/site\/index.php?rest_route=\/wp\/v2\/posts"}],"about":[{"href":"https:\/\/www.ovg.org.br\/site\/index.php?rest_route=\/wp\/v2\/types\/post"}],"author":[{"embeddable":true,"href":"https:\/\/www.ovg.org.br\/site\/index.php?rest_route=\/wp\/v2\/users\/4"}],"replies":[{"embeddable":true,"href":"https:\/\/www.ovg.org.br\/site\/index.php?rest_route=%2Fwp%2Fv2%2Fcomments&post=18497"}],"version-history":[{"count":1,"href":"https:\/\/www.ovg.org.br\/site\/index.php?rest_route=\/wp\/v2\/posts\/18497\/revisions"}],"predecessor-version":[{"id":18500,"href":"https:\/\/www.ovg.org.br\/site\/index.php?rest_route=\/wp\/v2\/posts\/18497\/revisions\/18500"}],"wp:featuredmedia":[{"embeddable":true,"href":"https:\/\/www.ovg.org.br\/site\/index.php?rest_route=\/wp\/v2\/media\/18499"}],"wp:attachment":[{"href":"https:\/\/www.ovg.org.br\/site\/index.php?rest_route=%2Fwp%2Fv2%2Fmedia&parent=18497"}],"wp:term":[{"taxonomy":"category","embeddable":true,"href":"https:\/\/www.ovg.org.br\/site\/index.php?rest_route=%2Fwp%2Fv2%2Fcategories&post=18497"},{"taxonomy":"post_tag","embeddable":true,"href":"https:\/\/www.ovg.org.br\/site\/index.php?rest_route=%2Fwp%2Fv2%2Ftags&post=18497"}],"curies":[{"name":"wp","href":"https:\/\/api.w.org\/{rel}","templated":true}]}}