{"id":18590,"date":"2023-09-01T15:23:56","date_gmt":"2023-09-01T18:23:56","guid":{"rendered":"https:\/\/www.ovg.org.br\/site\/?p=18590"},"modified":"2023-09-01T15:23:58","modified_gmt":"2023-09-01T18:23:58","slug":"jovens-atendidos-pelo-governo-de-goias-expoem-looks-na-amare-fashion","status":"publish","type":"post","link":"https:\/\/www.ovg.org.br\/site\/?p=18590","title":{"rendered":"Jovens atendidos pelo Governo de Goi\u00e1s exp\u00f5em looks na Amar\u00ea Fashion"},"content":{"rendered":"\n<p><strong>Elis\u00e2ngela Vieira e Lucas Dellamare<\/strong><\/p>\n\n\n\n<p>Quatorze adolescentes e jovens em situa\u00e7\u00e3o de vulnerabilidade social atendidos pelo Governo do Estado, por meio da Organiza\u00e7\u00e3o das Volunt\u00e1rias de Goi\u00e1s (OVG), foram convidados a produzir e expor quatro looks na Semana de Moda Goiana, a Amar\u00ea Fashion, no Centro Cultural Oscar Niemeyer, em Goi\u00e2nia. Os jovens s\u00e3o benefici\u00e1rios do Centro da Juventude Tecendo o Futuro e fazem parte da oficina de Corte e Costura oferecida na unidade, por meio do Goi\u00e1s Social.<\/p>\n\n\n\n<p>\u201c\u00c9 uma alegria muito grande ver esses meninos e meninas brilhando ao apresentar as produ\u00e7\u00f5es para grandes nomes da moda. Quando o Centro da Juventude foi inaugurado, a promessa do governo Caiado era justamente essa: mudar para melhor a realidade de quem passasse por ali. Meu sentimento hoje \u00e9 de realiza\u00e7\u00e3o por ver onde eles est\u00e3o chegando\u201d, afirmou a presidente de honra da OVG e coordenadora do Gabinete de Pol\u00edticas Sociais (GPS), primeira-dama Gracinha Caiado. Al\u00e9m de ter as pe\u00e7as expostas, os adolescentes e jovens tamb\u00e9m tiveram a oportunidade de visitar a Semana de Moda Goiana e conversar com outras pessoas sobre suas experi\u00eancias.<\/p>\n\n\n\n<p>Para Igor Martins, de 18 anos, \u00e9 um sonho realizado. \u201cNunca imaginei um dia estar aqui, ainda mais como um estilista. Acho que j\u00e1 posso dizer isso, que sou estilista, porque tive a oportunidade de concluir a oficina de Corte e Costura e, agora, estou expondo na Amar\u00ea. Isso \u00e9 um sonho para qualquer pessoa que quer se especializar no mundo da moda. Um sonho que o Governo de Goi\u00e1s e a OVG me ajudaram a realizar\u201d. As pe\u00e7as, criadas exclusivamente para a Semana de Moda Goiana, est\u00e3o expostas no estande do Estado e trazem como tema \u201cSustentabilidade e Futuro\u201d. Elas foram pensadas e desenvolvidas pelos jovens, desde a cria\u00e7\u00e3o do croqui at\u00e9 a fase de confec\u00e7\u00e3o.<\/p>\n\n\n\n<p>Milla Oliveira, 15 anos, al\u00e9m de criadora, tamb\u00e9m foi modelo do look desenvolvido por seu grupo. De acordo com ela, o que est\u00e1 vivendo agora jamais ser\u00e1 esquecido. \u201cAs pe\u00e7as que desenvolvemos t\u00eam uma hist\u00f3ria, um contexto. N\u00e3o \u00e9 simplesmente uma roupa, \u00e9 o resultado de tudo o que aprendemos. Tenho plena certeza que desenvolver a ideia do look, confeccionar as pe\u00e7as e expor aqui na Amar\u00ea mudou a minha trajet\u00f3ria, porque abriu meus horizontes e me mostrou que com esfor\u00e7o, eu posso ainda mais\u201d.<\/p>\n\n\n\n<p>Entre os adolescentes e jovens da Oficina de Corte e Costura do Centro da Juventude Tecendo o Futuro que exp\u00f5em suas cria\u00e7\u00f5es na Amar\u00ea, est\u00e3o: Igor Martins (18 anos), autor do look \u201cCora\u00e7\u00e3o Doravante\u201d; Milla Oliveira (15 anos), autora do look \u201cVivienne \u2013 homenagem a Vivienne Westwood\u201d; Maria Luisa Bisinotto (16 anos), autora do look \u201cAmarEternidade\u201d e Tiago Pires (22 anos), autor do look \u201cAnamar Mar Gracioso\u201d.<\/p>\n\n\n\n<p><strong>Garantia de direitos<br><\/strong>O Centro da Juventude Tecendo o Futuro atende uma m\u00e9dia mensal de 791 jovens em situa\u00e7\u00e3o de vulnerabilidade social. A iniciativa promove a garantia de direitos, oportunidades de forma\u00e7\u00e3o, participa\u00e7\u00e3o cidad\u00e3, capacita\u00e7\u00e3o profissional e acesso ao mundo do trabalho, al\u00e9m de participa\u00e7\u00e3o gratuita em atividades esportivas, culturais e recreativas no contraturno escolar, o que assegura o aproveitamento do tempo de forma saud\u00e1vel.<\/p>\n\n\n\n<p><strong>Organiza\u00e7\u00e3o das Volunt\u00e1rias de Goi\u00e1s &#8211; Governo de Goi\u00e1s<\/strong><\/p>\n","protected":false},"excerpt":{"rendered":"<p>Benefici\u00e1rios do Centro da Juventude Tecendo o Futuro, que fazem oficina de Corte e Costura, foram convidados a produzir e expor quatro looks na Semana de Moda Goiana<\/p>\n","protected":false},"author":8,"featured_media":18591,"comment_status":"closed","ping_status":"closed","sticky":false,"template":"","format":"standard","meta":{"_acf_changed":false,"footnotes":""},"categories":[1],"tags":[],"class_list":["post-18590","post","type-post","status-publish","format-standard","has-post-thumbnail","hentry","category-noticias-ovg"],"acf":[],"_links":{"self":[{"href":"https:\/\/www.ovg.org.br\/site\/index.php?rest_route=\/wp\/v2\/posts\/18590","targetHints":{"allow":["GET"]}}],"collection":[{"href":"https:\/\/www.ovg.org.br\/site\/index.php?rest_route=\/wp\/v2\/posts"}],"about":[{"href":"https:\/\/www.ovg.org.br\/site\/index.php?rest_route=\/wp\/v2\/types\/post"}],"author":[{"embeddable":true,"href":"https:\/\/www.ovg.org.br\/site\/index.php?rest_route=\/wp\/v2\/users\/8"}],"replies":[{"embeddable":true,"href":"https:\/\/www.ovg.org.br\/site\/index.php?rest_route=%2Fwp%2Fv2%2Fcomments&post=18590"}],"version-history":[{"count":2,"href":"https:\/\/www.ovg.org.br\/site\/index.php?rest_route=\/wp\/v2\/posts\/18590\/revisions"}],"predecessor-version":[{"id":18593,"href":"https:\/\/www.ovg.org.br\/site\/index.php?rest_route=\/wp\/v2\/posts\/18590\/revisions\/18593"}],"wp:featuredmedia":[{"embeddable":true,"href":"https:\/\/www.ovg.org.br\/site\/index.php?rest_route=\/wp\/v2\/media\/18591"}],"wp:attachment":[{"href":"https:\/\/www.ovg.org.br\/site\/index.php?rest_route=%2Fwp%2Fv2%2Fmedia&parent=18590"}],"wp:term":[{"taxonomy":"category","embeddable":true,"href":"https:\/\/www.ovg.org.br\/site\/index.php?rest_route=%2Fwp%2Fv2%2Fcategories&post=18590"},{"taxonomy":"post_tag","embeddable":true,"href":"https:\/\/www.ovg.org.br\/site\/index.php?rest_route=%2Fwp%2Fv2%2Ftags&post=18590"}],"curies":[{"name":"wp","href":"https:\/\/api.w.org\/{rel}","templated":true}]}}