{"id":18618,"date":"2023-09-05T10:24:31","date_gmt":"2023-09-05T13:24:31","guid":{"rendered":"https:\/\/www.ovg.org.br\/site\/?p=18618"},"modified":"2023-09-06T08:17:22","modified_gmt":"2023-09-06T11:17:22","slug":"governo-de-goias-e-ovg-abrem-48-vagas-temporarias-para-o-natal-do-bem-2023","status":"publish","type":"post","link":"https:\/\/www.ovg.org.br\/site\/?p=18618","title":{"rendered":"Governo de Goi\u00e1s e OVG abrem 48 vagas tempor\u00e1rias para o Natal do Bem 2023"},"content":{"rendered":"\n<p class=\"has-text-align-center\">Oportunidades de emprego: Natal do Bem 2023 abre vagas para auxiliar de eventos<\/p>\n\n\n\n<p><strong>Lucas Dellamare<\/strong><\/p>\n\n\n\n<p>O Governo do Estado e a Organiza\u00e7\u00e3o das Volunt\u00e1rias de Goi\u00e1s (OVG), por meio do Goi\u00e1s Social, abriram 48 vagas de emprego para o cargo de auxiliar de eventos, para atua\u00e7\u00e3o no Natal do Bem 2023, em Goi\u00e2nia, entre os dias 13 de novembro de 2023 e 6 de janeiro de 2024. Os interessados devem ter ensino fundamental completo e realizar inscri\u00e7\u00e3o no site da Organiza\u00e7\u00e3o (ovg.org.br) at\u00e9 o dia 13\/09.<\/p>\n\n\n\n<p>O regime de contrata\u00e7\u00e3o \u00e9 CLT (Consolida\u00e7\u00e3o das Leis do Trabalho), com carga hor\u00e1ria de 30 horas semanais e sal\u00e1rio de R$ 1.355,00 + adicional noturno + hora extra. De ter\u00e7a a sexta-feira, o expediente \u00e9 das 17h \u00e0s 23h e aos s\u00e1bados, domingos e feriados, das 15h \u00e0s 23h. O posto de trabalho ser\u00e1 no Centro Cultural Oscar Niemeyer, na capital.<\/p>\n\n\n\n<p>\u201cQuando pensamos no Natal do Bem, pensamos em ajudar quem mais precisa, em levar a magia do Natal a todas as fam\u00edlias. Ao organizarmos essa grande festa, tamb\u00e9m temos a possibilidade de oferecer vagas de emprego, ou seja, \u00e9 um evento com objetivo social, mas que tamb\u00e9m movimenta a economia\u201d, destaca a presidente de honra da OVG e coordenadora do Gabinete de Pol\u00edticas Sociais (GPS), primeira-dama Gracinha Caiado.<\/p>\n\n\n\n<p><strong>Natal do Bem<\/strong><br>Considerado um dos maiores eventos natalinos do Brasil, o Natal do Bem, organizado pelo Governo do Estado por meio da OVG e do Goi\u00e1s Social, bateu recorde de p\u00fablico em 2022 ao receber mais de meio milh\u00e3o de pessoas. A atra\u00e7\u00e3o \u00e9 oferecida de forma totalmente gratuita e re\u00fane fam\u00edlias de todo o estado. Entre as atividades, est\u00e3o apresenta\u00e7\u00f5es art\u00edsticas e culturais, al\u00e9m de decora\u00e7\u00e3o luminosa, Parada Natalina e Vilas de Natal, Gastron\u00f4mica e de Brinquedos.<\/p>\n\n\n\n<p><\/p>\n\n\n\n<p><strong>Organiza\u00e7\u00e3o das Volunt\u00e1rias de Goi\u00e1s (OVG) &#8211; Governo de Goi\u00e1s<\/strong><\/p>\n\n\n\n<p><\/p>\n","protected":false},"excerpt":{"rendered":"<p>Oportunidades s\u00e3o para auxiliar de eventos para trabalho entre os dias 13 de novembro de 2023 e 6 de janeiro de 2024; inscri\u00e7\u00f5es devem ser realizadas at\u00e9 dia 13\/09<\/p>\n","protected":false},"author":4,"featured_media":18619,"comment_status":"closed","ping_status":"closed","sticky":false,"template":"","format":"standard","meta":{"_acf_changed":false,"footnotes":""},"categories":[1],"tags":[],"class_list":["post-18618","post","type-post","status-publish","format-standard","has-post-thumbnail","hentry","category-noticias-ovg"],"acf":[],"_links":{"self":[{"href":"https:\/\/www.ovg.org.br\/site\/index.php?rest_route=\/wp\/v2\/posts\/18618","targetHints":{"allow":["GET"]}}],"collection":[{"href":"https:\/\/www.ovg.org.br\/site\/index.php?rest_route=\/wp\/v2\/posts"}],"about":[{"href":"https:\/\/www.ovg.org.br\/site\/index.php?rest_route=\/wp\/v2\/types\/post"}],"author":[{"embeddable":true,"href":"https:\/\/www.ovg.org.br\/site\/index.php?rest_route=\/wp\/v2\/users\/4"}],"replies":[{"embeddable":true,"href":"https:\/\/www.ovg.org.br\/site\/index.php?rest_route=%2Fwp%2Fv2%2Fcomments&post=18618"}],"version-history":[{"count":2,"href":"https:\/\/www.ovg.org.br\/site\/index.php?rest_route=\/wp\/v2\/posts\/18618\/revisions"}],"predecessor-version":[{"id":18643,"href":"https:\/\/www.ovg.org.br\/site\/index.php?rest_route=\/wp\/v2\/posts\/18618\/revisions\/18643"}],"wp:featuredmedia":[{"embeddable":true,"href":"https:\/\/www.ovg.org.br\/site\/index.php?rest_route=\/wp\/v2\/media\/18619"}],"wp:attachment":[{"href":"https:\/\/www.ovg.org.br\/site\/index.php?rest_route=%2Fwp%2Fv2%2Fmedia&parent=18618"}],"wp:term":[{"taxonomy":"category","embeddable":true,"href":"https:\/\/www.ovg.org.br\/site\/index.php?rest_route=%2Fwp%2Fv2%2Fcategories&post=18618"},{"taxonomy":"post_tag","embeddable":true,"href":"https:\/\/www.ovg.org.br\/site\/index.php?rest_route=%2Fwp%2Fv2%2Ftags&post=18618"}],"curies":[{"name":"wp","href":"https:\/\/api.w.org\/{rel}","templated":true}]}}