{"id":1881,"date":"2020-11-09T16:45:20","date_gmt":"2020-11-09T18:45:20","guid":{"rendered":"http:\/\/www.ovg.org.br\/site\/?p=1881"},"modified":"2022-10-04T10:41:39","modified_gmt":"2022-10-04T13:41:39","slug":"acao-de-saude-oferece-atendimentos-na-vila-vida","status":"publish","type":"post","link":"https:\/\/www.ovg.org.br\/site\/?p=1881","title":{"rendered":"A\u00e7\u00e3o de sa\u00fade oferece atendimentos na Vila Vida"},"content":{"rendered":"\n<p><strong><em>Elis\u00e2ngela Vieira Santos<\/em><\/strong><\/p>\n\n\n\n<p>&nbsp; &nbsp;O sal\u00e3o e o p\u00e1tio do Centro de Conviv\u00eancia de Idosos Vila Vida ficaram lotados na manh\u00e3 desta quinta-feira, 25. A unidade foi movimentada pelo \u201cMais Sa\u00fade e Qualidade de Vida.\u201d A a\u00e7\u00e3o tem sido realizada ao longo do m\u00eas de abril em todas as unidades da Organiza\u00e7\u00e3o das Volunt\u00e1rias de Goi\u00e1s (OVG) e visa promover mais qualidade de vida \u00e0s pessoas atendidas pela entidade.<\/p>\n\n\n\n<p>&nbsp; &nbsp;O \u201cMais Sa\u00fade e Qualidade de Vida\u201d oferece v\u00e1rios servi\u00e7os gratuitos. Moradores e frequentadores da Vila Vida realizaram testes de HIV\/S\u00edfilis e glicemia, auriculoterapia e aferi\u00e7\u00e3o de press\u00e3o arterial. A programa\u00e7\u00e3o contou, ainda, com Reiki e palestra sobre a preven\u00e7\u00e3o de quedas e osteoporose.<\/p>\n\n\n\n<p>&nbsp; &nbsp;A coordenadora da Vila Vida, Maria Helena de Jesus, falou sobre o evento. &#8220;Nossa inten\u00e7\u00e3o \u00e9 cuidar da sa\u00fade e melhorar o bem-estar daqueles com quem convivemos diariamente. \u00c9 uma alegria ver o sucesso do evento de hoje,\u201d disse.<\/p>\n\n\n\n<p>&nbsp; Na opini\u00e3o da dona de casa Helena Maria Alves, 72 anos, a OVG acerta ao oferecer eventos como o \u201cMais Sa\u00fade e Qualidade de Vida.\u201d &nbsp;\u201cAprendemos a nos cuidar melhor. S\u00e3o v\u00e1rios servi\u00e7os em um mesmo local, ao mesmo tempo. Isso \u00e9 \u00f3timo,\u201d afirmou.<\/p>\n\n\n\n<p>&nbsp; A aposentada Amogair de Resende Pereira tem 74 anos. Ela \u00e9 uma das primeiras moradoras da Vila Vida. Reside na unidade h\u00e1 24 anos. Animada, aferiu a press\u00e3o arterial, participou da palestra sobre a preven\u00e7\u00e3o de quedas e osteoporose e fez auriculoterapia. \u201cAproveitei muito. Ansiedade e nervosismo matam. Ent\u00e3o, \u00e9 preciso aprender a viver bem e melhor,\u201d disse com bom humor.<\/p>\n\n\n\n<p>&nbsp; O \u201cMais Sa\u00fade e Qualidade de Vida\u201d ser\u00e1 encerrado no pr\u00f3ximo dia 30, no Centro de Conviv\u00eancia de Idosos C\u00e2ndida de Morais. A a\u00e7\u00e3o j\u00e1 foi realizada no Complexo Gerontol\u00f3gico Sagrada Fam\u00edlia, Centro de Conviv\u00eancia de Idosos Norte Ferrovi\u00e1rio, Centro de Conviv\u00eancia de Adolescentes, Casa do Interior de Goi\u00e1s e na Sede da OVG.<\/p>\n\n\n\n<p>&nbsp; A iniciativa tem a parceria da Secret\u00e1ria de Estado da Sa\u00fade, Iquego, Defensoria P\u00fablica do Estado de Goi\u00e1s, Conselho Regional de Farm\u00e1cia de Goi\u00e1s, Sesc-GO, Uniodonto, Cl\u00ednica Brasil, Faculdade de Medicina na UniRV (Campus Aparecida de Goi\u00e2nia) \u00e9 Redi\u00eancia de Geriatria do Hospital de Urg\u00eancias de Goi\u00e2nia (Hugo).<\/p>\n\n\n\n<p><strong>Assessoria de Comunica\u00e7\u00e3o e<\/strong><\/p>\n\n\n\n<p><strong>Marketing Institucional<\/strong><\/p>\n\n\n\n<p><strong>(62) 3201-9415<\/strong><\/p>\n\n\n\n<p><strong>www.ovg.org.br<\/strong><\/p>\n","protected":false},"excerpt":{"rendered":"<p>Elis\u00e2ngela Vieira Santos &nbsp; &nbsp;O sal\u00e3o e o p\u00e1tio do Centro de Conviv\u00eancia de Idosos Vila Vida ficaram lotados na manh\u00e3 desta quinta-feira, 25. A unidade foi movimentada pelo \u201cMais&hellip;<\/p>\n","protected":false},"author":8,"featured_media":1882,"comment_status":"closed","ping_status":"closed","sticky":false,"template":"","format":"standard","meta":{"_acf_changed":false,"footnotes":""},"categories":[1],"tags":[],"class_list":["post-1881","post","type-post","status-publish","format-standard","has-post-thumbnail","hentry","category-noticias-ovg"],"acf":[],"_links":{"self":[{"href":"https:\/\/www.ovg.org.br\/site\/index.php?rest_route=\/wp\/v2\/posts\/1881","targetHints":{"allow":["GET"]}}],"collection":[{"href":"https:\/\/www.ovg.org.br\/site\/index.php?rest_route=\/wp\/v2\/posts"}],"about":[{"href":"https:\/\/www.ovg.org.br\/site\/index.php?rest_route=\/wp\/v2\/types\/post"}],"author":[{"embeddable":true,"href":"https:\/\/www.ovg.org.br\/site\/index.php?rest_route=\/wp\/v2\/users\/8"}],"replies":[{"embeddable":true,"href":"https:\/\/www.ovg.org.br\/site\/index.php?rest_route=%2Fwp%2Fv2%2Fcomments&post=1881"}],"version-history":[{"count":1,"href":"https:\/\/www.ovg.org.br\/site\/index.php?rest_route=\/wp\/v2\/posts\/1881\/revisions"}],"predecessor-version":[{"id":1883,"href":"https:\/\/www.ovg.org.br\/site\/index.php?rest_route=\/wp\/v2\/posts\/1881\/revisions\/1883"}],"wp:featuredmedia":[{"embeddable":true,"href":"https:\/\/www.ovg.org.br\/site\/index.php?rest_route=\/wp\/v2\/media\/1882"}],"wp:attachment":[{"href":"https:\/\/www.ovg.org.br\/site\/index.php?rest_route=%2Fwp%2Fv2%2Fmedia&parent=1881"}],"wp:term":[{"taxonomy":"category","embeddable":true,"href":"https:\/\/www.ovg.org.br\/site\/index.php?rest_route=%2Fwp%2Fv2%2Fcategories&post=1881"},{"taxonomy":"post_tag","embeddable":true,"href":"https:\/\/www.ovg.org.br\/site\/index.php?rest_route=%2Fwp%2Fv2%2Ftags&post=1881"}],"curies":[{"name":"wp","href":"https:\/\/api.w.org\/{rel}","templated":true}]}}