{"id":18890,"date":"2023-09-29T08:28:52","date_gmt":"2023-09-29T11:28:52","guid":{"rendered":"https:\/\/www.ovg.org.br\/site\/?p=18890"},"modified":"2023-09-29T08:33:09","modified_gmt":"2023-09-29T11:33:09","slug":"governo-de-goias-lanca-edital-para-novos-bolsistas-do-probem","status":"publish","type":"post","link":"https:\/\/www.ovg.org.br\/site\/?p=18890","title":{"rendered":"Governo de Goi\u00e1s lan\u00e7a edital para novos bolsistas do ProBem"},"content":{"rendered":"\n<p class=\"has-text-align-center\"><em>Governo de Goi\u00e1s e OVG lan\u00e7am edital para 4 mil novas bolsas do ProBem: \u201cCom uma profiss\u00e3o, esses estudantes ter\u00e3o condi\u00e7\u00f5es de melhorar a renda, contribuir com o desenvolvimento do estado e dar uma nova perspectiva para toda a fam\u00edlia\u201d, diz Gracinha Caiado<\/em><\/p>\n\n\n\n<p><strong>Lucas Dellamare<\/strong><\/p>\n\n\n\n<p>O Governo do Estado, por meio da Organiza\u00e7\u00e3o das Volunt\u00e1rias de Goi\u00e1s (OVG), lan\u00e7a, nesta quinta-feira (28\/09), um novo edital de sele\u00e7\u00e3o do Programa Universit\u00e1rio do Bem (ProBem). A iniciativa vai beneficiar 4 mil estudantes em vulnerabilidade social inscritos do Cadastro \u00danico para Programas Sociais do Governo Federal (Cad\u00danico) com bolsas de estudos parciais e integrais para a primeira gradua\u00e7\u00e3o.<\/p>\n\n\n\n<p>O edital pode ser acessado no site da OVG (www.ovg.org.br) e as inscri\u00e7\u00f5es dever\u00e3o ser realizadas entre os dias 08 e 19 de janeiro de 2024. O benef\u00edcio ser\u00e1 concedido no semestre 2024\/1, incluindo a matr\u00edcula.<\/p>\n\n\n\n<p>\u201cO ProBem \u00e9 um benef\u00edcio que faz parte das a\u00e7\u00f5es do Goi\u00e1s Social, uma iniciativa que muda n\u00e3o apenas o futuro dos jovens beneficiados, mas de todo o n\u00facleo familiar. Com uma profiss\u00e3o, esses estudantes ter\u00e3o condi\u00e7\u00f5es de melhorar a renda, contribuir com o desenvolvimento do estado e dar uma nova perspectiva para toda a fam\u00edlia\u201d, destaca a presidente de honra da OVG e coordenadora do Gabinete de Pol\u00edticas Sociais (GPS), primeira-dama Gracinha Caiado.<\/p>\n\n\n\n<p><strong>Quem pode participar?<\/strong><br>Para concorrer \u00e0 bolsa do ProBem, \u00e9 necess\u00e1rio que o estudante esteja inscrito Cad\u00danico e possua vaga na Institui\u00e7\u00e3o de Ensino Superior (IES). Para esse processo seletivo, a inscri\u00e7\u00e3o no Cad\u00danico deve ser realizada at\u00e9 o dia 13 de outubro de 2023, impreterivelmente.<\/p>\n\n\n\n<p>Das 4 mil bolsas ofertadas, mil ser\u00e3o integrais e 3 mil parciais. As bolsas integrais correspondem a 100% do valor da mensalidade limitado a R$ 1.500. J\u00e1 as bolsas parciais correspondem a 50% do valor da mensalidade limitado a R$ 650. As bolsas concedidas aos estudantes que cursam Medicina ou Odontologia t\u00eam limites maiores, R$ 5.800 para o benef\u00edcio integral e R$ 2.900 para o benef\u00edcio parcial.<\/p>\n\n\n\n<p><strong>ProBem<\/strong><br>O ProBem tem o objetivo de ampliar a capacidade de atendimento aos mais vulner\u00e1veis, trazendo maior seguran\u00e7a ao processo de sele\u00e7\u00e3o, elevando o potencial de redu\u00e7\u00e3o das desigualdades sociais por meio do acesso ao ensino superior, e promovendo o alinhamento \u00e0s demandas por m\u00e3o de obra qualificada no Estado de Goi\u00e1s. O ProBem conta, atualmente, com 14,6 mil benefici\u00e1rios e j\u00e1 contemplou, desde 2019, 40,1 mil estudantes.<\/p>\n\n\n\n<p>Al\u00e9m das bolsas de estudos, o benefici\u00e1rio ainda conta com acompanhamento socioassistencial e participa do Banco de Oportunidades, que promove, entre outras a\u00e7\u00f5es, a integra\u00e7\u00e3o ao mundo do trabalho por meio de cursos de aperfei\u00e7oamento gratuitos, encaminhamento para vagas de est\u00e1gio ou emprego, bem como a participa\u00e7\u00e3o em a\u00e7\u00f5es sociais.<\/p>\n\n\n\n<p><\/p>\n\n\n\n<p><strong>Organiza\u00e7\u00e3o das Volunt\u00e1rias de Goi\u00e1s (OVG) \u2013 Governo de Goi\u00e1s<\/strong><\/p>\n","protected":false},"excerpt":{"rendered":"<p>Programa selecionar\u00e1 4 mil estudantes em vulnerabilidade social de todo o estado cadastrados no Cad\u00danico. Edital pode ser acessado no site da OVG (ovg.org.br) e as inscri\u00e7\u00f5es estar\u00e3o abertas entres os dias 08 e 19 de janeiro de 2024 <\/p>\n","protected":false},"author":4,"featured_media":18891,"comment_status":"closed","ping_status":"closed","sticky":false,"template":"","format":"standard","meta":{"_acf_changed":false,"footnotes":""},"categories":[1],"tags":[],"class_list":["post-18890","post","type-post","status-publish","format-standard","has-post-thumbnail","hentry","category-noticias-ovg"],"acf":[],"_links":{"self":[{"href":"https:\/\/www.ovg.org.br\/site\/index.php?rest_route=\/wp\/v2\/posts\/18890","targetHints":{"allow":["GET"]}}],"collection":[{"href":"https:\/\/www.ovg.org.br\/site\/index.php?rest_route=\/wp\/v2\/posts"}],"about":[{"href":"https:\/\/www.ovg.org.br\/site\/index.php?rest_route=\/wp\/v2\/types\/post"}],"author":[{"embeddable":true,"href":"https:\/\/www.ovg.org.br\/site\/index.php?rest_route=\/wp\/v2\/users\/4"}],"replies":[{"embeddable":true,"href":"https:\/\/www.ovg.org.br\/site\/index.php?rest_route=%2Fwp%2Fv2%2Fcomments&post=18890"}],"version-history":[{"count":2,"href":"https:\/\/www.ovg.org.br\/site\/index.php?rest_route=\/wp\/v2\/posts\/18890\/revisions"}],"predecessor-version":[{"id":18893,"href":"https:\/\/www.ovg.org.br\/site\/index.php?rest_route=\/wp\/v2\/posts\/18890\/revisions\/18893"}],"wp:featuredmedia":[{"embeddable":true,"href":"https:\/\/www.ovg.org.br\/site\/index.php?rest_route=\/wp\/v2\/media\/18891"}],"wp:attachment":[{"href":"https:\/\/www.ovg.org.br\/site\/index.php?rest_route=%2Fwp%2Fv2%2Fmedia&parent=18890"}],"wp:term":[{"taxonomy":"category","embeddable":true,"href":"https:\/\/www.ovg.org.br\/site\/index.php?rest_route=%2Fwp%2Fv2%2Fcategories&post=18890"},{"taxonomy":"post_tag","embeddable":true,"href":"https:\/\/www.ovg.org.br\/site\/index.php?rest_route=%2Fwp%2Fv2%2Ftags&post=18890"}],"curies":[{"name":"wp","href":"https:\/\/api.w.org\/{rel}","templated":true}]}}