{"id":19038,"date":"2023-10-16T08:24:34","date_gmt":"2023-10-16T11:24:34","guid":{"rendered":"https:\/\/www.ovg.org.br\/site\/?p=19038"},"modified":"2023-10-16T08:25:34","modified_gmt":"2023-10-16T11:25:34","slug":"banco-de-alimentos-da-ovg-ponto-de-coleta-na-ceasa-arrecada-100-mil-quilos-em-dois-meses","status":"publish","type":"post","link":"https:\/\/www.ovg.org.br\/site\/?p=19038","title":{"rendered":"Banco de Alimentos da OVG: ponto de coleta na Ceasa arrecada 100 mil quilos em dois meses"},"content":{"rendered":"\n<p><strong>Lucas Dellamare<\/strong><\/p>\n\n\n\n<p>Dois meses depois de inaugurado pelo Governo de Goi\u00e1s, o ponto de coleta do Banco de Alimentos da Organiza\u00e7\u00e3o das Volunt\u00e1rias de Goi\u00e1s (OVG) dentro das Centrais de Abastecimento de Goi\u00e1s (Ceasa) chegou \u00e0 marca de 100 mil quilos de alimentos arrecadados. A Pedra 80, onde os produtores, comerciantes e permission\u00e1rios da Ceasa podem depositar as doa\u00e7\u00f5es, faz parte das a\u00e7\u00f5es do Goi\u00e1s Social, que levam donativos a fam\u00edlias em extrema vulnerabilidade.<\/p>\n\n\n\n<p>Por semana, a m\u00e9dia de arrecada\u00e7\u00e3o tem sido de 12 mil quilos, um n\u00famero que representa esperan\u00e7a, de acordo com a presidente de honra da OVG e coordenadora do Gabinete de Pol\u00edticas Sociais (GPS), primeira-dama Gracinha Caiado. \u201cA Pedra 80 \u00e9 um local que, verdadeiramente, enche nossos cora\u00e7\u00f5es de esperan\u00e7a, porque n\u00e3o fazemos nada sozinhos. \u00c9 nesse ponto de coleta que recebemos doa\u00e7\u00f5es de frutas, verduras e legumes in natura diretamente de produtores, comerciantes e permission\u00e1rios da Ceasa para que possamos levar alimentos de qualidade \u00e0 mesa de quem tem fome.\u201d<\/p>\n\n\n\n<p>Gerido pela OVG desde 2019, o Banco de Alimentos j\u00e1 doou mais de 5,4 mil toneladas de alimentos in natura para entidades sociais e fam\u00edlias em situa\u00e7\u00e3o de vulnerabilidade social e realizou mais de 60 mil atendimentos. Ao todo, mais de quatro mil fam\u00edlias foram beneficiadas pelas a\u00e7\u00f5es.<\/p>\n\n\n\n<p>Entre essas fam\u00edlias est\u00e1 a da Joice Ferreira, 25 anos. Para ela, receber a doa\u00e7\u00e3o a cada semana \u00e9 uma grande ajuda. \u201cNem sei o que seria da nossa vida sem essa ajuda do Banco de Alimentos. Gra\u00e7as ao Governo de Goi\u00e1s e \u00e0 OVG podemos ter uma vida mais digna, com comida no prato, comida de qualidade. Isso nos deixa at\u00e9 mais tranquilos porque garante sa\u00fade tamb\u00e9m\u201d, relata.<\/p>\n\n\n<div class=\"wp-block-image\">\n<figure class=\"aligncenter size-large\"><img loading=\"lazy\" decoding=\"async\" width=\"1024\" height=\"682\" src=\"https:\/\/www.ovg.org.br\/site\/wp-content\/uploads\/2023\/10\/WhatsApp-Image-2023-10-15-at-07.31.35-1024x682.jpeg\" alt=\"\" class=\"wp-image-19040\" srcset=\"https:\/\/www.ovg.org.br\/site\/wp-content\/uploads\/2023\/10\/WhatsApp-Image-2023-10-15-at-07.31.35-1024x682.jpeg 1024w, https:\/\/www.ovg.org.br\/site\/wp-content\/uploads\/2023\/10\/WhatsApp-Image-2023-10-15-at-07.31.35-300x200.jpeg 300w, https:\/\/www.ovg.org.br\/site\/wp-content\/uploads\/2023\/10\/WhatsApp-Image-2023-10-15-at-07.31.35-768x512.jpeg 768w, https:\/\/www.ovg.org.br\/site\/wp-content\/uploads\/2023\/10\/WhatsApp-Image-2023-10-15-at-07.31.35-1536x1023.jpeg 1536w, https:\/\/www.ovg.org.br\/site\/wp-content\/uploads\/2023\/10\/WhatsApp-Image-2023-10-15-at-07.31.35.jpeg 1600w\" sizes=\"auto, (max-width: 1024px) 100vw, 1024px\" \/><figcaption class=\"wp-element-caption\">Joice Ferreira, de 25 anos, \u00e9 uma das beneficiarias do programa: \u201cNem sei o que seria da nossa vida sem essa ajuda do Banco de Alimentos\u201d<\/figcaption><\/figure>\n<\/div>\n\n\n<p><strong>Programa NutreBem<br><\/strong>Parte dos alimentos arrecadados pela OVG passa por um processo de desidrata\u00e7\u00e3o, em que a durabilidade \u00e9 aumentada, mantendo sabor e qualidade nutricional, al\u00e9m de possibilitar a distribui\u00e7\u00e3o a todos os munic\u00edpios goianos, mesmo os mais distantes. Lan\u00e7ado em outubro de 2021, o programa \u00e9 respons\u00e1vel pela distribui\u00e7\u00e3o do Mix do Bem, um alimento nutritivo que contribui para ampliar a seguran\u00e7a alimentar das fam\u00edlias em situa\u00e7\u00e3o de vulnerabilidade social no Estado e que rende at\u00e9 10 por\u00e7\u00f5es.<\/p>\n\n\n\n<p>Neste per\u00edodo, 345 mil pacotes do alimento j\u00e1 foram doados, totalizando 3,4 milh\u00f5es de refei\u00e7\u00f5es. Al\u00e9m disso, o programa produziu e doou 46 mil pacotes de frutas desidratadas, como banana, ma\u00e7\u00e3 e abacaxi. A presidente de honra da OVG destaca que a iniciativa revolucionou as a\u00e7\u00f5es sociais em Goi\u00e1s, uma vez que possibilita que o benef\u00edcio chegue cada vez mais longe, independente da dist\u00e2ncia. \u201cS\u00e3o a\u00e7\u00f5es como essa, realizadas por meio de um trabalho s\u00e9rio e comprometido, que fazem com que Goi\u00e1s tenha hoje o melhor e maior programa socioassistencial do Brasil\u201d, arremata Gracinha.<\/p>\n\n\n\n<p><strong>Organiza\u00e7\u00e3o das Volunt\u00e1rias de Goi\u00e1s \u2013 Governo de Goi\u00e1s<\/strong><\/p>\n","protected":false},"excerpt":{"rendered":"<p>Inaugurada no dia 10 de agosto, a Pedra 80 arrecada frutas, verduras e legumes in natura de produtores, comerciantes e permission\u00e1rios da Ceasa. Por meio do Goi\u00e1s Social, os alimentos s\u00e3o selecionados, higienizados e doados<\/p>\n","protected":false},"author":8,"featured_media":19039,"comment_status":"closed","ping_status":"closed","sticky":false,"template":"","format":"standard","meta":{"_acf_changed":false,"footnotes":""},"categories":[1],"tags":[],"class_list":["post-19038","post","type-post","status-publish","format-standard","has-post-thumbnail","hentry","category-noticias-ovg"],"acf":[],"_links":{"self":[{"href":"https:\/\/www.ovg.org.br\/site\/index.php?rest_route=\/wp\/v2\/posts\/19038","targetHints":{"allow":["GET"]}}],"collection":[{"href":"https:\/\/www.ovg.org.br\/site\/index.php?rest_route=\/wp\/v2\/posts"}],"about":[{"href":"https:\/\/www.ovg.org.br\/site\/index.php?rest_route=\/wp\/v2\/types\/post"}],"author":[{"embeddable":true,"href":"https:\/\/www.ovg.org.br\/site\/index.php?rest_route=\/wp\/v2\/users\/8"}],"replies":[{"embeddable":true,"href":"https:\/\/www.ovg.org.br\/site\/index.php?rest_route=%2Fwp%2Fv2%2Fcomments&post=19038"}],"version-history":[{"count":3,"href":"https:\/\/www.ovg.org.br\/site\/index.php?rest_route=\/wp\/v2\/posts\/19038\/revisions"}],"predecessor-version":[{"id":19043,"href":"https:\/\/www.ovg.org.br\/site\/index.php?rest_route=\/wp\/v2\/posts\/19038\/revisions\/19043"}],"wp:featuredmedia":[{"embeddable":true,"href":"https:\/\/www.ovg.org.br\/site\/index.php?rest_route=\/wp\/v2\/media\/19039"}],"wp:attachment":[{"href":"https:\/\/www.ovg.org.br\/site\/index.php?rest_route=%2Fwp%2Fv2%2Fmedia&parent=19038"}],"wp:term":[{"taxonomy":"category","embeddable":true,"href":"https:\/\/www.ovg.org.br\/site\/index.php?rest_route=%2Fwp%2Fv2%2Fcategories&post=19038"},{"taxonomy":"post_tag","embeddable":true,"href":"https:\/\/www.ovg.org.br\/site\/index.php?rest_route=%2Fwp%2Fv2%2Ftags&post=19038"}],"curies":[{"name":"wp","href":"https:\/\/api.w.org\/{rel}","templated":true}]}}