{"id":19064,"date":"2023-10-18T08:31:35","date_gmt":"2023-10-18T11:31:35","guid":{"rendered":"https:\/\/www.ovg.org.br\/site\/?p=19064"},"modified":"2023-10-18T08:41:47","modified_gmt":"2023-10-18T11:41:47","slug":"natal-do-bem-da-ovg-abre-chamamento-publico-para-apresentacoes-culturais","status":"publish","type":"post","link":"https:\/\/www.ovg.org.br\/site\/?p=19064","title":{"rendered":"Natal do Bem da OVG abre chamamento p\u00fablico para apresenta\u00e7\u00f5es culturais"},"content":{"rendered":"\n<p><strong>Lucas Dellamare<\/strong><\/p>\n\n\n\n<p>Com inaugura\u00e7\u00e3o prevista para o dia 16 de novembro, o Natal do Bem 2023, evento realizado pelo Governo do Estado, por meio da Organiza\u00e7\u00e3o das Volunt\u00e1rias de Goi\u00e1s (OVG) e do Goi\u00e1s Social, abre chamamento p\u00fablico para a contrata\u00e7\u00e3o de 37 artistas. Divididas em duas modalidades, as apresenta\u00e7\u00f5es ser\u00e3o ao longo dos 52 dias de festa: solo, duetos, trios e quartetos, no Palco Coreto; e grupos de m\u00fasica, dan\u00e7a, teatro e circo, no palco Pal\u00e1cio da M\u00fasica.<\/p>\n\n\n\n<p>Os shows devem, obrigatoriamente, ser de tema natalino ou com repert\u00f3rio contendo, no m\u00ednimo, 60% de m\u00fasicas de Natal e ser\u00e3o apresentados durante o Natal do Bem, no Centro Cultural Oscar Niemeyer, em Goi\u00e2nia. A sele\u00e7\u00e3o ser\u00e1 realizada em parceria com a Secretaria de Estado da Cultura (Secult) e Universidade Federal de Goi\u00e1s (UFG). O prazo para inscri\u00e7\u00e3o, que \u00e9 realizada de forma on-line pelos links indicados no <a href=\"http:\/\/rtve.org.br\/chamamento-publico\/\" data-type=\"link\" data-id=\"http:\/\/rtve.org.br\/chamamento-publico\/\">edital<\/a>, \u00e9 at\u00e9 22 de outubro de 2023.<\/p>\n\n\n\n<p>Para participar do chamamento de sele\u00e7\u00e3o, 60% do elenco e prestadores de servi\u00e7o das apresenta\u00e7\u00f5es devem viver em Goi\u00e1s, com comprovante de resid\u00eancia dos \u00faltimos dois anos. Os cach\u00eas s\u00e3o de R$ 5 mil para o Palco Coreto e de R$ 20 mil para o Pal\u00e1cio da M\u00fasica. O edital pode ser acessado no site da Funda\u00e7\u00e3o RTVE, da UFG (<a href=\"http:\/\/rtve.org.br\/chamamento-publico\/\" data-type=\"link\" data-id=\"rtve.org.br\/chamamento-publico\/\">rtve.org.br\/chamamento-publico\/<\/a>). O evento ser\u00e1 realizado entre os dias 16 de novembro de 2023 e 6 de janeiro de 2024, de ter\u00e7a a sexta-feira, das 18h \u00e0s 23h e aos s\u00e1bados, domingos e feriados, das 16h \u00e0s 23h.<\/p>\n\n\n\n<p>\u201cO Natal do Bem \u00e9 um evento social que proporciona a todas as fam\u00edlias a oportunidade de viver um Natal m\u00e1gico e inesquec\u00edvel. Quando fazemos um evento nessa propor\u00e7\u00e3o, com previs\u00e3o de receber um milh\u00e3o de pessoas, n\u00e3o estamos s\u00f3 levando o encanto das luzes \u00e0s crian\u00e7as, tamb\u00e9m estamos gerando emprego e renda, inclusive para artistas goianos que ter\u00e3o a oportunidade de mostrar todo seu talento\u201d, destaca a presidente de honra da OVG e coordenadora do Goi\u00e1s Social, primeira-dama Gracinha Caiado.<\/p>\n\n\n\n<p><strong>Natal do Bem<br><\/strong>Considerado o segundo maior evento natalino do pa\u00eds e o principal do Centro-Oeste, o Natal do Bem bateu recorde de p\u00fablico em 2022 ao receber mais de meio milh\u00e3o de pessoas. Neste ano, a expectativa \u00e9 que esse n\u00famero seja superado e que um milh\u00e3o de visitantes passem pelo local ao longo da festa. O Natal do Bem faz parte das a\u00e7\u00f5es do Goi\u00e1s Social e conta com entrada e estacionamento totalmente gratuitos. Para 2023, ser\u00e3o mais de 400 apresenta\u00e7\u00f5es.<\/p>\n\n\n\n<p><strong>Organiza\u00e7\u00e3o das Volunt\u00e1rias de Goi\u00e1s \u2013 Governo de Goi\u00e1s<\/strong><\/p>\n","protected":false},"excerpt":{"rendered":"<p>Realizado pelo Governo de Goi\u00e1s, por meio do Goi\u00e1s Social, evento vai selecionar 37 artistas de todo o estado para se apresentarem ao longo dos 52 dias de festa, no Centro Cultural Oscar Niemeyer<\/p>\n","protected":false},"author":8,"featured_media":19065,"comment_status":"closed","ping_status":"closed","sticky":false,"template":"","format":"standard","meta":{"_acf_changed":false,"footnotes":""},"categories":[1],"tags":[],"class_list":["post-19064","post","type-post","status-publish","format-standard","has-post-thumbnail","hentry","category-noticias-ovg"],"acf":[],"_links":{"self":[{"href":"https:\/\/www.ovg.org.br\/site\/index.php?rest_route=\/wp\/v2\/posts\/19064","targetHints":{"allow":["GET"]}}],"collection":[{"href":"https:\/\/www.ovg.org.br\/site\/index.php?rest_route=\/wp\/v2\/posts"}],"about":[{"href":"https:\/\/www.ovg.org.br\/site\/index.php?rest_route=\/wp\/v2\/types\/post"}],"author":[{"embeddable":true,"href":"https:\/\/www.ovg.org.br\/site\/index.php?rest_route=\/wp\/v2\/users\/8"}],"replies":[{"embeddable":true,"href":"https:\/\/www.ovg.org.br\/site\/index.php?rest_route=%2Fwp%2Fv2%2Fcomments&post=19064"}],"version-history":[{"count":6,"href":"https:\/\/www.ovg.org.br\/site\/index.php?rest_route=\/wp\/v2\/posts\/19064\/revisions"}],"predecessor-version":[{"id":19071,"href":"https:\/\/www.ovg.org.br\/site\/index.php?rest_route=\/wp\/v2\/posts\/19064\/revisions\/19071"}],"wp:featuredmedia":[{"embeddable":true,"href":"https:\/\/www.ovg.org.br\/site\/index.php?rest_route=\/wp\/v2\/media\/19065"}],"wp:attachment":[{"href":"https:\/\/www.ovg.org.br\/site\/index.php?rest_route=%2Fwp%2Fv2%2Fmedia&parent=19064"}],"wp:term":[{"taxonomy":"category","embeddable":true,"href":"https:\/\/www.ovg.org.br\/site\/index.php?rest_route=%2Fwp%2Fv2%2Fcategories&post=19064"},{"taxonomy":"post_tag","embeddable":true,"href":"https:\/\/www.ovg.org.br\/site\/index.php?rest_route=%2Fwp%2Fv2%2Ftags&post=19064"}],"curies":[{"name":"wp","href":"https:\/\/api.w.org\/{rel}","templated":true}]}}