{"id":19129,"date":"2023-10-23T08:25:49","date_gmt":"2023-10-23T11:25:49","guid":{"rendered":"https:\/\/www.ovg.org.br\/site\/?p=19129"},"modified":"2023-11-16T14:33:51","modified_gmt":"2023-11-16T17:33:51","slug":"governo-de-goias-e-ovg-preparam-maior-natal-do-bem-da-historia","status":"publish","type":"post","link":"https:\/\/www.ovg.org.br\/site\/?p=19129","title":{"rendered":"Governo de Goi\u00e1s e OVG preparam maior Natal do Bem da hist\u00f3ria"},"content":{"rendered":"\n<p><strong>Lucas Dellamare<\/strong><\/p>\n\n\n\n<p>O Governo do Estado, por meio do Goi\u00e1s Social e da Organiza\u00e7\u00e3o das Volunt\u00e1rias de Goi\u00e1s (OVG), deu in\u00edcio \u00e0 montagem da estrutura do Natal do Bem 2023, que ser\u00e1 realizado entre os dias 16 de novembro e 6 de janeiro de 2024, no Centro Cultural Oscar Niemeyer (CCON), em Goi\u00e2nia.<\/p>\n\n\n\n<p>Considerado o segundo maior evento natalino do pa\u00eds e o principal do Centro-Oeste, o Natal do Bem bateu recorde de p\u00fablico em 2022 ao receber mais de meio milh\u00e3o de pessoas. Neste ano, a expectativa \u00e9 que quase um milh\u00e3o de visitantes passem pelo local ao longo dos 52 dias de festa.<\/p>\n\n\n\n<p>O Natal do Bem faz parte das a\u00e7\u00f5es do Goi\u00e1s Social e conta com entrada e estacionamento totalmente gratuitos. O evento ser\u00e1 realizado de ter\u00e7a a sexta-feira, das 18h \u00e0s 23h e aos s\u00e1bados, domingos e feriados, das 16h \u00e0s 23h.<\/p>\n\n\n\n<p>\u201cEsse ser\u00e1 o maior Natal que Goi\u00e1s j\u00e1 viu! Eu posso garantir que ser\u00e1 uma grande surpresa para todas as fam\u00edlias goianas, um momento inesquec\u00edvel. Somos muito felizes por poder levar a magia do Natal a quem mais precisa. Ao organizarmos essa grande festa, levamos mais que divers\u00e3o, levamos esperan\u00e7a e alegria, que s\u00e3o direitos de todas as crian\u00e7as\u201d, destaca a presidente de honra da OVG e coordenadora do Goi\u00e1s Social, primeira-dama Gracinha Caiado.<\/p>\n\n\n\n<p><strong>Novidades<br><\/strong>Para 2023, ser\u00e3o mais de 400 apresenta\u00e7\u00f5es durante o evento. A festa surpreende com personagens que interagem de forma l\u00fadica e divertida. Teatro, m\u00fasica, canto, dan\u00e7a e corais integram a extensa programa\u00e7\u00e3o cultural desta edi\u00e7\u00e3o. O elenco \u00e9 composto por 95% de artistas locais, que levam cultura, arte e divers\u00e3o para todos os espa\u00e7os do complexo natalino.<\/p>\n\n\n\n<p>O projeto deste ano foi ampliado e conta com 30,2 mil m\u00b2, 2 milh\u00f5es de pontos de luz e \u00e1rvore de 40 metros de altura. Ser\u00e3o 7 mil vagas de estacionamento dispon\u00edveis aos visitantes, al\u00e9m de duas linhas de \u00f4nibus exclusivas saindo dos terminais Pra\u00e7a da B\u00edblia e Isid\u00f3ria em dire\u00e7\u00e3o ao CCON. Este ano, a Vila Gastron\u00f4mica contar\u00e1 com 20 quiosques, com as mais diversas op\u00e7\u00f5es de alimenta\u00e7\u00e3o.<\/p>\n\n\n\n<p>Todos os espa\u00e7os e ambientes do complexo, recebem um conjunto de elementos visuais, auditivos e t\u00e1teis, al\u00e9m de rampas de acesso para transformar as atra\u00e7\u00f5es em op\u00e7\u00f5es acess\u00edveis a todos os p\u00fablicos.<\/p>\n\n\n\n<p><strong>Organiza\u00e7\u00e3o das Volunt\u00e1rias de Goi\u00e1s &#8211; Governo de Goi\u00e1s<\/strong><\/p>\n","protected":false},"excerpt":{"rendered":"<p>Evento come\u00e7a no dia 16 de novembro e segue at\u00e9 6 de janeiro de 2024, com entrada e estacionamento gratuitos; montagem j\u00e1 foi iniciada no Centro Cultural Oscar Niemeyer, em Goi\u00e2nia<\/p>\n","protected":false},"author":8,"featured_media":19130,"comment_status":"closed","ping_status":"closed","sticky":false,"template":"","format":"standard","meta":{"_acf_changed":false,"footnotes":""},"categories":[1],"tags":[],"class_list":["post-19129","post","type-post","status-publish","format-standard","has-post-thumbnail","hentry","category-noticias-ovg"],"acf":[],"_links":{"self":[{"href":"https:\/\/www.ovg.org.br\/site\/index.php?rest_route=\/wp\/v2\/posts\/19129","targetHints":{"allow":["GET"]}}],"collection":[{"href":"https:\/\/www.ovg.org.br\/site\/index.php?rest_route=\/wp\/v2\/posts"}],"about":[{"href":"https:\/\/www.ovg.org.br\/site\/index.php?rest_route=\/wp\/v2\/types\/post"}],"author":[{"embeddable":true,"href":"https:\/\/www.ovg.org.br\/site\/index.php?rest_route=\/wp\/v2\/users\/8"}],"replies":[{"embeddable":true,"href":"https:\/\/www.ovg.org.br\/site\/index.php?rest_route=%2Fwp%2Fv2%2Fcomments&post=19129"}],"version-history":[{"count":3,"href":"https:\/\/www.ovg.org.br\/site\/index.php?rest_route=\/wp\/v2\/posts\/19129\/revisions"}],"predecessor-version":[{"id":19487,"href":"https:\/\/www.ovg.org.br\/site\/index.php?rest_route=\/wp\/v2\/posts\/19129\/revisions\/19487"}],"wp:featuredmedia":[{"embeddable":true,"href":"https:\/\/www.ovg.org.br\/site\/index.php?rest_route=\/wp\/v2\/media\/19130"}],"wp:attachment":[{"href":"https:\/\/www.ovg.org.br\/site\/index.php?rest_route=%2Fwp%2Fv2%2Fmedia&parent=19129"}],"wp:term":[{"taxonomy":"category","embeddable":true,"href":"https:\/\/www.ovg.org.br\/site\/index.php?rest_route=%2Fwp%2Fv2%2Fcategories&post=19129"},{"taxonomy":"post_tag","embeddable":true,"href":"https:\/\/www.ovg.org.br\/site\/index.php?rest_route=%2Fwp%2Fv2%2Ftags&post=19129"}],"curies":[{"name":"wp","href":"https:\/\/api.w.org\/{rel}","templated":true}]}}