{"id":19147,"date":"2023-10-23T17:01:06","date_gmt":"2023-10-23T20:01:06","guid":{"rendered":"https:\/\/www.ovg.org.br\/site\/?p=19147"},"modified":"2023-10-23T17:01:08","modified_gmt":"2023-10-23T20:01:08","slug":"ovg-recebe-doacao-de-14-mil-brinquedos-da-policia-civil","status":"publish","type":"post","link":"https:\/\/www.ovg.org.br\/site\/?p=19147","title":{"rendered":"OVG recebe doa\u00e7\u00e3o de 1,4 mil brinquedos da Pol\u00edcia Civil"},"content":{"rendered":"\n<p><strong>Lucas Dellamare<\/strong><\/p>\n\n\n\n<p>A Organiza\u00e7\u00e3o das Volunt\u00e1rias de Goi\u00e1s (OVG) recebeu, nesta segunda-feira (23\/10), 1,4 mil brinquedos arrecadados por agentes em forma\u00e7\u00e3o na Escola Superior da Pol\u00edcia Civil de Goi\u00e1s. A doa\u00e7\u00e3o faz parte de uma parceria solid\u00e1ria entre a OVG e a Pol\u00edcia Civil (PC), que destinou pe\u00e7as como carrinhos, bonecas, panelinhas, pega varetas, lego, bolas de futebol e v\u00f4lei, entre outras \u00e0 Organiza\u00e7\u00e3o. Al\u00e9m dos brinquedos, a corpora\u00e7\u00e3o tamb\u00e9m arrecadou 3,5 mil pacotes de bolacha para as crian\u00e7as.<\/p>\n\n\n\n<p>Respons\u00e1vel por a\u00e7\u00f5es sociais em todos os 246 munic\u00edpios goianos, o Goi\u00e1s Social, por meio da OVG, destinar\u00e1 as doa\u00e7\u00f5es a entidades da capital e da regi\u00e3o metropolitana. \u201cPor meio dessa atua\u00e7\u00e3o do Goi\u00e1s Social, conseguimos atender e levar alegria e dignidade a quem mais precisa, n\u00e3o importa a dist\u00e2ncia. Para n\u00f3s, isso \u00e9 o mais gratificante. Com essa doa\u00e7\u00e3o da Pol\u00edcia Civil, isso se amplia e chegamos ainda mais longe\u201d, afirma a presidente de honra da OVG e coordenadora do Goi\u00e1s Social, primeira-dama Gracinha Caiado.<\/p>\n\n\n\n<p>Ao destacar a parceria com a Pol\u00edcia Civil, que tamb\u00e9m contribui com as a\u00e7\u00f5es do Governo de Goi\u00e1s, auxiliando as equipes na entrega de donativos, Gracinha Caiado fez quest\u00e3o de refor\u00e7ar os agradecimentos \u00e0 corpora\u00e7\u00e3o. &#8220;Quando um grupo de pessoas decide se mobilizar para fazer o bem, \u00e9 positivo em diversos aspectos, especialmente quando se traduz em fazer a alegria de fam\u00edlias que precisam de uma aten\u00e7\u00e3o especial. Fa\u00e7o quest\u00e3o de agradecer a todos esses homens e mulheres que doaram brinquedos e bolachas, mas que tamb\u00e9m doam seu tempo nas diversas a\u00e7\u00f5es sociais que promovemos ao longo do ano.&#8221;<\/p>\n\n\n\n<p>De acordo com a representante da PC, delegada Tatiane Cruvinel, contribuir com as iniciativas do Goi\u00e1s Social \u00e9 uma alegria para a corpora\u00e7\u00e3o. \u201cHoje temos mais de mil candidatos a agentes da Pol\u00edcia Civil e essa iniciativa de arrecadar e doar os brinquedos partiu deles. \u00c9 uma alegria saber que nossas for\u00e7as de seguran\u00e7a, desde o ingresso na corpora\u00e7\u00e3o, t\u00eam essa preocupa\u00e7\u00e3o social\u201d, destacou.<\/p>\n\n\n<div class=\"wp-block-image\">\n<figure class=\"aligncenter size-large\"><img loading=\"lazy\" decoding=\"async\" width=\"1024\" height=\"682\" src=\"https:\/\/www.ovg.org.br\/site\/wp-content\/uploads\/2023\/10\/WhatsApp-Image-2023-10-23-at-16.42.47-1024x682.jpeg\" alt=\"\" class=\"wp-image-19149\" srcset=\"https:\/\/www.ovg.org.br\/site\/wp-content\/uploads\/2023\/10\/WhatsApp-Image-2023-10-23-at-16.42.47-1024x682.jpeg 1024w, https:\/\/www.ovg.org.br\/site\/wp-content\/uploads\/2023\/10\/WhatsApp-Image-2023-10-23-at-16.42.47-300x200.jpeg 300w, https:\/\/www.ovg.org.br\/site\/wp-content\/uploads\/2023\/10\/WhatsApp-Image-2023-10-23-at-16.42.47-768x512.jpeg 768w, https:\/\/www.ovg.org.br\/site\/wp-content\/uploads\/2023\/10\/WhatsApp-Image-2023-10-23-at-16.42.47-1536x1023.jpeg 1536w, https:\/\/www.ovg.org.br\/site\/wp-content\/uploads\/2023\/10\/WhatsApp-Image-2023-10-23-at-16.42.47.jpeg 1600w\" sizes=\"auto, (max-width: 1024px) 100vw, 1024px\" \/><\/figure>\n<\/div>\n\n\n<p><strong>Natal do Bem<br><\/strong>No final do ano, a OVG promove o Natal do Bem, que distribui carrinhos, bonecas e bolas de futebol e de v\u00f4lei adquiridas pelo Governo do Estado. Na capital, o Centro Cultural Oscar Niemeyer se transforma no palco do segundo maior evento natalino do Brasil e o maior do Centro-Oeste. Em 2023, a expectativa \u00e9 que um milh\u00e3o de pessoas visitem o local, que tem entrada e estacionamento gratuitos.<\/p>\n\n\n\n<p>O evento ser\u00e1 realizado entre os dias 16 de novembro de 2023 e 6 de janeiro de 2024, de ter\u00e7a a sexta-feira, das 18h \u00e0s 23h, e aos s\u00e1bados, domingos e feriados, das 16h \u00e0s 23h.<\/p>\n\n\n\n<p><strong>Organiza\u00e7\u00e3o das Volunt\u00e1rias de Goi\u00e1s \u2013 Governo de Goi\u00e1s<\/strong><\/p>\n","protected":false},"excerpt":{"rendered":"<p>Pe\u00e7as ser\u00e3o distribu\u00eddas pelo Goi\u00e1s Social a entidades que atendem crian\u00e7as em situa\u00e7\u00e3o de vulnerabilidade<\/p>\n","protected":false},"author":8,"featured_media":19148,"comment_status":"closed","ping_status":"closed","sticky":false,"template":"","format":"standard","meta":{"_acf_changed":false,"footnotes":""},"categories":[1],"tags":[],"class_list":["post-19147","post","type-post","status-publish","format-standard","has-post-thumbnail","hentry","category-noticias-ovg"],"acf":[],"_links":{"self":[{"href":"https:\/\/www.ovg.org.br\/site\/index.php?rest_route=\/wp\/v2\/posts\/19147","targetHints":{"allow":["GET"]}}],"collection":[{"href":"https:\/\/www.ovg.org.br\/site\/index.php?rest_route=\/wp\/v2\/posts"}],"about":[{"href":"https:\/\/www.ovg.org.br\/site\/index.php?rest_route=\/wp\/v2\/types\/post"}],"author":[{"embeddable":true,"href":"https:\/\/www.ovg.org.br\/site\/index.php?rest_route=\/wp\/v2\/users\/8"}],"replies":[{"embeddable":true,"href":"https:\/\/www.ovg.org.br\/site\/index.php?rest_route=%2Fwp%2Fv2%2Fcomments&post=19147"}],"version-history":[{"count":2,"href":"https:\/\/www.ovg.org.br\/site\/index.php?rest_route=\/wp\/v2\/posts\/19147\/revisions"}],"predecessor-version":[{"id":19151,"href":"https:\/\/www.ovg.org.br\/site\/index.php?rest_route=\/wp\/v2\/posts\/19147\/revisions\/19151"}],"wp:featuredmedia":[{"embeddable":true,"href":"https:\/\/www.ovg.org.br\/site\/index.php?rest_route=\/wp\/v2\/media\/19148"}],"wp:attachment":[{"href":"https:\/\/www.ovg.org.br\/site\/index.php?rest_route=%2Fwp%2Fv2%2Fmedia&parent=19147"}],"wp:term":[{"taxonomy":"category","embeddable":true,"href":"https:\/\/www.ovg.org.br\/site\/index.php?rest_route=%2Fwp%2Fv2%2Fcategories&post=19147"},{"taxonomy":"post_tag","embeddable":true,"href":"https:\/\/www.ovg.org.br\/site\/index.php?rest_route=%2Fwp%2Fv2%2Ftags&post=19147"}],"curies":[{"name":"wp","href":"https:\/\/api.w.org\/{rel}","templated":true}]}}