{"id":1917,"date":"2020-11-09T17:07:16","date_gmt":"2020-11-09T19:07:16","guid":{"rendered":"http:\/\/www.ovg.org.br\/site\/?p=1917"},"modified":"2022-10-04T10:41:39","modified_gmt":"2022-10-04T13:41:39","slug":"bolsa-prorroga-prazo-para-contrapartida","status":"publish","type":"post","link":"https:\/\/www.ovg.org.br\/site\/?p=1917","title":{"rendered":"Bolsa prorroga prazo para contrapartida"},"content":{"rendered":"\n<p><strong><em>Elis\u00e2ngela Vieira Santos<\/em><\/strong><\/p>\n\n\n\n<p>&nbsp; &nbsp;A Bolsa Universit\u00e1ria prorrogou para o dia 14 de junho o prazo para os estudantes entregarem a contrapartida. Inicialmente, a data final estabelecida era 31 de maio. O programa tem hoje mais de 19 mil bolsistas em Goi\u00e1s, que estudam em 85 institui\u00e7\u00f5es de ensino superior.<\/p>\n\n\n\n<p>&nbsp; &nbsp;A dire\u00e7\u00e3o da Organiza\u00e7\u00e3o das Volunt\u00e1rias de Goi\u00e1s, a OVG, respons\u00e1vel pela Bolsa, decidiu aumentar o per\u00edodo porque os bancos de sangue n\u00e3o est\u00e3o conseguindo atender a demanda de bolsistas.<\/p>\n\n\n\n<p>&nbsp; &nbsp;Al\u00e9m disso, com a prorroga\u00e7\u00e3o, as organiza\u00e7\u00f5es parceiras do programa tamb\u00e9m ter\u00e3o mais tempo para se adaptar ao novo sistema de lan\u00e7amento dos pontos de contrapartida, o que vem provocando um atraso no processo.<\/p>\n\n\n\n<p>&nbsp; &nbsp;\u00c9 importante que os estudantes fiquem atentos a este novo prazo. Em julho acontecer\u00e1 a renova\u00e7\u00e3o do benef\u00edcio e, al\u00e9m de comprovar que ainda se enquadra nos crit\u00e9rios socioecon\u00f4micos para continuar no programa, o universit\u00e1rio tem que ter cumprido sua contrapartida.<\/p>\n\n\n\n<p>&nbsp; &nbsp;O bolsista pode escolher uma das 1320 organiza\u00e7\u00f5es parceiras da Bolsa Universit\u00e1ria para cumprir a contrapartida. \u201cAs op\u00e7\u00f5es dispon\u00edveis permitem que o aluno concilie a atividade com o trabalho e os estudos. A iniciativa contribui para o desenvolvimento do estudante, pois enriquece o curr\u00edculo e contribui para o seu crescimento pessoal\u201d, ressalta a diretora do programa, R\u00fabia Prado.<\/p>\n\n\n\n<p><strong>Assessoria de Comunica\u00e7\u00e3o e<\/strong><\/p>\n\n\n\n<p><strong>Marketing Institucional<\/strong><\/p>\n\n\n\n<p><strong>(62) 3201-9482<\/strong><\/p>\n\n\n\n<p><strong>www.ovg.org.br<\/strong><\/p>\n","protected":false},"excerpt":{"rendered":"<p>Elis\u00e2ngela Vieira Santos &nbsp; &nbsp;A Bolsa Universit\u00e1ria prorrogou para o dia 14 de junho o prazo para os estudantes entregarem a contrapartida. Inicialmente, a data final estabelecida era 31 de&hellip;<\/p>\n","protected":false},"author":8,"featured_media":1918,"comment_status":"closed","ping_status":"closed","sticky":false,"template":"","format":"standard","meta":{"_acf_changed":false,"footnotes":""},"categories":[1],"tags":[],"class_list":["post-1917","post","type-post","status-publish","format-standard","has-post-thumbnail","hentry","category-noticias-ovg"],"acf":[],"_links":{"self":[{"href":"https:\/\/www.ovg.org.br\/site\/index.php?rest_route=\/wp\/v2\/posts\/1917","targetHints":{"allow":["GET"]}}],"collection":[{"href":"https:\/\/www.ovg.org.br\/site\/index.php?rest_route=\/wp\/v2\/posts"}],"about":[{"href":"https:\/\/www.ovg.org.br\/site\/index.php?rest_route=\/wp\/v2\/types\/post"}],"author":[{"embeddable":true,"href":"https:\/\/www.ovg.org.br\/site\/index.php?rest_route=\/wp\/v2\/users\/8"}],"replies":[{"embeddable":true,"href":"https:\/\/www.ovg.org.br\/site\/index.php?rest_route=%2Fwp%2Fv2%2Fcomments&post=1917"}],"version-history":[{"count":1,"href":"https:\/\/www.ovg.org.br\/site\/index.php?rest_route=\/wp\/v2\/posts\/1917\/revisions"}],"predecessor-version":[{"id":1919,"href":"https:\/\/www.ovg.org.br\/site\/index.php?rest_route=\/wp\/v2\/posts\/1917\/revisions\/1919"}],"wp:featuredmedia":[{"embeddable":true,"href":"https:\/\/www.ovg.org.br\/site\/index.php?rest_route=\/wp\/v2\/media\/1918"}],"wp:attachment":[{"href":"https:\/\/www.ovg.org.br\/site\/index.php?rest_route=%2Fwp%2Fv2%2Fmedia&parent=1917"}],"wp:term":[{"taxonomy":"category","embeddable":true,"href":"https:\/\/www.ovg.org.br\/site\/index.php?rest_route=%2Fwp%2Fv2%2Fcategories&post=1917"},{"taxonomy":"post_tag","embeddable":true,"href":"https:\/\/www.ovg.org.br\/site\/index.php?rest_route=%2Fwp%2Fv2%2Ftags&post=1917"}],"curies":[{"name":"wp","href":"https:\/\/api.w.org\/{rel}","templated":true}]}}