{"id":19314,"date":"2023-11-06T17:20:12","date_gmt":"2023-11-06T20:20:12","guid":{"rendered":"https:\/\/www.ovg.org.br\/site\/?p=19314"},"modified":"2023-11-06T17:24:40","modified_gmt":"2023-11-06T20:24:40","slug":"estado-inicia-entregas-de-beneficios-da-operacao-goias-alerta-e-solidario","status":"publish","type":"post","link":"https:\/\/www.ovg.org.br\/site\/?p=19314","title":{"rendered":"Estado inicia entregas de benef\u00edcios da Opera\u00e7\u00e3o Goi\u00e1s Alerta e Solid\u00e1rio"},"content":{"rendered":"\n<p><\/p>\n\n\n\n<p class=\"has-text-align-center\"><em>Caminh\u00f5es carregados com benef\u00edcios sociais da Opera\u00e7\u00e3o Goi\u00e1s Alerta e Solid\u00e1rio seguem em dire\u00e7\u00e3o a munic\u00edpios da regi\u00e3o Norte do estado<\/em><\/p>\n\n\n\n<p><\/p>\n\n\n\n<p><strong>Elis\u00e2ngela Vieira<\/strong><\/p>\n\n\n\n<p>Um comboio humanit\u00e1rio da primeira etapa de entregas da Opera\u00e7\u00e3o Goi\u00e1s Alerta e Solid\u00e1rio 2023\/2024, do governo estadual, saiu de Goi\u00e2nia nesta segunda-feira (06\/11) com destino a regi\u00e3o Norte do estado. A partir desta ter\u00e7a-feira (07\/11), a iniciativa do Goi\u00e1s Social entregar\u00e1 quase 19 mil (18.903) benef\u00edcios sociais em 31 munic\u00edpios. O objetivo \u00e9 levar prote\u00e7\u00e3o e garantir a dignidade de fam\u00edlias em situa\u00e7\u00e3o de vulnerabilidade social que vivem em \u00e1reas de risco e podem ser atingidas por fortes chuvas, entre dezembro de 2023 e fevereiro de 2024, segundo o Centro de Informa\u00e7\u00f5es Meteorol\u00f3gicas e Hidrol\u00f3gicas do Estado de Goi\u00e1s (CimehGO).<\/p>\n\n\n\n<p>Nesta primeira etapa, dentro da Opera\u00e7\u00e3o, a Organiza\u00e7\u00e3o das Volunt\u00e1rias de Goi\u00e1s (OVG) entregar\u00e1 benef\u00edcios sociais a 1.140 fam\u00edlias que vivem em \u00e1reas de risco, segundo mapeamento feito em parceria com as prefeituras municipais, sendo 995 de zonas rurais e 145 de urbanas. Ser\u00e3o doados 7 mil pacotes do Mix do Bem (alimento de f\u00e1cil preparo, com arroz, prote\u00edna de soja, cenoura, tomate alho e cebola desidratados); 8.084 cobertores; 1.144 filtros de barro e 2.675 benef\u00edcios eventuais como cadeiras de rodas; bengalas; fraldas descart\u00e1veis; kits de enxovais para beb\u00eas e leite.<\/p>\n\n\n\n<p>A previs\u00e3o \u00e9 de que o trabalho seja conclu\u00eddo at\u00e9 o dia 25 de novembro. Para garantir uma log\u00edstica de mais agilidade e estabelecer uma reserva emergencial de itens para utiliza\u00e7\u00e3o imediata, foram montados sete pontos de apoio de estoque localizados em Campos Belos; Ceres; Goian\u00e9sia; Itabera\u00ed; Niquel\u00e2ndia; Planaltina e Posse. Os munic\u00edpios foram escolhidos pela localiza\u00e7\u00e3o estrat\u00e9gica.<\/p>\n\n\n\n<p>A primeira etapa de entregas de benef\u00edcios da Opera\u00e7\u00e3o Goi\u00e1s Alerta e Solid\u00e1rio 2023\/2024 beneficiar\u00e1 fam\u00edlias de Alto Para\u00edso de Goi\u00e1s, Campina\u00e7u, Carmo do Rio Verde, Cavalcante, Colinas do Sul, Flores de Goi\u00e1s, Formoso, Goian\u00e9sia, Guara\u00edta, Guarinos, Heitora\u00ed, Hidrolina, Itaguaru, Itapaci, Itapuranga, Niquel\u00e2ndia, Nova Am\u00e9rica, Padre Bernardo, Pilar de Goi\u00e1s, Planaltina, Posse, Rialma, Rian\u00e1polis, Rubiataba, Santa Isabel, S\u00e3o Jo\u00e3o D\u2019 Alian\u00e7a, S\u00e3o Luiz do Norte, S\u00e3o Patr\u00edcio, Teresina de Goi\u00e1s, Uruana e Vila Prop\u00edcio.<\/p>\n\n\n\n<p>\u201cAqui em Goi\u00e1s conseguimos montar essa a\u00e7\u00e3o preventiva para minimizar os problemas que podem vir. Estaremos mais uma vez a postos com uma estrutura preparada para atender as regi\u00f5es mais afetadas. Nossa miss\u00e3o \u00e9 salvar vidas e evitar trag\u00e9dias maiores\u201d, afirma a primeira-dama e coordenadora do Goi\u00e1s Social, Gracinha Caiado.<\/p>\n\n\n\n<p><\/p>\n\n\n\n<p><strong>Combate \u00e0s desprote\u00e7\u00f5es<\/strong><br><\/p>\n\n\n\n<p>A Opera\u00e7\u00e3o Goi\u00e1s Alerta e Solid\u00e1rio foi lan\u00e7ada pelo governador Ronaldo Caiado em outubro deste ano e segue os moldes do Nordeste Solid\u00e1rio, a\u00e7\u00e3o que atuou no combate \u00e0s desprote\u00e7\u00f5es dos munic\u00edpios atingidos pelas chuvas. Gra\u00e7as ao trabalho preventivo do Goi\u00e1s Social, houve uma redu\u00e7\u00e3o no n\u00famero de munic\u00edpios que decretaram situa\u00e7\u00e3o de emerg\u00eancia de 24, em 2021, para oito em 2022.<\/p>\n\n\n\n<p>A Opera\u00e7\u00e3o Goi\u00e1s Alerta e Solid\u00e1rio mobiliza diversas \u00e1reas do governo estadual e prev\u00ea a\u00e7\u00f5es preventivas, de socorro e de reconstru\u00e7\u00e3o. Al\u00e9m da entrega de benef\u00edcios, o plano de conting\u00eancia tamb\u00e9m prev\u00ea servi\u00e7os de recupera\u00e7\u00e3o e manuten\u00e7\u00e3o da malha asf\u00e1ltica; busca e salvamento com equipes de especialistas; entre outros.<\/p>\n\n\n\n<p><\/p>\n\n\n\n<p><strong>*Organiza\u00e7\u00e3o das Volunt\u00e1rias de Goi\u00e1s (OVG) \u2013 Governo de Goi\u00e1s<\/strong><\/p>\n","protected":false},"excerpt":{"rendered":"<p>Primeira etapa distribui quase 19 mil benef\u00edcios em 31 munic\u00edpios que podem ser afetados pelas fortes chuvas que v\u00e3o cair no estado. Ser\u00e3o contempladas 1.140 fam\u00edlias que vivem em \u00e1reas de risco das zonas rural e urbana<\/p>\n","protected":false},"author":4,"featured_media":19316,"comment_status":"closed","ping_status":"closed","sticky":false,"template":"","format":"standard","meta":{"_acf_changed":false,"footnotes":""},"categories":[1],"tags":[],"class_list":["post-19314","post","type-post","status-publish","format-standard","has-post-thumbnail","hentry","category-noticias-ovg"],"acf":[],"_links":{"self":[{"href":"https:\/\/www.ovg.org.br\/site\/index.php?rest_route=\/wp\/v2\/posts\/19314","targetHints":{"allow":["GET"]}}],"collection":[{"href":"https:\/\/www.ovg.org.br\/site\/index.php?rest_route=\/wp\/v2\/posts"}],"about":[{"href":"https:\/\/www.ovg.org.br\/site\/index.php?rest_route=\/wp\/v2\/types\/post"}],"author":[{"embeddable":true,"href":"https:\/\/www.ovg.org.br\/site\/index.php?rest_route=\/wp\/v2\/users\/4"}],"replies":[{"embeddable":true,"href":"https:\/\/www.ovg.org.br\/site\/index.php?rest_route=%2Fwp%2Fv2%2Fcomments&post=19314"}],"version-history":[{"count":4,"href":"https:\/\/www.ovg.org.br\/site\/index.php?rest_route=\/wp\/v2\/posts\/19314\/revisions"}],"predecessor-version":[{"id":19320,"href":"https:\/\/www.ovg.org.br\/site\/index.php?rest_route=\/wp\/v2\/posts\/19314\/revisions\/19320"}],"wp:featuredmedia":[{"embeddable":true,"href":"https:\/\/www.ovg.org.br\/site\/index.php?rest_route=\/wp\/v2\/media\/19316"}],"wp:attachment":[{"href":"https:\/\/www.ovg.org.br\/site\/index.php?rest_route=%2Fwp%2Fv2%2Fmedia&parent=19314"}],"wp:term":[{"taxonomy":"category","embeddable":true,"href":"https:\/\/www.ovg.org.br\/site\/index.php?rest_route=%2Fwp%2Fv2%2Fcategories&post=19314"},{"taxonomy":"post_tag","embeddable":true,"href":"https:\/\/www.ovg.org.br\/site\/index.php?rest_route=%2Fwp%2Fv2%2Ftags&post=19314"}],"curies":[{"name":"wp","href":"https:\/\/api.w.org\/{rel}","templated":true}]}}