{"id":19472,"date":"2023-11-16T08:54:04","date_gmt":"2023-11-16T11:54:04","guid":{"rendered":"https:\/\/www.ovg.org.br\/site\/?p=19472"},"modified":"2023-11-16T08:56:21","modified_gmt":"2023-11-16T11:56:21","slug":"ronaldo-e-gracinha-caiado-inauguram-natal-do-bem-no-centro-cultural-oscar-niemeyer-nesta-quinta","status":"publish","type":"post","link":"https:\/\/www.ovg.org.br\/site\/?p=19472","title":{"rendered":"Ronaldo e Gracinha Caiado inauguram Natal do Bem no Centro Cultural Oscar Niemeyer nesta quinta"},"content":{"rendered":"\n<p><strong>Elis\u00e2ngela Vieira<\/strong><\/p>\n\n\n\n<p>O governador Ronaldo Caiado e a coordenadora do Goi\u00e1s Social, primeira-dama Gracinha Caiado, inauguram nesta quinta-feira (16\/11), \u00e0s 18h30, o Natal do Bem da Organiza\u00e7\u00e3o das Volunt\u00e1rias de Goi\u00e1s (OVG), no Centro Cultural Oscar Niemeyer (CCON). Considerada a segunda maior celebra\u00e7\u00e3o natalina do pa\u00eds, a festa vai at\u00e9 06 de janeiro de 2024, com vasta programa\u00e7\u00e3o gratuita.<\/p>\n\n\n\n<p>Ser\u00e3o mais de 400 apresenta\u00e7\u00f5es culturais em um ambiente iluminado por dois milh\u00f5es de pontos de luz. A expectativa \u00e9 de que um milh\u00e3o de pessoas passem pelo local nos 52 dias de evento. Com entrada, estacionamento e atra\u00e7\u00f5es gratuitas, o espa\u00e7o estar\u00e1 aberto ao p\u00fablico de ter\u00e7a a sexta-feira, das 18h \u00e0s 23h, e s\u00e1bados, domingos e feriados, das 16h \u00e0s 23h.<\/p>\n\n\n\n<p>Na abertura, o p\u00fablico acompanhar\u00e1 a chegada do Papai Noel e assistir\u00e1 Cantata de Natal, com crian\u00e7as do Coro Infantil do Instituto Gustav Ritter, no Pal\u00e1cio da M\u00fasica. Ainda haver\u00e1 a inaugura\u00e7\u00e3o da decora\u00e7\u00e3o, proje\u00e7\u00e3o mapeada e Parada Natalina, com carros aleg\u00f3ricos e personagens que receber\u00e3o o p\u00fablico em um desfile entre as casas da Vila do Papai Noel. O evento conta ainda com a Vila Gastron\u00f4mica e a Vila dos Brinquedos. Haver\u00e1 distribui\u00e7\u00e3o de pipoca e algod\u00e3o doce.<\/p>\n\n\n\n<p><strong>Servi\u00e7o<\/strong><br>Assunto: Ronaldo e Gracinha Caiado inauguram Natal do Bem no Centro Cultural Oscar Niemeyer<br>Quando: Quinta-feira (16\/11), \u00e0s 18h30<br>Onde: Centro Cultural Oscar Niemeyer (CCON) \u2013 GO-020, Km 1, Ch\u00e1caras Alto da Gl\u00f3ria, Goi\u00e2nia (GO)<\/p>\n\n\n\n<p><\/p>\n\n\n\n<p><strong>Organiza\u00e7\u00e3o das Volunt\u00e1rias de Goi\u00e1s &#8211; Governo de Goi\u00e1s<\/strong><\/p>\n","protected":false},"excerpt":{"rendered":"<p>O governador Ronaldo Caiado e a coordenadora do Goi\u00e1s Social, primeira-dama Gracinha Caiado, inauguram nesta quinta-feira , \u00e0s 18h30, o Natal do Bem da OVG, no Centro Cultural Oscar Niemeyer <\/p>\n","protected":false},"author":4,"featured_media":19474,"comment_status":"closed","ping_status":"closed","sticky":false,"template":"","format":"standard","meta":{"_acf_changed":false,"footnotes":""},"categories":[1],"tags":[],"class_list":["post-19472","post","type-post","status-publish","format-standard","has-post-thumbnail","hentry","category-noticias-ovg"],"acf":[],"_links":{"self":[{"href":"https:\/\/www.ovg.org.br\/site\/index.php?rest_route=\/wp\/v2\/posts\/19472","targetHints":{"allow":["GET"]}}],"collection":[{"href":"https:\/\/www.ovg.org.br\/site\/index.php?rest_route=\/wp\/v2\/posts"}],"about":[{"href":"https:\/\/www.ovg.org.br\/site\/index.php?rest_route=\/wp\/v2\/types\/post"}],"author":[{"embeddable":true,"href":"https:\/\/www.ovg.org.br\/site\/index.php?rest_route=\/wp\/v2\/users\/4"}],"replies":[{"embeddable":true,"href":"https:\/\/www.ovg.org.br\/site\/index.php?rest_route=%2Fwp%2Fv2%2Fcomments&post=19472"}],"version-history":[{"count":4,"href":"https:\/\/www.ovg.org.br\/site\/index.php?rest_route=\/wp\/v2\/posts\/19472\/revisions"}],"predecessor-version":[{"id":19478,"href":"https:\/\/www.ovg.org.br\/site\/index.php?rest_route=\/wp\/v2\/posts\/19472\/revisions\/19478"}],"wp:featuredmedia":[{"embeddable":true,"href":"https:\/\/www.ovg.org.br\/site\/index.php?rest_route=\/wp\/v2\/media\/19474"}],"wp:attachment":[{"href":"https:\/\/www.ovg.org.br\/site\/index.php?rest_route=%2Fwp%2Fv2%2Fmedia&parent=19472"}],"wp:term":[{"taxonomy":"category","embeddable":true,"href":"https:\/\/www.ovg.org.br\/site\/index.php?rest_route=%2Fwp%2Fv2%2Fcategories&post=19472"},{"taxonomy":"post_tag","embeddable":true,"href":"https:\/\/www.ovg.org.br\/site\/index.php?rest_route=%2Fwp%2Fv2%2Ftags&post=19472"}],"curies":[{"name":"wp","href":"https:\/\/api.w.org\/{rel}","templated":true}]}}