{"id":19479,"date":"2023-11-16T13:04:49","date_gmt":"2023-11-16T16:04:49","guid":{"rendered":"https:\/\/www.ovg.org.br\/site\/?p=19479"},"modified":"2023-11-16T13:04:50","modified_gmt":"2023-11-16T16:04:50","slug":"operacao-goias-alerta-e-solidario-entrega-quase-20-mil-beneficios","status":"publish","type":"post","link":"https:\/\/www.ovg.org.br\/site\/?p=19479","title":{"rendered":"Opera\u00e7\u00e3o Goi\u00e1s Alerta e Solid\u00e1rio entrega quase 20 mil benef\u00edcios"},"content":{"rendered":"\n<p><strong>Lucas Dellamare<\/strong><\/p>\n\n\n\n<p>O Governo do Estado, por meio do Goi\u00e1s Social, concluiu nesta semana o envio de quase 20 mil donativos a munic\u00edpios das regi\u00f5es do Norte e Nordeste na Opera\u00e7\u00e3o Goi\u00e1s Alerta e Solid\u00e1rio. Ao todo, 1.140 fam\u00edlias em vulnerabilidade social que vivem em \u00e1reas de dif\u00edcil acesso foram visitadas por equipes da Organiza\u00e7\u00e3o das Volunt\u00e1rias de Goi\u00e1s (OVG) e Corpo de Bombeiros, e receberam donativos como filtros de barro para \u00e1gua, cobertores, fraldas descart\u00e1veis geri\u00e1tricas e infantis, al\u00e9m de pacotes do Mix do Bem, entre outros.<\/p>\n\n\n\n<p>De acordo com a presidente de honra da OVG e coordenadora do Goi\u00e1s Social, primeira-dama Gracinha Caiado, o objetivo da a\u00e7\u00e3o \u00e9 minimizar problemas que podem ocorrer em casos de grande volume de chuvas em um pequeno intervalo de tempo. \u201cNosso papel \u00e9 garantir a seguran\u00e7a e o bem-estar de quem mais precisa. Eu digo sempre que n\u00e3o \u00e9 necess\u00e1rio esperar que algo aconte\u00e7a para agir, pelo contr\u00e1rio, temos que nos antecipar e levar o quanto antes os donativos a essas fam\u00edlias, porque depois que vier a cheia, \u00e9 mais dif\u00edcil chegar\u201d, destaca.<\/p>\n\n\n\n<p>Nesta primeira etapa da opera\u00e7\u00e3o, o Goi\u00e1s Social alcan\u00e7ou 995 fam\u00edlias na zona rural e 145 fam\u00edlias em \u00e1reas urbanas consideradas de risco. As entregas, realizadas em parceria com as prefeituras e com o Corpo de Bombeiros, sa\u00edram de Goi\u00e2nia no dia 6 de novembro e chegaram a fam\u00edlias de 31 munic\u00edpios, entre elas a de Marly Pereira de Jesus, que vive na zona rural de Niquel\u00e2ndia, a 300 quil\u00f4metros de Goi\u00e2nia. Na casa dela vivem tr\u00eas pessoas, incluindo a m\u00e3e, acamada, de 89 anos.<\/p>\n\n\n\n<p>\u201cAqui onde a gente vive \u00e9 muito sossegado, mas a gente sabe tamb\u00e9m que \u00e9 longe da cidade, precisa passar por estrada de terra, porteiras\u2026 Quando chove ent\u00e3o, fica mais dif\u00edcil. Praticamente s\u00f3 passa se for de trator. S\u00f3 quem tem essa dificuldade de acesso sabe como \u00e9 importante essa a\u00e7\u00e3o, porque traz os alimentos pra gente, o cobertor e as fraldas que a minha m\u00e3e precisa, antes que apare\u00e7am os atoleiros\u201d, conta a idosa de 68 anos.<\/p>\n\n\n<div class=\"wp-block-image\">\n<figure class=\"aligncenter size-large\"><img loading=\"lazy\" decoding=\"async\" width=\"1024\" height=\"768\" src=\"https:\/\/www.ovg.org.br\/site\/wp-content\/uploads\/2023\/11\/WhatsApp-Image-2023-11-16-at-13.02.13-1024x768.jpeg\" alt=\"\" class=\"wp-image-19481\" srcset=\"https:\/\/www.ovg.org.br\/site\/wp-content\/uploads\/2023\/11\/WhatsApp-Image-2023-11-16-at-13.02.13-1024x768.jpeg 1024w, https:\/\/www.ovg.org.br\/site\/wp-content\/uploads\/2023\/11\/WhatsApp-Image-2023-11-16-at-13.02.13-300x225.jpeg 300w, https:\/\/www.ovg.org.br\/site\/wp-content\/uploads\/2023\/11\/WhatsApp-Image-2023-11-16-at-13.02.13-768x576.jpeg 768w, https:\/\/www.ovg.org.br\/site\/wp-content\/uploads\/2023\/11\/WhatsApp-Image-2023-11-16-at-13.02.13-1536x1152.jpeg 1536w, https:\/\/www.ovg.org.br\/site\/wp-content\/uploads\/2023\/11\/WhatsApp-Image-2023-11-16-at-13.02.13.jpeg 1600w\" sizes=\"auto, (max-width: 1024px) 100vw, 1024px\" \/><figcaption class=\"wp-element-caption\">Marly Pereira de Jesus, 68 anos, recebeu fraldas descart\u00e1veis para a m\u00e3e, de 89, entre outros itens; ela vive na zona rural de Niquel\u00e2ndia<\/figcaption><\/figure>\n<\/div>\n\n\n<p>Nestes nove dias da primeira etapa da Opera\u00e7\u00e3o Goi\u00e1s Alerta e Solid\u00e1rio, a OVG entregou benef\u00edcios em Alto Para\u00edso de Goi\u00e1s, Campina\u00e7u, Carmo do Rio Verde, Cavalcante, Colinas do Sul, Flores de Goi\u00e1s, Formoso, Goian\u00e9sia, Guara\u00edta, Guarinos, Heitora\u00ed, Hidrolina, Itaguaru, Itapaci, Itapuranga, Niquel\u00e2ndia, Nova Am\u00e9rica, Padre Bernardo, Pilar de Goi\u00e1s, Planaltina, Posse, Rialma, Rian\u00e1polis, Rubiataba, Santa Isabel, S\u00e3o Jo\u00e3o D\u2019 Alian\u00e7a, S\u00e3o Luiz do Norte, S\u00e3o Patr\u00edcio, Teresina de Goi\u00e1s, Uruana e Vila Prop\u00edcio.<\/p>\n\n\n\n<p><strong>A\u00e7\u00f5es<br><\/strong>A Opera\u00e7\u00e3o Goi\u00e1s Alerta e Solid\u00e1rio foi lan\u00e7ada pelo governador Ronaldo Caiado em outubro deste ano, mobilizando diversas \u00e1reas do governo estadual. Al\u00e9m da entrega de donativos, inclui a\u00e7\u00f5es preventivas, de socorro e de reconstru\u00e7\u00e3o, como recupera\u00e7\u00e3o e manuten\u00e7\u00e3o da malha asf\u00e1ltica; melhoria dos acessos a comunidades rurais; busca e salvamento com equipes de especialistas; entre outros.<\/p>\n\n\n\n<p><strong>Organiza\u00e7\u00e3o das Volunt\u00e1rias de Goi\u00e1s (OVG) \u2013 Governo de Goi\u00e1s<\/strong><\/p>\n","protected":false},"excerpt":{"rendered":"<p>A\u00e7\u00e3o do Goi\u00e1s Social distribui itens como filtros de barro, cobertores, fraldas descart\u00e1veis e pacotes do Mix do Bem para 1.140 fam\u00edlias<\/p>\n","protected":false},"author":8,"featured_media":19480,"comment_status":"closed","ping_status":"closed","sticky":false,"template":"","format":"standard","meta":{"_acf_changed":false,"footnotes":""},"categories":[1],"tags":[],"class_list":["post-19479","post","type-post","status-publish","format-standard","has-post-thumbnail","hentry","category-noticias-ovg"],"acf":[],"_links":{"self":[{"href":"https:\/\/www.ovg.org.br\/site\/index.php?rest_route=\/wp\/v2\/posts\/19479","targetHints":{"allow":["GET"]}}],"collection":[{"href":"https:\/\/www.ovg.org.br\/site\/index.php?rest_route=\/wp\/v2\/posts"}],"about":[{"href":"https:\/\/www.ovg.org.br\/site\/index.php?rest_route=\/wp\/v2\/types\/post"}],"author":[{"embeddable":true,"href":"https:\/\/www.ovg.org.br\/site\/index.php?rest_route=\/wp\/v2\/users\/8"}],"replies":[{"embeddable":true,"href":"https:\/\/www.ovg.org.br\/site\/index.php?rest_route=%2Fwp%2Fv2%2Fcomments&post=19479"}],"version-history":[{"count":2,"href":"https:\/\/www.ovg.org.br\/site\/index.php?rest_route=\/wp\/v2\/posts\/19479\/revisions"}],"predecessor-version":[{"id":19483,"href":"https:\/\/www.ovg.org.br\/site\/index.php?rest_route=\/wp\/v2\/posts\/19479\/revisions\/19483"}],"wp:featuredmedia":[{"embeddable":true,"href":"https:\/\/www.ovg.org.br\/site\/index.php?rest_route=\/wp\/v2\/media\/19480"}],"wp:attachment":[{"href":"https:\/\/www.ovg.org.br\/site\/index.php?rest_route=%2Fwp%2Fv2%2Fmedia&parent=19479"}],"wp:term":[{"taxonomy":"category","embeddable":true,"href":"https:\/\/www.ovg.org.br\/site\/index.php?rest_route=%2Fwp%2Fv2%2Fcategories&post=19479"},{"taxonomy":"post_tag","embeddable":true,"href":"https:\/\/www.ovg.org.br\/site\/index.php?rest_route=%2Fwp%2Fv2%2Ftags&post=19479"}],"curies":[{"name":"wp","href":"https:\/\/api.w.org\/{rel}","templated":true}]}}