{"id":19842,"date":"2023-12-18T08:34:50","date_gmt":"2023-12-18T11:34:50","guid":{"rendered":"https:\/\/www.ovg.org.br\/site\/?p=19842"},"modified":"2023-12-18T08:34:52","modified_gmt":"2023-12-18T11:34:52","slug":"natal-do-bem-faz-a-alegria-das-criancas-de-aparecida-com-mais-de-21-mil-brinquedos","status":"publish","type":"post","link":"https:\/\/www.ovg.org.br\/site\/?p=19842","title":{"rendered":"Natal do Bem faz a alegria das crian\u00e7as de Aparecida com mais de 21 mil brinquedos"},"content":{"rendered":"\n<p class=\"has-text-align-center\"><em>Gracinha Caiado celebra entrega de brinquedos em Aparecida de Goi\u00e2nia: \u201cPoder proporcionar essa magia do Natal \u00e0s fam\u00edlias goianas \u00e9 muito gratificante\u201d<\/em><\/p>\n\n\n\n<p>A manh\u00e3 deste domingo (17\/12) foi de festa para crian\u00e7as de Aparecida de Goi\u00e2nia, na Regi\u00e3o Metropolitana da capital, onde 21.408 brinquedos foram distribu\u00eddos pelo Natal do Bem. A iniciativa \u00e9 do Governo de Goi\u00e1s, por meio do Goi\u00e1s Social, que leva o encanto natalino, al\u00e9m de presentes como bolas, bonecas, carrinhos e kits de panelinhas, para todos os 246 munic\u00edpios goianos. A distribui\u00e7\u00e3o foi comandada pela coordenadora do Goi\u00e1s Social, primeira-dama Gracinha Caiado, tamb\u00e9m presidente de honra da Organiza\u00e7\u00e3o das Volunt\u00e1rias de Goi\u00e1s (OVG), ao lado do prefeito Vilmar Mariano.<\/p>\n\n\n\n<p>O palco da festa foi a Cidade Administrativa Maguito Vilela, sede da prefeitura municipal, que recebeu fam\u00edlias e crian\u00e7as de diversas idades. \u201cNenhum munic\u00edpio vai ficar de fora do Natal do Bem. Poder proporcionar essa magia do Natal \u00e0s fam\u00edlias goianas \u00e9 muito gratificante. Estamos hoje trazendo brinquedos de primeira, para crian\u00e7as que muitas vezes n\u00e3o t\u00eam a oportunidade de ganhar um presente\u201d, destacou Gracinha Caiado.<\/p>\n\n\n\n<p>A diarista Rose Dias da Silva e o servente de pedreiro Marcos Leite ficaram muito alegres com a boneca e o carrinho que os filhos Pietro e Isabelle ganharam durante o evento. \u201cAs crian\u00e7as ficaram muito felizes, pra gente que n\u00e3o tem a condi\u00e7\u00e3o financeira muito boa, ajuda bastante\u201d, comemorou Rose.<\/p>\n\n\n\n<p>Em 2023, o Estado investiu R$ 631 mil na aquisi\u00e7\u00e3o de brinquedos para crian\u00e7as aparecidenses. Entre 2019 e 2022, a cidade recebeu 91.505 brinquedos, adquiridos por um montante de cerca de R$ 1,5 milh\u00e3o.<\/p>\n\n\n\n<p>\u201cO prefeito de Aparecida, Vilmar Mariano, e a primeira-dama do munic\u00edpio, Sulnara Santana, t\u00eam sido parceiros em todas as a\u00e7\u00f5es de governo. Fiz quest\u00e3o de vir at\u00e9 aqui para dar meu muito obrigada e dizer que vamos continuar trabalhando juntos\u201d, afirmou Gracinha Caiado. Tamb\u00e9m estiveram presentes o deputado estadual Veter Martins, o ex-prefeito de Aparecida de Goi\u00e2nia, Gustavo Mendanha e a ex-primeira-dama Mayara Mendanha. \u201cHoje eu fa\u00e7o 57 anos, mas quem ganha o presente \u00e9 o povo de Aparecida com a vinda da Gracinha, trazendo essa festa para a cidade\u201d, celebrou Vilmar Mariano, que faz anivers\u00e1rio neste domingo.<\/p>\n\n\n\n<p>Emocionada por ver a felicidade dos filhos ao receberem os brinquedos, Patr\u00edcia Rodrigues dos Santos, 32 anos, fez quest\u00e3o de agradecer. \u201cN\u00e3o tem nada nesse mundo que pague a sensa\u00e7\u00e3o de ver a alegria dos filhos da gente. Eu n\u00e3o sei se teria condi\u00e7\u00f5es de dar um presente para cada um deles esse ano\u201d, contou a dona de casa.<\/p>\n\n\n\n<p>J\u00e1 Izadora Ribeiro de Souza, de 2 anos, ficou encantada n\u00e3o s\u00f3 por ter recebido o presente, mas por ter ganhado uma bonequinha de pele negra. \u201cParece comigo\u201d, disse a menina ao mostrar a bonequinha da OVG para a m\u00e3e, Lourina Pereira Ribeiro. Segundo ela, ter essa representatividade \u00e9 importante. \u201cVoc\u00eas est\u00e3o de parab\u00e9ns, essa \u00e9 a primeira boneca moreninha que minha filha recebe, pela alegria dela d\u00e1 pra ver o tanto que isso \u00e9 importante\u201d, disse.<\/p>\n\n\n\n<p><\/p>\n\n\n\n<p><strong>Atra\u00e7\u00f5es e n\u00fameros<\/strong><br>Promovido pelo Governo de Goi\u00e1s por meio do Goi\u00e1s Social e da OVG, o Natal do Bem leva alegria e esperan\u00e7a a crian\u00e7as goianas. Neste ano, 525 mil brinquedos foram adquiridos pelo estado e distribu\u00eddos em todos os 246 munic\u00edpios goianos, em parceira com as prefeituras. Desde 2019, esse n\u00famero chega a marca de 2,7 milh\u00f5es presentes de Natal.<\/p>\n\n\n\n<p>A grande festa, que \u00e9 realizada em duas etapas, sendo uma a distribui\u00e7\u00e3o de brinquedos e outra o evento natalino no Centro Cultural Oscar Niemeyer, em Goi\u00e2nia, j\u00e1 se tornou refer\u00eancia nacional por direcionar a aten\u00e7\u00e3o do poder p\u00fablico ao direito que as crian\u00e7as t\u00eam de brincar e de viver a magia do Natal.<\/p>\n\n\n\n<p>\u201cTudo que n\u00f3s fazemos, fazemos para que a vida das pessoas melhore. Com as a\u00e7\u00f5es do Goi\u00e1s Social e com a parceria que temos com os munic\u00edpios, conseguimos fazer com que tantos meninos e meninas possam viver momentos bonitos e marcantes da inf\u00e2ncia. Tenho certeza que daqui a muitos anos, se algu\u00e9m perguntar, muitas delas se lembrar\u00e3o com alegria do brinquedo que receberam hoje. \u00c9 isso que nos impulsiona a fazer cada vez mais\u201d, frisou Gracinha Caiado.<\/p>\n\n\n\n<p><\/p>\n\n\n\n<p><strong>Secretaria de Comunica\u00e7\u00e3o \u2013 Governo de Goi\u00e1s<\/strong><\/p>\n","protected":false},"excerpt":{"rendered":"<p>Coordenadora do Goi\u00e1s Social, primeira-dama Gracinha Caiado comanda entrega e destaca foco do Estado em levar o encanto natalino para crian\u00e7as em todos as cidades de Goi\u00e1s<\/p>\n","protected":false},"author":4,"featured_media":19843,"comment_status":"closed","ping_status":"closed","sticky":false,"template":"","format":"standard","meta":{"_acf_changed":false,"footnotes":""},"categories":[1],"tags":[],"class_list":["post-19842","post","type-post","status-publish","format-standard","has-post-thumbnail","hentry","category-noticias-ovg"],"acf":[],"_links":{"self":[{"href":"https:\/\/www.ovg.org.br\/site\/index.php?rest_route=\/wp\/v2\/posts\/19842","targetHints":{"allow":["GET"]}}],"collection":[{"href":"https:\/\/www.ovg.org.br\/site\/index.php?rest_route=\/wp\/v2\/posts"}],"about":[{"href":"https:\/\/www.ovg.org.br\/site\/index.php?rest_route=\/wp\/v2\/types\/post"}],"author":[{"embeddable":true,"href":"https:\/\/www.ovg.org.br\/site\/index.php?rest_route=\/wp\/v2\/users\/4"}],"replies":[{"embeddable":true,"href":"https:\/\/www.ovg.org.br\/site\/index.php?rest_route=%2Fwp%2Fv2%2Fcomments&post=19842"}],"version-history":[{"count":1,"href":"https:\/\/www.ovg.org.br\/site\/index.php?rest_route=\/wp\/v2\/posts\/19842\/revisions"}],"predecessor-version":[{"id":19844,"href":"https:\/\/www.ovg.org.br\/site\/index.php?rest_route=\/wp\/v2\/posts\/19842\/revisions\/19844"}],"wp:featuredmedia":[{"embeddable":true,"href":"https:\/\/www.ovg.org.br\/site\/index.php?rest_route=\/wp\/v2\/media\/19843"}],"wp:attachment":[{"href":"https:\/\/www.ovg.org.br\/site\/index.php?rest_route=%2Fwp%2Fv2%2Fmedia&parent=19842"}],"wp:term":[{"taxonomy":"category","embeddable":true,"href":"https:\/\/www.ovg.org.br\/site\/index.php?rest_route=%2Fwp%2Fv2%2Fcategories&post=19842"},{"taxonomy":"post_tag","embeddable":true,"href":"https:\/\/www.ovg.org.br\/site\/index.php?rest_route=%2Fwp%2Fv2%2Ftags&post=19842"}],"curies":[{"name":"wp","href":"https:\/\/api.w.org\/{rel}","templated":true}]}}