{"id":19847,"date":"2023-12-18T09:01:05","date_gmt":"2023-12-18T12:01:05","guid":{"rendered":"https:\/\/www.ovg.org.br\/site\/?p=19847"},"modified":"2023-12-18T09:24:35","modified_gmt":"2023-12-18T12:24:35","slug":"centro-de-idosos-vila-vida-recebe-apresentacao-voluntaria-do-cantor-marcelo-barra","status":"publish","type":"post","link":"https:\/\/www.ovg.org.br\/site\/?p=19847","title":{"rendered":"Centro de Idosos Vila Vida recebe apresenta\u00e7\u00e3o volunt\u00e1ria do cantor Marcelo Barra"},"content":{"rendered":"\n<p class=\"has-text-align-center\"><em> Show de Marcelo Barra animou festa de Natal da Vila Vida<\/em><\/p>\n\n\n\n<p><strong>Elis\u00e2ngela Vieira<\/strong><\/p>\n\n\n\n<p>Cerca de 200 idosos do Centro de Conviv\u00eancia Vila Vida, unidade atendida pelo Governo Estadual, por meio do Goi\u00e1s Social e da Organiza\u00e7\u00e3o das Volunt\u00e1rias de Goi\u00e1s (OVG), se reuniram para uma celebra\u00e7\u00e3o antecipada de Natal. A festa contou ainda com a apresenta\u00e7\u00e3o volunt\u00e1ria do cantor e compositor goiano Marcelo Barra, que faz parte da grande rede solid\u00e1ria de volunt\u00e1rios da OVG.<\/p>\n\n\n\n<p>\u201cAo longo do ano, n\u00e3o medimos esfor\u00e7os para garantir e aprimorar a qualidade de vida dos nossos queridos idosos. Nesse trabalho, contamos com o apoio de parceiros e volunt\u00e1rios que demostram uma dedica\u00e7\u00e3o que agrade\u00e7o de cora\u00e7\u00e3o\u201d, destaca a coordenadora do Goi\u00e1s Social e presidente de honra da OVG, primeira-dama Gracinha Caiado.<\/p>\n\n\n\n<p>Somente este ano, 2.675 pessoas foram capacitadas ao trabalho volunt\u00e1rio pela Organiza\u00e7\u00e3o. A entidade tamb\u00e9m promoveu 81 a\u00e7\u00f5es de voluntariado e parcerias sociais. \u201cSempre sou muito bem-vindo \u00e0 Vila Vida. E, hoje, \u00e9 especial. A m\u00fasica traz felicidade e sonho para essas pessoas t\u00e3o queridas, para essa nossa \u2018meninada&#8217;. Estar aqui \u00e9 um prazer\u201d, afirma Marcelo Barra.<\/p>\n\n\n\n<p>Al\u00e9m da apresenta\u00e7\u00e3o de voz e viol\u00e3o de Marcelo Barra, a festa teve bingo, com premia\u00e7\u00e3o para os vencedores, e um delicioso almo\u00e7o de confraterniza\u00e7\u00e3o. \u201cNatal \u00e9 uma data que emociona a todos e n\u00e3o \u00e9 diferente entre n\u00f3s que j\u00e1 chegamos na terceira idade. Adoro o Natal,\u201d disse a moradora da Vila Vida, Maria das Gra\u00e7as Duarte, de 74 anos.<\/p>\n\n\n\n<p><\/p>\n\n\n\n<p><\/p>\n\n\n\n<p><strong>Conforto e seguran\u00e7a<\/strong><br>Em mar\u00e7o de 2022, o Governo de Goi\u00e1s entregou a ampla reforma feita na Vila Vida. A obra trouxe mais conforto e seguran\u00e7a, al\u00e9m de um atendimento mais humanizado para os 30 moradores das Casas Lares e os cerca de 500 idosos mensalmente atendidos no Centro de Conviv\u00eancia e Fortalecimento de V\u00ednculos. Foi a primeira grande reforma da unidade inaugurada em mar\u00e7o de 1994. O investimento feito pelo Estado foi de R$, 1,3 milh\u00e3o.<\/p>\n\n\n\n<p>Al\u00e9m da Vila Vida, o Governo de Goi\u00e1s mant\u00e9m outras tr\u00eas institui\u00e7\u00f5es sociais de apoio a terceira idade, em Goi\u00e2nia: Centro de Idosos Sagrada Fam\u00edlia e os Espa\u00e7os Bem Viver I e II. Juntas, em 2023, as quatro unidades atenderam uma m\u00e9dia mensal de 1.467 pessoas.<\/p>\n\n\n\n<p>O Governo de Goi\u00e1s ainda presta apoio, via Goi\u00e1s Social e OVG, a 93 entidades sociais que cuidam de idosos em todo o Estado, sendo 80 Institui\u00e7\u00f5es de Longa Perman\u00eancia (ILPI). S\u00e3o feitos repasses de benef\u00edcios assistenciais como pacotes de fralda geri\u00e1trica descart\u00e1vel, colch\u00e3o caixa de ovo, bengalas, andadores, cadeira de rodas padr\u00e3o e higi\u00eanica e cobertores.<\/p>\n\n\n\n<p><\/p>\n\n\n\n<p><strong>Organiza\u00e7\u00e3o das Volunt\u00e1rias de Goi\u00e1s (OVG)<\/strong><\/p>\n","protected":false},"excerpt":{"rendered":"<p>Unidade atendida pelo Governo de Goi\u00e1s, por meio do Goi\u00e1s Social e da Organiza\u00e7\u00e3o das Volunt\u00e1rias de Goi\u00e1s (OVG), antecipou comemora\u00e7\u00e3o de Natal com participa\u00e7\u00e3o do artista goiano<\/p>\n","protected":false},"author":4,"featured_media":19848,"comment_status":"closed","ping_status":"closed","sticky":false,"template":"","format":"standard","meta":{"_acf_changed":false,"footnotes":""},"categories":[1],"tags":[],"class_list":["post-19847","post","type-post","status-publish","format-standard","has-post-thumbnail","hentry","category-noticias-ovg"],"acf":[],"_links":{"self":[{"href":"https:\/\/www.ovg.org.br\/site\/index.php?rest_route=\/wp\/v2\/posts\/19847","targetHints":{"allow":["GET"]}}],"collection":[{"href":"https:\/\/www.ovg.org.br\/site\/index.php?rest_route=\/wp\/v2\/posts"}],"about":[{"href":"https:\/\/www.ovg.org.br\/site\/index.php?rest_route=\/wp\/v2\/types\/post"}],"author":[{"embeddable":true,"href":"https:\/\/www.ovg.org.br\/site\/index.php?rest_route=\/wp\/v2\/users\/4"}],"replies":[{"embeddable":true,"href":"https:\/\/www.ovg.org.br\/site\/index.php?rest_route=%2Fwp%2Fv2%2Fcomments&post=19847"}],"version-history":[{"count":5,"href":"https:\/\/www.ovg.org.br\/site\/index.php?rest_route=\/wp\/v2\/posts\/19847\/revisions"}],"predecessor-version":[{"id":19853,"href":"https:\/\/www.ovg.org.br\/site\/index.php?rest_route=\/wp\/v2\/posts\/19847\/revisions\/19853"}],"wp:featuredmedia":[{"embeddable":true,"href":"https:\/\/www.ovg.org.br\/site\/index.php?rest_route=\/wp\/v2\/media\/19848"}],"wp:attachment":[{"href":"https:\/\/www.ovg.org.br\/site\/index.php?rest_route=%2Fwp%2Fv2%2Fmedia&parent=19847"}],"wp:term":[{"taxonomy":"category","embeddable":true,"href":"https:\/\/www.ovg.org.br\/site\/index.php?rest_route=%2Fwp%2Fv2%2Fcategories&post=19847"},{"taxonomy":"post_tag","embeddable":true,"href":"https:\/\/www.ovg.org.br\/site\/index.php?rest_route=%2Fwp%2Fv2%2Ftags&post=19847"}],"curies":[{"name":"wp","href":"https:\/\/api.w.org\/{rel}","templated":true}]}}