{"id":19928,"date":"2023-12-27T11:36:27","date_gmt":"2023-12-27T14:36:27","guid":{"rendered":"https:\/\/www.ovg.org.br\/site\/?p=19928"},"modified":"2025-06-03T15:07:13","modified_gmt":"2025-06-03T18:07:13","slug":"goias-social-e-ovg-promovem-cooperativismo-social-no-natal-do-bem","status":"publish","type":"post","link":"https:\/\/www.ovg.org.br\/site\/?p=19928","title":{"rendered":"Goi\u00e1s Social e OVG promovem cooperativismo social no Natal do Bem"},"content":{"rendered":"\n<p><strong>Lucas Dellamare<\/strong><\/p>\n\n\n\n<p>Ao realizar o maior evento natalino de cunho social do Brasil, o Governo do Estado, por meio do Goi\u00e1s Social e da Organiza\u00e7\u00e3o das Volunt\u00e1rias de Goi\u00e1s (OVG), deu in\u00edcio a um projeto de cooperativismo social, em parceria com o Sindicato e Organiza\u00e7\u00e3o das Cooperativas Brasileiras em Goi\u00e1s (Sistema OCB Goi\u00e1s), com o objetivo de gerar renda para as fam\u00edlias cooperadas e diminuir o impacto ambiental no Natal do Bem. A iniciativa selecionou uma cooperativa formada por 18 mulheres de Aparecida de Goi\u00e2nia que atua com coleta, separa\u00e7\u00e3o e venda de produtos recicl\u00e1veis para este trabalho. Desde o in\u00edcio do evento, realizado no Centro Cultural Oscar Niemeyer (CCON), quase 4 toneladas de res\u00edduos j\u00e1 foram coletados.<\/p>\n\n\n\n<p>Escolhida para a a\u00e7\u00e3o de cooperativismo social, a Cooperativa de Trabalho de Catadores de Material Recicl\u00e1vel Feminina de Aparecida de Goi\u00e2nia (Coorfap) tem atuado diariamente no Natal do Bem e contribu\u00eddo com a destina\u00e7\u00e3o correta dos res\u00edduos. Al\u00e9m disso, de acordo com a presidente de honra da OVG e coordenadora do Goi\u00e1s Social, primeira-dama Gracinha Caiado, elas tamb\u00e9m recebem remunera\u00e7\u00e3o pelo trabalho no evento, complementando a renda familiar.<\/p>\n\n\n\n<p>\u201c\u00c9 muito importante oferecermos \u00e0s pessoas a oportunidade de evolu\u00edrem sempre. Com essa a\u00e7\u00e3o, estamos ajudando essas mulheres a terem uma renda maior durante o Natal do Bem e tamb\u00e9m estamos oferecendo uma nova perspectiva para a cooperativa, para que tenham uma renda mais justa daqui pra frente em todos os eventos que participarem. Elas podem oferecer o servi\u00e7o de coleta e separa\u00e7\u00e3o, receberem por isso, e depois venderem esses materiais j\u00e1 selecionados, l\u00e1 na cooperativa\u201d, destaca Gracinha.<\/p>\n\n\n<div class=\"wp-block-image\">\n<figure class=\"aligncenter size-large\"><img loading=\"lazy\" decoding=\"async\" width=\"1024\" height=\"682\" src=\"https:\/\/www.ovg.org.br\/site\/wp-content\/uploads\/2023\/12\/WhatsApp-Image-2023-12-27-at-07.05.24-1024x682.jpeg\" alt=\"\" class=\"wp-image-19929\" srcset=\"https:\/\/www.ovg.org.br\/site\/wp-content\/uploads\/2023\/12\/WhatsApp-Image-2023-12-27-at-07.05.24-1024x682.jpeg 1024w, https:\/\/www.ovg.org.br\/site\/wp-content\/uploads\/2023\/12\/WhatsApp-Image-2023-12-27-at-07.05.24-300x200.jpeg 300w, https:\/\/www.ovg.org.br\/site\/wp-content\/uploads\/2023\/12\/WhatsApp-Image-2023-12-27-at-07.05.24-768x512.jpeg 768w, https:\/\/www.ovg.org.br\/site\/wp-content\/uploads\/2023\/12\/WhatsApp-Image-2023-12-27-at-07.05.24-1536x1023.jpeg 1536w, https:\/\/www.ovg.org.br\/site\/wp-content\/uploads\/2023\/12\/WhatsApp-Image-2023-12-27-at-07.05.24.jpeg 1600w\" sizes=\"auto, (max-width: 1024px) 100vw, 1024px\" \/><figcaption class=\"wp-element-caption\">Goi\u00e1s Social e OVG selecionam cooperativa de mulheres de Aparecida de Goi\u00e2nia para coleta, separa\u00e7\u00e3o e venda de res\u00edduos recicl\u00e1veis do Natal do Bem.<\/figcaption><\/figure>\n<\/div>\n\n\n<p><strong>Supera\u00e7\u00e3o<\/strong><br>Ao comentar sobre a marca de quase 4 toneladas de res\u00edduos selecionados e coletados no Natal do Bem, a presidente da Coorfap, Adriana dos Santos, se emocionou. Ela disse que esse n\u00famero representa uma vit\u00f3ria. \u201cMinha primeira experi\u00eancia com reciclagem foi no lix\u00e3o de Aparecida, h\u00e1 muitos anos. Era uma \u00e9poca muito sofrida na minha vida. Depois, migramos para a cooperativa e as coisas come\u00e7aram a melhorar. Mas, agora, eu posso dizer que foi uma vit\u00f3ria o que conseguimos aqui no Natal do Bem. Estamos tendo um retorno que nunca t\u00ednhamos tido, com certeza foi um divisor de \u00e1guas para n\u00f3s\u201d.<\/p>\n\n\n\n<p>Respons\u00e1vel pelo sustento familiar, Samara It\u00e1lia, de 28 anos, \u00e9 uma das 18 cooperadas sob a lideran\u00e7a de Adriana. Ela diz que toda sua renda vem do trabalho na cooperativa e que, no Natal do Bem, teve uma experi\u00eancia que a surpreendeu. \u201cAqui, pela primeira vez, estamos recebendo di\u00e1ria pelo nosso trabalho. Com esse pagamento, mais o que arrecadarmos com a venda dos res\u00edduos, a melhora na nossa renda \u00e9 significativa. Eu posso dizer que \u00e9 o Natal do Bem que vai garantir o Natal na minha casa\u201d.<\/p>\n\n\n\n<p>Respons\u00e1vel t\u00e9cnica pela Gest\u00e3o de Res\u00edduos da OVG, Rosiane Goulart acompanhou de perto a sele\u00e7\u00e3o da cooperativa. Segundo ela, o objetivo desde o in\u00edcio era diminuir o impacto ambiental do evento, mas sem perder o vi\u00e9s social que caracteriza as a\u00e7\u00f5es do Governo de Goi\u00e1s. \u201cQuando h\u00e1 um evento com a propor\u00e7\u00e3o do Natal do Bem, precisamos ter, al\u00e9m da responsabilidade social, a responsabilidade ambiental. Foi pensando nessas duas vertentes que buscamos uma cooperativa que auxiliasse na segrega\u00e7\u00e3o dos materiais recicl\u00e1veis e que, ao mesmo tempo, gerasse renda para essas pessoas que tanto precisam. Com esses quase 4 mil quilos de res\u00edduos que j\u00e1 foram selecionados at\u00e9 agora, podemos dizer que a iniciativa \u00e9 um grande sucesso\u201d.<\/p>\n\n\n\n<p><strong>Natal do Bem<\/strong><br>Promovido pelo Governo de Goi\u00e1s, por meio do Goi\u00e1s Social e da OVG, o Natal do Bem leva alegria e esperan\u00e7a a crian\u00e7as goianas. A grande festa \u00e9 realizada em duas etapas: uma com a distribui\u00e7\u00e3o de mais de 525 mil brinquedos em todos os 246 munic\u00edpios goianos, e outra o evento natalino no Centro Cultural Oscar Niemeyer, em Goi\u00e2nia, que vai at\u00e9 o dia 6 de janeiro e j\u00e1 recebeu mais de 880 mil pessoas.<\/p>\n\n\n\n<p>\u201cO Natal do Bem j\u00e1 se tornou refer\u00eancia por direcionar a aten\u00e7\u00e3o do poder p\u00fablico ao direito que as crian\u00e7as t\u00eam de brincar e de viver a magia do Natal. \u00c9 gratificante ver que em Goi\u00e1s temos o maior programa social do Brasil, que alcan\u00e7a fam\u00edlias inteiras e que n\u00e3o deixa ningu\u00e9m para tr\u00e1s\u201d, frisa Gracinha Caiado.<\/p>\n\n\n\n<p><strong>Organiza\u00e7\u00e3o das Volunt\u00e1rias de Goi\u00e1s (OVG) &#8211; Governo de Goi\u00e1s<\/strong><\/p>\n","protected":false},"excerpt":{"rendered":"<p>Iniciativa selecionou uma cooperativa de mulheres de Aparecida de Goi\u00e2nia para recolher e tratar os res\u00edduos recicl\u00e1veis do evento, gerando renda para as fam\u00edlias e diminuindo o impacto ambiental<\/p>\n","protected":false},"author":8,"featured_media":19930,"comment_status":"closed","ping_status":"closed","sticky":false,"template":"","format":"standard","meta":{"_acf_changed":false,"footnotes":""},"categories":[1],"tags":[],"class_list":["post-19928","post","type-post","status-publish","format-standard","has-post-thumbnail","hentry","category-noticias-ovg"],"acf":[],"_links":{"self":[{"href":"https:\/\/www.ovg.org.br\/site\/index.php?rest_route=\/wp\/v2\/posts\/19928","targetHints":{"allow":["GET"]}}],"collection":[{"href":"https:\/\/www.ovg.org.br\/site\/index.php?rest_route=\/wp\/v2\/posts"}],"about":[{"href":"https:\/\/www.ovg.org.br\/site\/index.php?rest_route=\/wp\/v2\/types\/post"}],"author":[{"embeddable":true,"href":"https:\/\/www.ovg.org.br\/site\/index.php?rest_route=\/wp\/v2\/users\/8"}],"replies":[{"embeddable":true,"href":"https:\/\/www.ovg.org.br\/site\/index.php?rest_route=%2Fwp%2Fv2%2Fcomments&post=19928"}],"version-history":[{"count":4,"href":"https:\/\/www.ovg.org.br\/site\/index.php?rest_route=\/wp\/v2\/posts\/19928\/revisions"}],"predecessor-version":[{"id":19934,"href":"https:\/\/www.ovg.org.br\/site\/index.php?rest_route=\/wp\/v2\/posts\/19928\/revisions\/19934"}],"wp:featuredmedia":[{"embeddable":true,"href":"https:\/\/www.ovg.org.br\/site\/index.php?rest_route=\/wp\/v2\/media\/19930"}],"wp:attachment":[{"href":"https:\/\/www.ovg.org.br\/site\/index.php?rest_route=%2Fwp%2Fv2%2Fmedia&parent=19928"}],"wp:term":[{"taxonomy":"category","embeddable":true,"href":"https:\/\/www.ovg.org.br\/site\/index.php?rest_route=%2Fwp%2Fv2%2Fcategories&post=19928"},{"taxonomy":"post_tag","embeddable":true,"href":"https:\/\/www.ovg.org.br\/site\/index.php?rest_route=%2Fwp%2Fv2%2Ftags&post=19928"}],"curies":[{"name":"wp","href":"https:\/\/api.w.org\/{rel}","templated":true}]}}