{"id":20462,"date":"2024-02-05T16:43:17","date_gmt":"2024-02-05T19:43:17","guid":{"rendered":"https:\/\/www.ovg.org.br\/site\/?p=20462"},"modified":"2024-02-06T09:24:22","modified_gmt":"2024-02-06T12:24:22","slug":"em-clima-de-festa-idosos-atendidos-pelo-goias-social-confeccionam-aderecos-para-o-carnaval","status":"publish","type":"post","link":"https:\/\/www.ovg.org.br\/site\/?p=20462","title":{"rendered":"Em clima de festa, idosos atendidos pelo Goi\u00e1s Social confeccionam adere\u00e7os para o Carnaval"},"content":{"rendered":"\n<p class=\"has-text-align-center\"><\/p>\n\n\n\n<p><strong>Elis\u00e2ngela Vieira<\/strong><\/p>\n\n\n\n<p>Idosos do Centro de Idosos Vila Vida, unidade do Governo de Goi\u00e1s que fica em Goi\u00e2nia e presta apoio e assist\u00eancia \u00e0 terceira idade, j\u00e1 entraram no ritmo do Carnaval. Em clima de harmonia e descontra\u00e7\u00e3o, eles confeccionaram m\u00e1scaras, colares havaianos, chap\u00e9us, la\u00e7os e outros adere\u00e7os para usarem no Carnaval da Melhor Idade, marcado para o dia 09 de fevereiro, a partir das 8h30, no local.<\/p>\n\n\n\n<p>A oficina de produ\u00e7\u00e3o dos adere\u00e7os soma-se a outras atividades que s\u00e3o oferecidas gratuitamente pela unidade atendida pelo Goi\u00e1s Social, por meio da Organiza\u00e7\u00e3o das Volunt\u00e1rias de Goi\u00e1s (OVG), como hidrogin\u00e1stica, pilates, dan\u00e7a, inclus\u00e3o digital, artesanato, musicoterapia e cozinha terap\u00eautica. As a\u00e7\u00f5es visam agregar, socializar e valorizar a autoestima dos idosos, al\u00e9m de promover uma melhor qualidade de vida.<\/p>\n\n\n\n<p>Aos 66 anos, Maria Aparecida Narciso da Silva, frequentadora do Centro de Conviv\u00eancia e Fortalecimento de V\u00ednculos, era uma das mais animadas na oficina. A aposentada confeccionou o colar havaiano que pretende usar no Carnaval da Vila Vida. \u201cPara mim, \u00e9 uma divers\u00e3o sem igual. Nossa turminha de 60 anos ou mais \u00e9 muito animada. \u00c9 muito bom\u201d, diz.<\/p>\n\n\n\n<figure class=\"wp-block-image size-large\"><img loading=\"lazy\" decoding=\"async\" width=\"1024\" height=\"722\" src=\"https:\/\/www.ovg.org.br\/site\/wp-content\/uploads\/2024\/02\/WhatsApp-Image-2024-02-05-at-16.26.53-1-1024x722.jpeg\" alt=\"\" class=\"wp-image-20465\" srcset=\"https:\/\/www.ovg.org.br\/site\/wp-content\/uploads\/2024\/02\/WhatsApp-Image-2024-02-05-at-16.26.53-1-1024x722.jpeg 1024w, https:\/\/www.ovg.org.br\/site\/wp-content\/uploads\/2024\/02\/WhatsApp-Image-2024-02-05-at-16.26.53-1-300x211.jpeg 300w, https:\/\/www.ovg.org.br\/site\/wp-content\/uploads\/2024\/02\/WhatsApp-Image-2024-02-05-at-16.26.53-1-768x541.jpeg 768w, https:\/\/www.ovg.org.br\/site\/wp-content\/uploads\/2024\/02\/WhatsApp-Image-2024-02-05-at-16.26.53-1.jpeg 1392w\" sizes=\"auto, (max-width: 1024px) 100vw, 1024px\" \/><\/figure>\n\n\n\n<p class=\"has-text-align-center\">Arminda Fonseca Menezes est\u00e1 na expectativa para a folia<\/p>\n\n\n\n<p>J\u00e1 Arminda Fonseca de Menezes, 72 anos, est\u00e1 na expectativa para participar do bloco \u201cAlegria N\u00e3o Tem Idade\u201d, atra\u00e7\u00e3o das comemora\u00e7\u00f5es carnavalescas no local. Moradora da unidade, ela diz que a confec\u00e7\u00e3o dos adere\u00e7os faz parte da festa. \u201cEstou amando tudo isso. A anima\u00e7\u00e3o, a possibilidade de interagir com amigos. Aqui somos uma fam\u00edlia, nos respeitamos, apoiamos e curtimos juntos\u201d, garante.<\/p>\n\n\n\n<p>Todas as demais unidades da OVG voltadas para a terceira idade contam com celebra\u00e7\u00f5es de Carnaval essa semana. No Espa\u00e7o Bem Viver II, a festa \u00e9 nesta ter\u00e7a-feira (06\/02), \u00e0s 10h. Na quarta-feira (07\/02), a folia acontece no Espa\u00e7o Bem Viver I, \u00e0s 9h. J\u00e1 na quinta-feira (08\/02), tem Carnaval marcado no Centro de Idosos Sagrada Fam\u00edlia, a partir das 14h30.<\/p>\n\n\n\n<p><strong>Valoriza\u00e7\u00e3o<br><\/strong>Segundo a presidente de honra da Organiza\u00e7\u00e3o das Volunt\u00e1rias de Goi\u00e1s e coordenadora do Goi\u00e1s Social, primeira-dama Gracinha Caiado, em 2023, as quatro unidades voltadas para atendimento ao idoso atenderam uma m\u00e9dia mensal de 1.577 pessoas. Todas as a\u00e7\u00f5es feitas nos locais s\u00e3o pensadas para acolher o p\u00fablico com mais cidadania e dignidade. \u201cO lazer \u00e9 fundamental para a qualidade de vida e bem estar dos idosos atendidos de pela OVG e o Carnaval, com certeza, \u00e9 um momento de festa que j\u00e1 virou tradi\u00e7\u00e3o em nossas unidades.\u201d<\/p>\n\n\n\n<p><strong>Organiza\u00e7\u00e3o das Volunt\u00e1rias de Goi\u00e1s &#8211; Governo de Goi\u00e1s<\/strong><\/p>\n","protected":false},"excerpt":{"rendered":"<p>Oficina de produ\u00e7\u00e3o de adere\u00e7os soma-se a outras atividades gratuitas oferecidas pela unidade e visam promover a socializa\u00e7\u00e3o, valorizar a autoestima dos idosos, al\u00e9m de proporcionar maior qualidade de vida<\/p>\n","protected":false},"author":8,"featured_media":20464,"comment_status":"closed","ping_status":"closed","sticky":false,"template":"","format":"standard","meta":{"_acf_changed":false,"footnotes":""},"categories":[1],"tags":[],"class_list":["post-20462","post","type-post","status-publish","format-standard","has-post-thumbnail","hentry","category-noticias-ovg"],"acf":[],"_links":{"self":[{"href":"https:\/\/www.ovg.org.br\/site\/index.php?rest_route=\/wp\/v2\/posts\/20462","targetHints":{"allow":["GET"]}}],"collection":[{"href":"https:\/\/www.ovg.org.br\/site\/index.php?rest_route=\/wp\/v2\/posts"}],"about":[{"href":"https:\/\/www.ovg.org.br\/site\/index.php?rest_route=\/wp\/v2\/types\/post"}],"author":[{"embeddable":true,"href":"https:\/\/www.ovg.org.br\/site\/index.php?rest_route=\/wp\/v2\/users\/8"}],"replies":[{"embeddable":true,"href":"https:\/\/www.ovg.org.br\/site\/index.php?rest_route=%2Fwp%2Fv2%2Fcomments&post=20462"}],"version-history":[{"count":7,"href":"https:\/\/www.ovg.org.br\/site\/index.php?rest_route=\/wp\/v2\/posts\/20462\/revisions"}],"predecessor-version":[{"id":20488,"href":"https:\/\/www.ovg.org.br\/site\/index.php?rest_route=\/wp\/v2\/posts\/20462\/revisions\/20488"}],"wp:featuredmedia":[{"embeddable":true,"href":"https:\/\/www.ovg.org.br\/site\/index.php?rest_route=\/wp\/v2\/media\/20464"}],"wp:attachment":[{"href":"https:\/\/www.ovg.org.br\/site\/index.php?rest_route=%2Fwp%2Fv2%2Fmedia&parent=20462"}],"wp:term":[{"taxonomy":"category","embeddable":true,"href":"https:\/\/www.ovg.org.br\/site\/index.php?rest_route=%2Fwp%2Fv2%2Fcategories&post=20462"},{"taxonomy":"post_tag","embeddable":true,"href":"https:\/\/www.ovg.org.br\/site\/index.php?rest_route=%2Fwp%2Fv2%2Ftags&post=20462"}],"curies":[{"name":"wp","href":"https:\/\/api.w.org\/{rel}","templated":true}]}}