{"id":20722,"date":"2024-02-26T08:26:42","date_gmt":"2024-02-26T11:26:42","guid":{"rendered":"https:\/\/www.ovg.org.br\/site\/?p=20722"},"modified":"2024-02-26T08:29:44","modified_gmt":"2024-02-26T11:29:44","slug":"goias-social-ovg-fornece-malhas-compressivas-para-vitimas-de-queimaduras","status":"publish","type":"post","link":"https:\/\/www.ovg.org.br\/site\/?p=20722","title":{"rendered":"Goi\u00e1s Social: OVG fornece malhas compressivas para v\u00edtimas de queimaduras"},"content":{"rendered":"\n<p class=\"has-text-align-center\"><em>V\u00edtima de um acidente dom\u00e9stico com gasolina, Nelcilene da Silva teve 75% do corpo queimado. Sem condi\u00e7\u00f5es de trabalhar, ela ganhou as pe\u00e7as de malha compressiva, via Goi\u00e1s Social<\/em><\/p>\n\n\n\n<p><strong>Elis\u00e2ngela Vieira<\/strong><\/p>\n\n\n\n<p>O Governo do Estado, por meio do Goi\u00e1s Social, oferece apoio para auxiliar na recupera\u00e7\u00e3o de v\u00edtimas de queimaduras. A Organiza\u00e7\u00e3o das Volunt\u00e1rias de Goi\u00e1s (OVG) realiza a confec\u00e7\u00e3o e doa\u00e7\u00e3o de malhas compressivas e tem atendido crian\u00e7as e adultos em situa\u00e7\u00e3o de vulnerabilidade social dos 246 munic\u00edpios goianos, al\u00e9m de outros estados, como Tocantins, Maranh\u00e3o, Cear\u00e1 e Par\u00e1.<\/p>\n\n\n\n<p>De 2019 para c\u00e1, o n\u00famero de pe\u00e7as doadas pela OVG cresceu em 35%. As malhas compressivas s\u00e3o de fundamental import\u00e2ncia na recupera\u00e7\u00e3o das v\u00edtimas de queimaduras, pois funcionam na preven\u00e7\u00e3o e tratamento de cicatrizes hipertr\u00f3ficas e queloides, que podem provocar sequelas. As pe\u00e7as, que n\u00e3o s\u00e3o fornecidas pelo Sistema \u00danico de Sa\u00fade (SUS) e podem custar a partir de R$ 300, s\u00e3o oferecidas gratuitamente pelo Governo de Goi\u00e1s.<\/p>\n\n\n\n<p>Cada v\u00edtima de queimadura atendida pela OVG recebe duas unidades de malhas sob medida. \u201cTrabalhamos de forma a promover o bem-estar, a humaniza\u00e7\u00e3o e a qualidade de vida de todos aqueles que mais precisam, inclusive v\u00edtimas de queimadura\u201d, afirma a presidente de honra da OVG e coordenadora do Goi\u00e1s Social, primeira-dama Gracinha Caiado, que acrescenta: \u201cGoi\u00e1s tem o diferencial de prestar um atendimento humano aos que mais precisam\u201d.<\/p>\n\n\n\n<p>As v\u00edtimas de queimaduras atendidas pela OVG s\u00e3o encaminhadas pela Unidade Especializada para V\u00edtimas de Queimaduras do Hospital de Urg\u00eancias Governador Ot\u00e1vio Lage (Hugol), hospitais de Queimaduras de Goi\u00e2nia e An\u00e1polis, al\u00e9m do Hospital Regional da Asa Norte (HRAN), que fica em Bras\u00edlia e encaminha principalmente v\u00edtimas de queimaduras dos munic\u00edpios de Santo Ant\u00f4nio do Descoberto, Luzi\u00e2nia, \u00c1guas Lindas e Valpara\u00edso de Goi\u00e1s. S\u00e3o pessoas que n\u00e3o t\u00eam condi\u00e7\u00f5es financeiras para comprar a malha compressiva e que fazem o tratamento via rede estadual de sa\u00fade.<\/p>\n\n\n\n<p>V\u00edtima de um acidente dom\u00e9stico com gasolina, Nelcilene da Silva, 40 anos, teve 75% do corpo queimados. Aut\u00f4noma, ela est\u00e1 sem condi\u00e7\u00f5es de trabalhar e de comprar as v\u00e1rias pe\u00e7as de malhas compressivas para fazer o tratamento. \u201cSe n\u00e3o fosse essa ajuda, nem sei como seria. Cheguei a olhar o pre\u00e7o de algumas malhas compressivas e s\u00e3o muito caras. Estou sem renda, n\u00e3o poderia comprar. Estou muito grata. Antes de come\u00e7ar a usar a malha, eu estava com queloides. Agora, j\u00e1 reduziu bastante\u201d, relata.<\/p>\n\n\n\n<p>A servidora p\u00fablica municipal Fl\u00e1via Carvalho Loures conta do al\u00edvio que sentiu em saber que poderia ganhar do Governo de Goi\u00e1s a malha compressiva para o filho Heitor Loures, de 5 anos. O menino foi v\u00edtima de um acidente dom\u00e9stico, que causou queimadura de terceiro grau no p\u00e9 esquerdo. \u201cFomos prontamente atendidos pela OVG. A situa\u00e7\u00e3o n\u00e3o est\u00e1 f\u00e1cil. Sem essa ajuda, meu filho n\u00e3o poderia dar continuidade ao tratamento do p\u00e9 e ter a oportunidade de se curar totalmente\u201d, afirma.<\/p>\n\n\n\n<p><strong>Benef\u00edcio<\/strong><br>Para ganhar a malha compressiva, as v\u00edtimas de queimaduras precisam apresentar documentos pessoais e receita m\u00e9dica e de um fisioterapeuta com todas as especifica\u00e7\u00f5es para que a pe\u00e7a seja feita sob medida.<\/p>\n\n\n\n<p>Mensalmente, a Organiza\u00e7\u00e3o atende cerca de 30 pessoas que est\u00e3o em busca da confec\u00e7\u00e3o da primeira pe\u00e7a. Al\u00e9m de fabricar a malha compressiva no prazo de at\u00e9 15 dias, caso seja necess\u00e1rio, a OVG tamb\u00e9m realiza ajustes e trocas de pe\u00e7as desgastadas. S\u00f3 no primeiro m\u00eas de 2024, 95 pessoas foram atendidas. A grande maioria dos acolhidos s\u00e3o v\u00edtimas de choques el\u00e9tricos, acidentes de tr\u00e2nsito e tentativas de homic\u00eddio e feminic\u00eddio.<\/p>\n\n\n\n<p><\/p>\n\n\n\n<p><strong>Organiza\u00e7\u00e3o das Volunt\u00e1rias de Goi\u00e1s (OVG) &#8211; Governo de Goi\u00e1s<\/strong><\/p>\n","protected":false},"excerpt":{"rendered":"<p>Atendimento tem beneficiado crian\u00e7as e adultos em situa\u00e7\u00e3o de vulnerabilidade social dos 246 munic\u00edpios goianos e at\u00e9 de outros estados<\/p>\n","protected":false},"author":4,"featured_media":20723,"comment_status":"closed","ping_status":"closed","sticky":false,"template":"","format":"standard","meta":{"_acf_changed":false,"footnotes":""},"categories":[1],"tags":[],"class_list":["post-20722","post","type-post","status-publish","format-standard","has-post-thumbnail","hentry","category-noticias-ovg"],"acf":[],"_links":{"self":[{"href":"https:\/\/www.ovg.org.br\/site\/index.php?rest_route=\/wp\/v2\/posts\/20722","targetHints":{"allow":["GET"]}}],"collection":[{"href":"https:\/\/www.ovg.org.br\/site\/index.php?rest_route=\/wp\/v2\/posts"}],"about":[{"href":"https:\/\/www.ovg.org.br\/site\/index.php?rest_route=\/wp\/v2\/types\/post"}],"author":[{"embeddable":true,"href":"https:\/\/www.ovg.org.br\/site\/index.php?rest_route=\/wp\/v2\/users\/4"}],"replies":[{"embeddable":true,"href":"https:\/\/www.ovg.org.br\/site\/index.php?rest_route=%2Fwp%2Fv2%2Fcomments&post=20722"}],"version-history":[{"count":2,"href":"https:\/\/www.ovg.org.br\/site\/index.php?rest_route=\/wp\/v2\/posts\/20722\/revisions"}],"predecessor-version":[{"id":20725,"href":"https:\/\/www.ovg.org.br\/site\/index.php?rest_route=\/wp\/v2\/posts\/20722\/revisions\/20725"}],"wp:featuredmedia":[{"embeddable":true,"href":"https:\/\/www.ovg.org.br\/site\/index.php?rest_route=\/wp\/v2\/media\/20723"}],"wp:attachment":[{"href":"https:\/\/www.ovg.org.br\/site\/index.php?rest_route=%2Fwp%2Fv2%2Fmedia&parent=20722"}],"wp:term":[{"taxonomy":"category","embeddable":true,"href":"https:\/\/www.ovg.org.br\/site\/index.php?rest_route=%2Fwp%2Fv2%2Fcategories&post=20722"},{"taxonomy":"post_tag","embeddable":true,"href":"https:\/\/www.ovg.org.br\/site\/index.php?rest_route=%2Fwp%2Fv2%2Ftags&post=20722"}],"curies":[{"name":"wp","href":"https:\/\/api.w.org\/{rel}","templated":true}]}}