{"id":21087,"date":"2024-04-04T08:21:16","date_gmt":"2024-04-04T11:21:16","guid":{"rendered":"https:\/\/www.ovg.org.br\/site\/?p=21087"},"modified":"2024-04-04T08:23:38","modified_gmt":"2024-04-04T11:23:38","slug":"gracinha-e-caiado-apontam-parceria-entre-estado-e-municipios-para-fortalecimento-da-assistencia-social","status":"publish","type":"post","link":"https:\/\/www.ovg.org.br\/site\/?p=21087","title":{"rendered":"Gracinha e Caiado apontam parceria entre Estado e munic\u00edpios para fortalecimento da assist\u00eancia social"},"content":{"rendered":"\n<p class=\"has-text-align-center\">Coordenadora do Goi\u00e1s Social, Gracinha Caiado, e o governador Ronaldo Caiado presidem encontro com mais de mil lideran\u00e7as da \u00e1rea social de 200 munic\u00edpios<\/p>\n\n\n\n<p>Para fortalecer as parcerias do Estado com os munic\u00edpios e estimular a pol\u00edtica de assist\u00eancia social em Goi\u00e1s, a primeira-dama e coordenadora do Goi\u00e1s Social, Gracinha Caiado, presidiu nesta quarta-feira (03\/04), acompanhada do governador Ronaldo Caiado, o 3\u00ba Encontro de Primeiras-damas de Goi\u00e1s. Centenas de lideran\u00e7as municipais participaram do evento, no Espa\u00e7o Dois Ip\u00eas, no Clube Ja\u00f3, em Goi\u00e2nia.<\/p>\n\n\n\n<p>\u201cHoje, estado e prefeituras s\u00e3o parceiros em v\u00e1rias \u00e1reas e seguimos dando exemplo e mostrando o poder de trabalho com foco em resultados e na emancipa\u00e7\u00e3o de quem est\u00e1 em situa\u00e7\u00e3o de vulnerabilidade. Com apoio de voc\u00eas e todos os poderes constitu\u00eddos colocamos Goi\u00e1s no topo\u201d, garantiu Gracinha Caiado, lembrando pesquisas nacionais que mostram que o Estado \u00e9 o segundo no pa\u00eds que mais reduziu o \u00edndice de pobreza.<\/p>\n\n\n\n<p>Ao citar n\u00fameros do setor social, como 160 mil pessoas beneficiadas no M\u00e3es de Goi\u00e1s e 53 mil fam\u00edlias, no Aluguel Social, a primeira-dama afirmou que os dados mostram o resultado de um trabalho feito com os gestores municipais, independente de sigla partid\u00e1ria. \u201c\u00c9 a prova de que o Goi\u00e1s Social funciona, que mudou a hist\u00f3ria socioassistencial do Estado, com transforma\u00e7\u00f5es reais na vida de muitas pessoas, gerando emprego e oportunidades como n\u00e3o acontecia h\u00e1 muito tempo\u201d, disse Gracinha Caiado.<\/p>\n\n\n\n<p>A edi\u00e7\u00e3o de 2024 do encontro repetiu o sucesso do ano passado, com a participa\u00e7\u00e3o de mais de mil pessoas, entre primeiras-damas, prefeitas, prefeitos, gestores e trabalhadores de assist\u00eancia social de 200 munic\u00edpios. A parceria foi ressaltada pelos representantes das cidades. \u201cIsso permite que os benef\u00edcios cheguem a todos as pessoas, sem distin\u00e7\u00e3o, levando o que h\u00e1 de melhor \u00e0 nossa popula\u00e7\u00e3o\u201d, destacou Fl\u00e1via Rios, primeira-dama de Aragoi\u00e2nia.<\/p>\n\n\n\n<p>\u201cTemos uma gest\u00e3o que \u00e9 instrumento de transforma\u00e7\u00e3o de vidas. \u00c9ramos \u00f3rf\u00e3os do Estado de Goi\u00e1s e depois que o governador chegou junto com Gracinha Caiado, temos tido bastante aten\u00e7\u00e3o. Os dois juntos levam dignidade, esperan\u00e7a e oportunidade de dias melhores\u201d, garantiu a prefeita de S\u00e3o Jo\u00e3o d&#8217;Alian\u00e7a, D\u00e9bora Domingues.<\/p>\n\n\n\n<p>O encontro \u00e9 uma forma de celebrar o trabalho promovido na \u00e1rea social por meio da Ger\u00eancia Social, grupo criado no \u00e2mbito da OVG para desenvolver uma s\u00e9rie de servi\u00e7os e produtos junto aos munic\u00edpios. \u201cEssa unidade que constru\u00edmos, discutindo pol\u00edtica social e de inclus\u00e3o social, oportuniza dignidade e autossufici\u00eancia \u00e0s pessoas. Estamos combatendo e trabalhando para superar situa\u00e7\u00f5es de precariedade, n\u00e3o s\u00f3 oferecendo um cart\u00e3o, mas ferramentas para que possam ampliar sua renda. \u00c9 isso que faz com que Goi\u00e1s melhore seus \u00edndices e ofere\u00e7a mais qualidade de vida\u201d, destacou o governador Ronaldo Caiado.<\/p>\n\n\n\n<p>O vice-governador Daniel Vilela refor\u00e7ou que o trabalho do Estado em parceria com os munic\u00edpios \u00e9 fundamental para ampliar os instrumentos de assist\u00eancia em todo o territ\u00f3rio goiano. \u201cH\u00e1 muito tempo n\u00e3o se via uma primeira-dama t\u00e3o atuante, t\u00e3o dedicada nessa integra\u00e7\u00e3o, nessa interlocu\u00e7\u00e3o com os munic\u00edpios. Goi\u00e1s, hoje, conta com a maior rede de prote\u00e7\u00e3o social do Brasil\u201d, afirmou.<\/p>\n\n\n\n<p>A diretora-geral da OVG, Adryanna Caiado, lembrou que desde o in\u00edcio da pandemia da Covid-19, em mar\u00e7o de 2020, o Gabinete de Pol\u00edticas Sociais, a OVG e a Secretaria de Desenvolvimento Social (Seds) estabeleceram um contato direto com primeiras-damas e gestores sociais de todos os 246 munic\u00edpios de Goi\u00e1s. \u201cEstamos aprimorando nossas capacita\u00e7\u00f5es, contribuindo com os munic\u00edpios na gest\u00e3o social de um modo geral. Quanto mais forte for a nossa parceria, mais pessoas ser\u00e3o beneficiadas \u201d, refor\u00e7ou.<\/p>\n\n\n\n<p><\/p>\n\n\n\n<p><strong>Secretaria de Comunica\u00e7\u00e3o &#8211; Governo de Goi\u00e1s<\/strong><\/p>\n","protected":false},"excerpt":{"rendered":"<p>Primeira-dama e coordenadora do Goi\u00e1s Social, acompanhada do governador, preside 3\u00ba Encontro de Primeiras-damas, que reuniu mais de mil lideran\u00e7as de 200 munic\u00edpios<\/p>\n","protected":false},"author":4,"featured_media":21088,"comment_status":"closed","ping_status":"closed","sticky":false,"template":"","format":"standard","meta":{"_acf_changed":false,"footnotes":""},"categories":[1],"tags":[],"class_list":["post-21087","post","type-post","status-publish","format-standard","has-post-thumbnail","hentry","category-noticias-ovg"],"acf":[],"_links":{"self":[{"href":"https:\/\/www.ovg.org.br\/site\/index.php?rest_route=\/wp\/v2\/posts\/21087","targetHints":{"allow":["GET"]}}],"collection":[{"href":"https:\/\/www.ovg.org.br\/site\/index.php?rest_route=\/wp\/v2\/posts"}],"about":[{"href":"https:\/\/www.ovg.org.br\/site\/index.php?rest_route=\/wp\/v2\/types\/post"}],"author":[{"embeddable":true,"href":"https:\/\/www.ovg.org.br\/site\/index.php?rest_route=\/wp\/v2\/users\/4"}],"replies":[{"embeddable":true,"href":"https:\/\/www.ovg.org.br\/site\/index.php?rest_route=%2Fwp%2Fv2%2Fcomments&post=21087"}],"version-history":[{"count":2,"href":"https:\/\/www.ovg.org.br\/site\/index.php?rest_route=\/wp\/v2\/posts\/21087\/revisions"}],"predecessor-version":[{"id":21090,"href":"https:\/\/www.ovg.org.br\/site\/index.php?rest_route=\/wp\/v2\/posts\/21087\/revisions\/21090"}],"wp:featuredmedia":[{"embeddable":true,"href":"https:\/\/www.ovg.org.br\/site\/index.php?rest_route=\/wp\/v2\/media\/21088"}],"wp:attachment":[{"href":"https:\/\/www.ovg.org.br\/site\/index.php?rest_route=%2Fwp%2Fv2%2Fmedia&parent=21087"}],"wp:term":[{"taxonomy":"category","embeddable":true,"href":"https:\/\/www.ovg.org.br\/site\/index.php?rest_route=%2Fwp%2Fv2%2Fcategories&post=21087"},{"taxonomy":"post_tag","embeddable":true,"href":"https:\/\/www.ovg.org.br\/site\/index.php?rest_route=%2Fwp%2Fv2%2Ftags&post=21087"}],"curies":[{"name":"wp","href":"https:\/\/api.w.org\/{rel}","templated":true}]}}