{"id":21282,"date":"2024-04-29T10:44:14","date_gmt":"2024-04-29T13:44:14","guid":{"rendered":"https:\/\/www.ovg.org.br\/site\/?p=21282"},"modified":"2024-04-29T10:44:47","modified_gmt":"2024-04-29T13:44:47","slug":"goias-social-jovens-dos-programas-da-juventude-da-ovg-recebem-credito-social-e-bolsa-qualificacao","status":"publish","type":"post","link":"https:\/\/www.ovg.org.br\/site\/?p=21282","title":{"rendered":"Jovens dos programas da Juventude da OVG recebem Cr\u00e9dito Social e Bolsa Qualifica\u00e7\u00e3o"},"content":{"rendered":"\n<p><strong>Elis\u00e2ngela Vieira<\/strong><\/p>\n\n\n\n<p>Noventa benefici\u00e1rios dos Programas da Juventude da Organiza\u00e7\u00e3o das Volunt\u00e1rias de Goi\u00e1s (OVG) receberam, na manh\u00e3 deste s\u00e1bado (27\/4), cart\u00f5es do Cr\u00e9dito Social e da Bolsa Qualifica\u00e7\u00e3o, iniciativas do Goi\u00e1s Social. Ainda foram entregues 162 certificados de conclus\u00e3o de cursos gratuitos ofertados pelo Col\u00e9gio Tecnol\u00f3gico (Cotec) em parceria com a OVG. As entregas ocorreram durante a II Reuni\u00e3o da Fam\u00edlia do Centro da Juventude Tecendo o Futuro, na regi\u00e3o Leste de Goi\u00e2nia.<\/p>\n\n\n\n<p>As qualifica\u00e7\u00f5es foram voltadas a benefici\u00e1rios do Centro da Juventude Tecendo o Futuro e programas Universit\u00e1rio do Bem (ProBem) e Meninas de Luz, que fizeram cursos de ingl\u00eas b\u00e1sico, marketing digital, servi\u00e7os de beleza e inform\u00e1tica b\u00e1sica, com carga de 40 horas.<\/p>\n\n\n\n<p>A presidente de honra da OVG e coordenadora do Goi\u00e1s Social, primeira-dama Gracinha Caiado, lembra que o Cr\u00e9dito Social estimula o empreendedorismo na popula\u00e7\u00e3o mais vulner\u00e1vel, que tem vontade de aprender uma nova profiss\u00e3o e empreender. \u201cA pol\u00edtica social mais efetiva \u00e9 aquela que possibilita uma verdadeira travessia, uma porta de sa\u00edda da pobreza. Trabalhamos para que as fam\u00edlias goianas tenham dignidade e autonomia e possam ter a oportunidade de um futuro melhor\u201d, afirma.<\/p>\n\n\n\n<p>O Cr\u00e9dito Social garante o repasse de at\u00e9 R$ 5 mil aos alunos que atendem os requisitos do Cad\u00danico para a compra de insumos e ferramentas na \u00e1rea da capacita\u00e7\u00e3o. O valor n\u00e3o precisa ser devolvido ao Estado, mas o benefici\u00e1rio deve realizar alguma contrapartida social na regi\u00e3o onde mora e na \u00e1rea do curso conclu\u00eddo. J\u00e1 a Bolsa Qualifica\u00e7\u00e3o de R$ 250 por m\u00eas \u00e9 concedida com o objetivo de evitar a evas\u00e3o escolar e estimular a conclus\u00e3o de cursos de capacita\u00e7\u00e3o e qualifica\u00e7\u00e3o.<\/p>\n\n\n\n<p><strong>Futuro<\/strong><br>A vontade de garantir um futuro melhor para a fam\u00edlia levou Raika Ramalho de Jesus, 17 anos, a se inscrever no Centro da Juventude Tecendo o Futuro e participar dos cursos de qualifica\u00e7\u00e3o profissional. \u201cEstou orgulhosa de mim. Vou me tornar uma empreendedora e trabalhar muito para melhorar minha vida\u201d, comemora.<\/p>\n\n\n\n<p>A diretora-geral da OVG, Adryanna Melo Caiado, frisa que o Centro foi pensado para oferecer seguran\u00e7a, conforto e dignidade a adolescentes e jovens em situa\u00e7\u00e3o de vulnerabilidade social. E o mais importante: prepar\u00e1-los para o mercado de trabalho. \u201cAgrade\u00e7o muito ao Cotec e \u00e0 Retomada. A parceria de voc\u00eas faz a diferen\u00e7a na vida dos nossos jovens\u201d, conclui.<\/p>\n\n\n\n<p>\u201cEsses jovens t\u00eam agora duas portas de sa\u00edda da vulnerabilidade. Podem pegar o cr\u00e9dito social e empreender na \u00e1rea de conhecimento ou buscar uma vaga no mercado de trabalho formal. Temos mais de 4 mil vagas abertas em todo o estado procurando pessoas capacitadas como eles est\u00e3o agora\u201d, orienta o secret\u00e1rio de estado da Retomada, C\u00e9sar Moura.<\/p>\n\n\n\n<p><strong>Organiza\u00e7\u00e3o das Volunt\u00e1rias de Goi\u00e1s \u2013 Governo de Goi\u00e1s<\/strong><\/p>\n","protected":false},"excerpt":{"rendered":"<p>90 benefici\u00e1rios foram contemplados. Tamb\u00e9m foram entregues 162 certificados de conclus\u00e3o de cursos gratuitos ofertados em uma parceria da OVG com o Col\u00e9gio Tecnol\u00f3gico<\/p>\n","protected":false},"author":8,"featured_media":21283,"comment_status":"closed","ping_status":"closed","sticky":false,"template":"","format":"standard","meta":{"_acf_changed":false,"footnotes":""},"categories":[1],"tags":[],"class_list":["post-21282","post","type-post","status-publish","format-standard","has-post-thumbnail","hentry","category-noticias-ovg"],"acf":[],"_links":{"self":[{"href":"https:\/\/www.ovg.org.br\/site\/index.php?rest_route=\/wp\/v2\/posts\/21282","targetHints":{"allow":["GET"]}}],"collection":[{"href":"https:\/\/www.ovg.org.br\/site\/index.php?rest_route=\/wp\/v2\/posts"}],"about":[{"href":"https:\/\/www.ovg.org.br\/site\/index.php?rest_route=\/wp\/v2\/types\/post"}],"author":[{"embeddable":true,"href":"https:\/\/www.ovg.org.br\/site\/index.php?rest_route=\/wp\/v2\/users\/8"}],"replies":[{"embeddable":true,"href":"https:\/\/www.ovg.org.br\/site\/index.php?rest_route=%2Fwp%2Fv2%2Fcomments&post=21282"}],"version-history":[{"count":2,"href":"https:\/\/www.ovg.org.br\/site\/index.php?rest_route=\/wp\/v2\/posts\/21282\/revisions"}],"predecessor-version":[{"id":21285,"href":"https:\/\/www.ovg.org.br\/site\/index.php?rest_route=\/wp\/v2\/posts\/21282\/revisions\/21285"}],"wp:featuredmedia":[{"embeddable":true,"href":"https:\/\/www.ovg.org.br\/site\/index.php?rest_route=\/wp\/v2\/media\/21283"}],"wp:attachment":[{"href":"https:\/\/www.ovg.org.br\/site\/index.php?rest_route=%2Fwp%2Fv2%2Fmedia&parent=21282"}],"wp:term":[{"taxonomy":"category","embeddable":true,"href":"https:\/\/www.ovg.org.br\/site\/index.php?rest_route=%2Fwp%2Fv2%2Fcategories&post=21282"},{"taxonomy":"post_tag","embeddable":true,"href":"https:\/\/www.ovg.org.br\/site\/index.php?rest_route=%2Fwp%2Fv2%2Ftags&post=21282"}],"curies":[{"name":"wp","href":"https:\/\/api.w.org\/{rel}","templated":true}]}}