{"id":21487,"date":"2024-05-15T15:30:44","date_gmt":"2024-05-15T18:30:44","guid":{"rendered":"https:\/\/www.ovg.org.br\/site\/?p=21487"},"modified":"2024-05-15T15:30:45","modified_gmt":"2024-05-15T18:30:45","slug":"goias-social-e-ovg-iniciam-doacao-de-cobertores-diretamente-a-populacao-em-goiania","status":"publish","type":"post","link":"https:\/\/www.ovg.org.br\/site\/?p=21487","title":{"rendered":"Goi\u00e1s Social e OVG iniciam doa\u00e7\u00e3o de cobertores diretamente \u00e0 popula\u00e7\u00e3o, em Goi\u00e2nia"},"content":{"rendered":"\n<p><strong>Lucas Dellamare<\/strong><\/p>\n\n\n\n<p>Com a expectativa de queda nas temperaturas nos pr\u00f3ximos dias, o Goi\u00e1s Social e a Organiza\u00e7\u00e3o das Volunt\u00e1rias de Goi\u00e1s (OVG) deram in\u00edcio \u00e0 distribui\u00e7\u00e3o de cobertores a pessoas em situa\u00e7\u00e3o de rua e a fam\u00edlias em extrema vulnerabilidade que vivem na capital, nesta ter\u00e7a-feira (14\/05). A a\u00e7\u00e3o, que faz parte da Campanha Aquecendo Vidas, iniciativa do Governo de Goi\u00e1s que se antecipa aos dias mais frios do ano, levou os cobertores diretamente a quem precisa, numa mobiliza\u00e7\u00e3o que percorreu diversos bairros de Goi\u00e2nia. Tamb\u00e9m foram entregues mais de 300 kits com frutas in atura e desidratadas.<\/p>\n\n\n\n<p>\u201cEu costumo dizer que essa for\u00e7a tarefa que montamos todos os anos em Goi\u00e1s deveria ser exemplo para todo o pa\u00eds. Como o governador Ronaldo Caiado sempre diz, n\u00e3o podemos esperar o frio chegar para levar socorro a tantas pessoas que precisam. Com a Campanha Aquecendo Vidas, conseguimos nos antecipar \u00e0s quedas de temperatura e levar aconchego para que as fam\u00edlias goianas se protejam das baixas temperaturas\u201d, frisou a presidente de honra da OVG e coordenadora do Goi\u00e1s Social, primeira-dama Gracinha Caiado, que comanda a a\u00e7\u00e3o.<\/p>\n\n\n\n<p>Nesta primeira a\u00e7\u00e3o, o Goi\u00e1s Social e a OVG beneficiaram cerca de 410 pessoas. Entre elas, Maria Francisca da Concei\u00e7\u00e3o, de 47 anos. \u201cEu gostei muito de ganhar esse cobertor. Com o frio chegando, vai ajudar muito! Eu adorei!\u201d, pontuou.<\/p>\n\n\n\n<p><strong>Campanha<br><\/strong>Em 2024, 87,5 mil cobertores ser\u00e3o distribu\u00eddos a fam\u00edlias em vulnerabilidade, institui\u00e7\u00f5es sociais e a pessoas em situa\u00e7\u00e3o de rua de todos os 246 munic\u00edpios goianos. Desde 2019, o total doado pelo Governo de Goi\u00e1s foi de cerca de 365 mil cobertores, todos adquiridos com recursos do Estado.<\/p>\n\n\n\n<p>\u201cMais uma vez, nossa campanha chega a todos os munic\u00edpios goianos, sempre em parceria com as prefeituras e suas equipes de assist\u00eancia social. Essa parceria garante que os cobertores sejam entregues \u00e0quelas fam\u00edlias que realmente mais precisam em todo o estado\u201d, assegurou Gracinha Caiado.<\/p>\n\n\n\n<p><strong>Arrecada\u00e7\u00e3o<br><\/strong>Al\u00e9m da distribui\u00e7\u00e3o dos cobertores, a OVG e o Goi\u00e1s Social tamb\u00e9m arrecadam agasalhos novos e usados, em bom estado de conserva\u00e7\u00e3o, em diversos pontos de coleta espalhados por Goi\u00e2nia. Antes de doados, os donativos ser\u00e3o selecionados, higienizados e destinados a entidades sociais, fam\u00edlias vulner\u00e1veis, pessoas em situa\u00e7\u00e3o de rua e refugiados.<\/p>\n\n\n\n<p>Neste ano, as doa\u00e7\u00f5es podem ser entregues at\u00e9 o dia 29 de maio. As pessoas interessadas em ajudar podem acessar os endere\u00e7os dos pontos de coleta no site da OVG (ovg.org.br) ou entregar as doa\u00e7\u00f5es diretamente na sede da Organiza\u00e7\u00e3o, na Avenida T-14, no Setor Bueno.<\/p>\n\n\n\n<p><strong>Organiza\u00e7\u00e3o das Volunt\u00e1rias de Goi\u00e1s \u2013 Governo de Goi\u00e1s<\/strong><\/p>\n","protected":false},"excerpt":{"rendered":"<p>A\u00e7\u00e3o percorreu bairros da capital e distribuiu cobertores a pessoas em situa\u00e7\u00e3o de rua e a fam\u00edlias em extrema vulnerabilidade. A iniciativa faz parte da Campanha Aquecendo Vidas, que se antecipa aos dias mais frios do ano<\/p>\n","protected":false},"author":8,"featured_media":21488,"comment_status":"closed","ping_status":"closed","sticky":false,"template":"","format":"standard","meta":{"_acf_changed":false,"footnotes":""},"categories":[1],"tags":[],"class_list":["post-21487","post","type-post","status-publish","format-standard","has-post-thumbnail","hentry","category-noticias-ovg"],"acf":[],"_links":{"self":[{"href":"https:\/\/www.ovg.org.br\/site\/index.php?rest_route=\/wp\/v2\/posts\/21487","targetHints":{"allow":["GET"]}}],"collection":[{"href":"https:\/\/www.ovg.org.br\/site\/index.php?rest_route=\/wp\/v2\/posts"}],"about":[{"href":"https:\/\/www.ovg.org.br\/site\/index.php?rest_route=\/wp\/v2\/types\/post"}],"author":[{"embeddable":true,"href":"https:\/\/www.ovg.org.br\/site\/index.php?rest_route=\/wp\/v2\/users\/8"}],"replies":[{"embeddable":true,"href":"https:\/\/www.ovg.org.br\/site\/index.php?rest_route=%2Fwp%2Fv2%2Fcomments&post=21487"}],"version-history":[{"count":1,"href":"https:\/\/www.ovg.org.br\/site\/index.php?rest_route=\/wp\/v2\/posts\/21487\/revisions"}],"predecessor-version":[{"id":21489,"href":"https:\/\/www.ovg.org.br\/site\/index.php?rest_route=\/wp\/v2\/posts\/21487\/revisions\/21489"}],"wp:featuredmedia":[{"embeddable":true,"href":"https:\/\/www.ovg.org.br\/site\/index.php?rest_route=\/wp\/v2\/media\/21488"}],"wp:attachment":[{"href":"https:\/\/www.ovg.org.br\/site\/index.php?rest_route=%2Fwp%2Fv2%2Fmedia&parent=21487"}],"wp:term":[{"taxonomy":"category","embeddable":true,"href":"https:\/\/www.ovg.org.br\/site\/index.php?rest_route=%2Fwp%2Fv2%2Fcategories&post=21487"},{"taxonomy":"post_tag","embeddable":true,"href":"https:\/\/www.ovg.org.br\/site\/index.php?rest_route=%2Fwp%2Fv2%2Ftags&post=21487"}],"curies":[{"name":"wp","href":"https:\/\/api.w.org\/{rel}","templated":true}]}}